{"id":64543,"date":"2023-04-10T11:00:00","date_gmt":"2023-04-10T09:00:00","guid":{"rendered":"http:\/\/www.manquepierda.com\/historiarealbetis\/?p=64543"},"modified":"2023-03-16T10:28:59","modified_gmt":"2023-03-16T09:28:59","slug":"hoy-hace-100-anos","status":"publish","type":"post","link":"https:\/\/www.manquepierda.com\/historiarealbetis\/hoy-hace-100-anos\/","title":{"rendered":"Hoy hace 105 a\u00f1os. Nace Tom\u00e1s Muruaga."},"content":{"rendered":"<p><a href=\"https:\/\/i0.wp.com\/www.manquepierda.com\/historiarealbetis\/files\/2018\/04\/10-1918-Nace-Tom%C3%A1s-Muruaga.jpg?ssl=1\"><img data-recalc-dims=\"1\" loading=\"lazy\" decoding=\"async\" class=\"aligncenter size-full wp-image-64544\" src=\"https:\/\/i0.wp.com\/www.manquepierda.com\/historiarealbetis\/files\/2018\/04\/10-1918-Nace-Tom%C3%A1s-Muruaga.jpg?resize=238%2C309&#038;ssl=1\" alt=\"\" width=\"238\" height=\"309\" srcset=\"https:\/\/i0.wp.com\/www.manquepierda.com\/historiarealbetis\/files\/2018\/04\/10-1918-Nace-Tom%C3%A1s-Muruaga.jpg?w=238&amp;ssl=1 238w, https:\/\/i0.wp.com\/www.manquepierda.com\/historiarealbetis\/files\/2018\/04\/10-1918-Nace-Tom%C3%A1s-Muruaga.jpg?resize=169%2C220&amp;ssl=1 169w\" sizes=\"auto, (max-width: 238px) 100vw, 238px\" \/><\/a><\/p>\n<p><span style=\"color: #008000\">El 10 de abril de 1918 nace en Sestao (Vizcaya) Tom\u00e1s Muruaga Elortegui, quien fuera jugador del Real Betis Balompi\u00e9 entre los a\u00f1os 1942 y 1943.<\/span><\/p>\n<p><span style=\"color: #008000\">Delantero centro que lleg\u00f3 procedente del Sabadell con la dif\u00edcil misi\u00f3n de cubrir la baja de Paquirri, y que, sin llegar a la altura de \u00e9ste, no lo hizo mal en su periodo verdiblanco.<\/span><\/p>\n<p><span style=\"color: #008000\">Para saber m\u00e1s de su trayectoria ver <a href=\"https:\/\/www.manquepierda.com\/historiarealbetis\/tomas-muruaga\/\"><strong>aqu\u00ed.<\/strong>&nbsp; &nbsp;&nbsp;<\/a><\/span><\/p>\n","protected":false},"excerpt":{"rendered":"<p>El 10 de abril de 1918 nace en Sestao (Vizcaya) Tom\u00e1s Muruaga Elortegui, quien fuera jugador del Real Betis Balompi\u00e9 entre los a\u00f1os 1942 y 1943. Delantero centro que lleg\u00f3 procedente del Sabadell con la dif\u00edcil misi\u00f3n de cubrir la baja de Paquirri, y que, sin llegar a la altura de \u00e9ste, no lo hizo&#8230;<\/p>\n","protected":false},"author":5,"featured_media":64544,"comment_status":"open","ping_status":"open","sticky":false,"template":"","format":"standard","meta":{"_kad_post_transparent":"","_kad_post_title":"","_kad_post_layout":"","_kad_post_sidebar_id":"","_kad_post_content_style":"","_kad_post_vertical_padding":"","_kad_post_feature":"","_kad_post_feature_position":"","_kad_post_header":false,"_kad_post_footer":false,"_kad_post_classname":"","_jetpack_memberships_contains_paid_content":false,"footnotes":"","jetpack_publicize_message":"","jetpack_publicize_feature_enabled":true,"jetpack_social_post_already_shared":true,"jetpack_social_options":{"image_generator_settings":{"template":"highway","default_image_id":0,"font":"","enabled":false},"version":2}},"categories":[896,14583,1],"tags":[822],"class_list":["post-64543","post","type-post","status-publish","format-standard","has-post-thumbnail","hentry","category-1908-1919","category-efemerides","category-portada","tag-tomas-muruaga"],"jetpack_publicize_connections":[],"jetpack_featured_media_url":"https:\/\/i0.wp.com\/www.manquepierda.com\/historiarealbetis\/files\/2018\/04\/10-1918-Nace-Tom%C3%A1s-Muruaga.jpg?fit=238%2C309&ssl=1","jetpack_sharing_enabled":true,"jetpack_shortlink":"https:\/\/wp.me\/p1ij08-gN1","jetpack-related-posts":[],"_links":{"self":[{"href":"https:\/\/www.manquepierda.com\/historiarealbetis\/wp-json\/wp\/v2\/posts\/64543","targetHints":{"allow":["GET"]}}],"collection":[{"href":"https:\/\/www.manquepierda.com\/historiarealbetis\/wp-json\/wp\/v2\/posts"}],"about":[{"href":"https:\/\/www.manquepierda.com\/historiarealbetis\/wp-json\/wp\/v2\/types\/post"}],"author":[{"embeddable":true,"href":"https:\/\/www.manquepierda.com\/historiarealbetis\/wp-json\/wp\/v2\/users\/5"}],"replies":[{"embeddable":true,"href":"https:\/\/www.manquepierda.com\/historiarealbetis\/wp-json\/wp\/v2\/comments?post=64543"}],"version-history":[{"count":1,"href":"https:\/\/www.manquepierda.com\/historiarealbetis\/wp-json\/wp\/v2\/posts\/64543\/revisions"}],"predecessor-version":[{"id":88320,"href":"https:\/\/www.manquepierda.com\/historiarealbetis\/wp-json\/wp\/v2\/posts\/64543\/revisions\/88320"}],"wp:featuredmedia":[{"embeddable":true,"href":"https:\/\/www.manquepierda.com\/historiarealbetis\/wp-json\/wp\/v2\/media\/64544"}],"wp:attachment":[{"href":"https:\/\/www.manquepierda.com\/historiarealbetis\/wp-json\/wp\/v2\/media?parent=64543"}],"wp:term":[{"taxonomy":"category","embeddable":true,"href":"https:\/\/www.manquepierda.com\/historiarealbetis\/wp-json\/wp\/v2\/categories?post=64543"},{"taxonomy":"post_tag","embeddable":true,"href":"https:\/\/www.manquepierda.com\/historiarealbetis\/wp-json\/wp\/v2\/tags?post=64543"}],"curies":[{"name":"wp","href":"https:\/\/api.w.org\/{rel}","templated":true}]}}