{"id":64620,"date":"2018-04-18T07:46:51","date_gmt":"2018-04-18T05:46:51","guid":{"rendered":"http:\/\/www.manquepierda.com\/historiarealbetis\/?p=64620"},"modified":"2024-09-07T11:39:36","modified_gmt":"2024-09-07T09:39:36","slug":"betis-las-palmas-liga-1980","status":"publish","type":"post","link":"https:\/\/www.manquepierda.com\/historiarealbetis\/betis-las-palmas-liga-1980\/","title":{"rendered":"Betis-Las Palmas Liga 1980"},"content":{"rendered":"<p><a href=\"https:\/\/i0.wp.com\/www.manquepierda.com\/historiarealbetis\/files\/2018\/04\/Betis-Las-Palmas-Liga-1980.jpg?ssl=1\"><img data-recalc-dims=\"1\" loading=\"lazy\" decoding=\"async\" class=\"aligncenter size-full wp-image-64621\" src=\"https:\/\/i0.wp.com\/www.manquepierda.com\/historiarealbetis\/files\/2018\/04\/Betis-Las-Palmas-Liga-1980.jpg?resize=644%2C361&#038;ssl=1\" alt=\"\" width=\"644\" height=\"361\" srcset=\"https:\/\/i0.wp.com\/www.manquepierda.com\/historiarealbetis\/files\/2018\/04\/Betis-Las-Palmas-Liga-1980.jpg?w=644&amp;ssl=1 644w, https:\/\/i0.wp.com\/www.manquepierda.com\/historiarealbetis\/files\/2018\/04\/Betis-Las-Palmas-Liga-1980.jpg?resize=220%2C123&amp;ssl=1 220w\" sizes=\"auto, (max-width: 644px) 100vw, 644px\" \/><\/a><\/p>\n<p>28 de septiembre de 1980 en el S\u00e1nchez Pizju\u00e1n Betis 4 Las Palmas 1; jornada 4 del Campeonato de Liga de Primera Divisi\u00f3n.<\/p>\n<p>En la imagen Carlos Diarte es felicitado por Javier L\u00f3pez, Enrique Mor\u00e1n y Rafael Gordillo despu\u00e9s de obtener el cuarto tanto de la victoria verdiblanca sobre el equipo canario.<\/p>\n<p>Los amarillos se adelantaron con un gol de Juani en el minuto 25, pero Biosca en el 35, Diarte en el 67, Segundo en el 73 y de nuevo Diarte en el 82 resolvieron el partido disputado en el S\u00e1nchez Pizju\u00e1n al estar en Villamar\u00edn en obras por la remodelaci\u00f3n efectuada para el Mundial de 1982.<\/p>\n<p>Luis Carriega entrenaba al Betis y Antonio Ruiz a Las Palmas.<\/p>\n","protected":false},"excerpt":{"rendered":"<p>28 de septiembre de 1980 en el S\u00e1nchez Pizju\u00e1n Betis 4 Las Palmas 1; jornada 4 del Campeonato de Liga de Primera Divisi\u00f3n. En la imagen Carlos Diarte es felicitado por Javier L\u00f3pez, Enrique Mor\u00e1n y Rafael Gordillo despu\u00e9s de obtener el cuarto tanto de la victoria verdiblanca sobre el equipo canario. Los amarillos se&#8230;<\/p>\n","protected":false},"author":5,"featured_media":64621,"comment_status":"open","ping_status":"open","sticky":false,"template":"","format":"standard","meta":{"_kad_post_transparent":"","_kad_post_title":"","_kad_post_layout":"","_kad_post_sidebar_id":"","_kad_post_content_style":"","_kad_post_vertical_padding":"","_kad_post_feature":"","_kad_post_feature_position":"","_kad_post_header":false,"_kad_post_footer":false,"_kad_post_classname":"","_jetpack_memberships_contains_paid_content":false,"footnotes":"","jetpack_publicize_message":"","jetpack_publicize_feature_enabled":true,"jetpack_social_post_already_shared":true,"jetpack_social_options":{"image_generator_settings":{"template":"highway","default_image_id":0,"font":"","enabled":false},"version":2}},"categories":[904,1],"tags":[1093,2291,1009,1446,1178,17860,1305,1327],"class_list":["post-64620","post","type-post","status-publish","format-standard","has-post-thumbnail","hentry","category-1980-1989","category-portada","tag-1093","tag-1980-81","tag-carlos-diarte","tag-enrique-moran","tag-javier-lopez","tag-liga-primera-1980-81","tag-rafael-gordillo","tag-ud-las-palmas"],"jetpack_publicize_connections":[],"jetpack_featured_media_url":"https:\/\/i0.wp.com\/www.manquepierda.com\/historiarealbetis\/files\/2018\/04\/Betis-Las-Palmas-Liga-1980.jpg?fit=644%2C361&ssl=1","jetpack_sharing_enabled":true,"jetpack_shortlink":"https:\/\/wp.me\/p1ij08-gOg","jetpack-related-posts":[],"_links":{"self":[{"href":"https:\/\/www.manquepierda.com\/historiarealbetis\/wp-json\/wp\/v2\/posts\/64620","targetHints":{"allow":["GET"]}}],"collection":[{"href":"https:\/\/www.manquepierda.com\/historiarealbetis\/wp-json\/wp\/v2\/posts"}],"about":[{"href":"https:\/\/www.manquepierda.com\/historiarealbetis\/wp-json\/wp\/v2\/types\/post"}],"author":[{"embeddable":true,"href":"https:\/\/www.manquepierda.com\/historiarealbetis\/wp-json\/wp\/v2\/users\/5"}],"replies":[{"embeddable":true,"href":"https:\/\/www.manquepierda.com\/historiarealbetis\/wp-json\/wp\/v2\/comments?post=64620"}],"version-history":[{"count":1,"href":"https:\/\/www.manquepierda.com\/historiarealbetis\/wp-json\/wp\/v2\/posts\/64620\/revisions"}],"predecessor-version":[{"id":98716,"href":"https:\/\/www.manquepierda.com\/historiarealbetis\/wp-json\/wp\/v2\/posts\/64620\/revisions\/98716"}],"wp:featuredmedia":[{"embeddable":true,"href":"https:\/\/www.manquepierda.com\/historiarealbetis\/wp-json\/wp\/v2\/media\/64621"}],"wp:attachment":[{"href":"https:\/\/www.manquepierda.com\/historiarealbetis\/wp-json\/wp\/v2\/media?parent=64620"}],"wp:term":[{"taxonomy":"category","embeddable":true,"href":"https:\/\/www.manquepierda.com\/historiarealbetis\/wp-json\/wp\/v2\/categories?post=64620"},{"taxonomy":"post_tag","embeddable":true,"href":"https:\/\/www.manquepierda.com\/historiarealbetis\/wp-json\/wp\/v2\/tags?post=64620"}],"curies":[{"name":"wp","href":"https:\/\/api.w.org\/{rel}","templated":true}]}}