{"id":64628,"date":"2018-04-16T07:45:34","date_gmt":"2018-04-16T05:45:34","guid":{"rendered":"http:\/\/www.manquepierda.com\/historiarealbetis\/?p=64628"},"modified":"2018-04-15T11:09:22","modified_gmt":"2018-04-15T09:09:22","slug":"entrevista-demetrio-oliver-1964","status":"publish","type":"post","link":"https:\/\/www.manquepierda.com\/historiarealbetis\/entrevista-demetrio-oliver-1964\/","title":{"rendered":"Entrevista Demetrio Oliver 1964"},"content":{"rendered":"<p><a href=\"https:\/\/i0.wp.com\/www.manquepierda.com\/historiarealbetis\/files\/2018\/04\/Entrevista-Demetrio-imagen-Oiga-12-05-1964.jpg?ssl=1\"><img data-recalc-dims=\"1\" loading=\"lazy\" decoding=\"async\" class=\"alignleft wp-image-64629 size-full\" src=\"https:\/\/i0.wp.com\/www.manquepierda.com\/historiarealbetis\/files\/2018\/04\/Entrevista-Demetrio-imagen-Oiga-12-05-1964.jpg?resize=303%2C372&#038;ssl=1\" alt=\"\" width=\"303\" height=\"372\" srcset=\"https:\/\/i0.wp.com\/www.manquepierda.com\/historiarealbetis\/files\/2018\/04\/Entrevista-Demetrio-imagen-Oiga-12-05-1964.jpg?w=303&amp;ssl=1 303w, https:\/\/i0.wp.com\/www.manquepierda.com\/historiarealbetis\/files\/2018\/04\/Entrevista-Demetrio-imagen-Oiga-12-05-1964.jpg?resize=179%2C220&amp;ssl=1 179w\" sizes=\"auto, (max-width: 303px) 100vw, 303px\" \/><\/a><\/p>\n<p>Demetrio Oliver fue jugador del Real Betis Balompi\u00e9 entre 1966 y 1970, al que lleg\u00f3 procedente de la prol\u00edfica cantera verdiblanca que en la d\u00e9cada de los 60 surti\u00f3 al primer equipo de la entidad.<\/p>\n<p>Hoy traemos una entrevista publicada en el semanario Oiga en mayo de 1964 cuando Demetrio a\u00fan jugaba en el Estrella Balompi\u00e9 juvenil, uno de los equipos de la cantera b\u00e9tica.<\/p>\n<p>En ella se alude al debut de Quino con el primer equipo, lo que hab\u00eda sucedido en marzo de ese a\u00f1o, y a otros jugadores que llegaron al primer escalaf\u00f3n en esos a\u00f1os. Demetrio era a\u00fan muy joven, s\u00f3lo 16 a\u00f1os, aunque al a\u00f1o siguiente ya jugar\u00eda su primer partido con el Betis, un partido jugado el 26 de mayo en el Villamar\u00edn contra el Atl\u00e9tico Onubense, perteneciente a la Copa S\u00e1nchez Pizju\u00e1n, con victoria por 4 a 1 y con Demetrio como autor del segundo gol.<\/p>\n<p>Hoy en d\u00eda Demetrio Oliver es el presidente de la Asociaci\u00f3n de Ex Jugadores del Real Betis Balompi\u00e9.<\/p>\n<p>&nbsp;<\/p>\n<p><span style=\"color: #008000\"><em>El joven Demetrio es, sin lugar a dudas, el m\u00e1s serio candidato a ocupar el puesto que dejar\u00e1 vacante, por ascenso de categor\u00eda, el ya famoso delantero juvenil del Real Betis, Quino.<\/em><\/span><\/p>\n<p><span style=\"color: #008000\"><em>Maravilloso el encuentro jugado por este juvenil en el campo de la Residencia de los Padres Salesianos. Actuaci\u00f3n extraordinaria la suya por su facilidad rematadora y demostrada clase.<\/em><\/span><\/p>\n<p><span style=\"color: #008000\"><em>&#8211; \u00bfQu\u00e9 edad tiene Demetrio?<\/em><\/span><\/p>\n<p><span style=\"color: #008000\"><em>&#8211; Acabo de cumplir los diecis\u00e9is a\u00f1os<\/em><\/span><\/p>\n<p><span style=\"color: #008000\"><em>&#8211; \u00bfD\u00f3nde comenzaste a jugar?<\/em><\/span><\/p>\n<p><span style=\"color: #008000\"><em>&#8211; En uno de los equipos de los Padres Salesianos de Triana<\/em><\/span><\/p>\n<p><span style=\"color: #008000\"><em>&#8211; \u00bfTuviste alg\u00fan compa\u00f1ero de los que hoy militan en el Betis?<\/em><\/span><\/p>\n<p><span style=\"color: #008000\"><em>&#8211; S\u00ed, Dioni, Quino, Fali, Gerardo y otros<\/em><\/span><\/p>\n<p><span style=\"color: #008000\"><em>&#8211; \u00bfT\u00fa crees que vas camino de ser un gran jugador?<\/em><\/span><\/p>\n<p><span style=\"color: #008000\"><em>&#8211; Yo soy el menos indicado para afirmarlo<\/em><\/span><\/p>\n<p><span style=\"color: #008000\"><em>&#8211; \u00bfEs cierto que en la temporada pasada apenas si jugabas el tiempo reglamentario de un encuentro?<\/em><\/span><\/p>\n<p><span style=\"color: #008000\"><em>&#8211; Lo es. Como jugaba con compa\u00f1eros de mayor corpulencia el se\u00f1or Tejera me alineaba en los segundos tiempos, debido a que no resist\u00eda debidamente. Ahora soy capaz de jugar dos encuentros seguidos<\/em><\/span><\/p>\n<p><span style=\"color: #008000\"><em>&#8211; \u00bfDesde cu\u00e1ndo juegas en el Estrella?<\/em><\/span><\/p>\n<p><span style=\"color: #008000\"><em>&#8211; Pues llegue a \u00e9l a principios de la presente temporada<\/em><\/span><\/p>\n<p><span style=\"color: #008000\"><em>&#8211; \u00bfTe gusta el f\u00fatbol?<\/em><\/span><\/p>\n<p><span style=\"color: #008000\"><em>&#8211; No concibo c\u00f3mo hay quien juega al f\u00fatbol sin gustarle. Tambi\u00e9n me agradan mucho el baloncesto y la nataci\u00f3n, pero el f\u00fatbol lo es todo para m\u00ed<\/em><\/span><\/p>\n<p><span style=\"color: #008000\"><em>&#8211; Esa facilidad, \u00bfla encuentras siempre que juegas?<\/em><\/span><\/p>\n<p><span style=\"color: #008000\"><em>&#8211; Una veces s\u00ed, y otras no. Depende del central que le marque a uno. En las muchas ocasiones que me ha marcado nuestro compa\u00f1ero Dom\u00ednguez me ha resultado m\u00e1s dif\u00edcil que con otros el irme camino del gol. En Quino hay un jugador excepcional. Es dif\u00edcil suplirle, pero si \u00e9l, como todos esperamos, es el pr\u00f3ximo a\u00f1o titular del primer equipo entonces\u00a0 procurar\u00e9 hacerme con la vacante suya para jugar en el juvenil<\/em><\/span><\/p>\n<p><span style=\"color: #008000\"><em>&#8211; \u00bfCu\u00e1l es tu opini\u00f3n sobre estos j\u00f3venes jugadores que ya han conseguido debutar en Primera?<\/em><\/span><\/p>\n<p><span style=\"color: #008000\"><em>&#8211; Pues que es una de las m\u00e1s efectivas soluciones para que el f\u00fatbol siga siendo el deporte rey. Cuando uno est\u00e1 en un equipo en el que los preparadores dan confianza y oportunidades para triunfar, como ocurre en el Betis con los se\u00f1ores Balmanya y Pons, el entusiasmo y deseos de triunfo en nosotros aumenta considerablemente porque ninguno olvidamos que podemos continuar el camino emprendido por los Rogelio, Dioni, Quino, Cruz y otros<\/em><\/span><\/p>\n<p><span style=\"color: #008000\"><em>&#8211; \u00bfT\u00fa crees que el pr\u00f3ximo a\u00f1o tendr\u00e9is un gran equipo juvenil?<\/em><\/span><\/p>\n<p><span style=\"color: #008000\"><em>&#8211; Sin lugar a dudas el mejor de la regi\u00f3n andaluza. Observe que ya comienzan a sonar los nombres de Fali, Mart\u00ednez, Cristo, Julio, Ja\u00e9n y otros muchos<\/em><\/span><\/p>\n<p><span style=\"color: #008000\"><em>&#8211; \u00bfLos mejores equipos de tu categor\u00eda?<\/em><\/span><\/p>\n<p><span style=\"color: #008000\"><em>&#8211; En primer lugar est\u00e1 el Betis por su t\u00e9cnica, preparaci\u00f3n y juego conjuntado, muy superior a los dem\u00e1s. Despu\u00e9s me han gustado mucho el Kimber y el Sevilla<\/em><\/span><\/p>\n<p>&nbsp;<\/p>\n<p><span style=\"color: #008000\"><em>Demetrio Oliver S\u00e1nchez, diecis\u00e9is a\u00f1os, un metro setenta de estatura, nacido en Sevilla, es el juvenil con m\u00e1s posibilidades de ocupar la vacante del internacional juvenil Quino.<\/em><\/span><\/p>\n<p>&nbsp;<\/p>\n<p>&nbsp;<\/p>\n","protected":false},"excerpt":{"rendered":"<p>Demetrio Oliver fue jugador del Real Betis Balompi\u00e9 entre 1966 y 1970, al que lleg\u00f3 procedente de la prol\u00edfica cantera verdiblanca que en la d\u00e9cada de los 60 surti\u00f3 al primer equipo de la entidad. Hoy traemos una entrevista publicada en el semanario Oiga en mayo de 1964 cuando Demetrio a\u00fan jugaba en el Estrella&#8230;<\/p>\n","protected":false},"author":5,"featured_media":64629,"comment_status":"open","ping_status":"open","sticky":false,"template":"","format":"standard","meta":{"_kad_post_transparent":"","_kad_post_title":"","_kad_post_layout":"","_kad_post_sidebar_id":"","_kad_post_content_style":"","_kad_post_vertical_padding":"","_kad_post_feature":"","_kad_post_feature_position":"","_kad_post_header":false,"_kad_post_footer":false,"_kad_post_classname":"","_jetpack_memberships_contains_paid_content":false,"footnotes":"","jetpack_publicize_message":"","jetpack_publicize_feature_enabled":true,"jetpack_social_post_already_shared":true,"jetpack_social_options":{"image_generator_settings":{"template":"highway","default_image_id":0,"font":"","enabled":false},"version":2}},"categories":[902,893,1],"tags":[4033,2311],"class_list":["post-64628","post","type-post","status-publish","format-standard","has-post-thumbnail","hentry","category-1960-1969","category-jugadores-temas","category-portada","tag-4033","tag-demetrio-oliver"],"jetpack_publicize_connections":[],"jetpack_featured_media_url":"https:\/\/i0.wp.com\/www.manquepierda.com\/historiarealbetis\/files\/2018\/04\/Entrevista-Demetrio-imagen-Oiga-12-05-1964.jpg?fit=303%2C372&ssl=1","jetpack_sharing_enabled":true,"jetpack_shortlink":"https:\/\/wp.me\/p1ij08-gOo","jetpack-related-posts":[],"_links":{"self":[{"href":"https:\/\/www.manquepierda.com\/historiarealbetis\/wp-json\/wp\/v2\/posts\/64628","targetHints":{"allow":["GET"]}}],"collection":[{"href":"https:\/\/www.manquepierda.com\/historiarealbetis\/wp-json\/wp\/v2\/posts"}],"about":[{"href":"https:\/\/www.manquepierda.com\/historiarealbetis\/wp-json\/wp\/v2\/types\/post"}],"author":[{"embeddable":true,"href":"https:\/\/www.manquepierda.com\/historiarealbetis\/wp-json\/wp\/v2\/users\/5"}],"replies":[{"embeddable":true,"href":"https:\/\/www.manquepierda.com\/historiarealbetis\/wp-json\/wp\/v2\/comments?post=64628"}],"version-history":[{"count":0,"href":"https:\/\/www.manquepierda.com\/historiarealbetis\/wp-json\/wp\/v2\/posts\/64628\/revisions"}],"wp:featuredmedia":[{"embeddable":true,"href":"https:\/\/www.manquepierda.com\/historiarealbetis\/wp-json\/wp\/v2\/media\/64629"}],"wp:attachment":[{"href":"https:\/\/www.manquepierda.com\/historiarealbetis\/wp-json\/wp\/v2\/media?parent=64628"}],"wp:term":[{"taxonomy":"category","embeddable":true,"href":"https:\/\/www.manquepierda.com\/historiarealbetis\/wp-json\/wp\/v2\/categories?post=64628"},{"taxonomy":"post_tag","embeddable":true,"href":"https:\/\/www.manquepierda.com\/historiarealbetis\/wp-json\/wp\/v2\/tags?post=64628"}],"curies":[{"name":"wp","href":"https:\/\/api.w.org\/{rel}","templated":true}]}}