{"id":64651,"date":"2023-04-21T11:00:00","date_gmt":"2023-04-21T09:00:00","guid":{"rendered":"http:\/\/www.manquepierda.com\/historiarealbetis\/?p=64651"},"modified":"2024-08-09T12:36:30","modified_gmt":"2024-08-09T10:36:30","slug":"hoy-hace-50-anos","status":"publish","type":"post","link":"https:\/\/www.manquepierda.com\/historiarealbetis\/hoy-hace-50-anos\/","title":{"rendered":"Hoy hace 55 a\u00f1os. Derrota 0-3 con el Athletic en el Villamar\u00edn y descenso a Segunda Divisi\u00f3n."},"content":{"rendered":"<p><a href=\"https:\/\/i0.wp.com\/www.manquepierda.com\/historiarealbetis\/files\/2018\/04\/21-1968-Betis-0-Athletic-3.jpg?ssl=1\"><img data-recalc-dims=\"1\" loading=\"lazy\" decoding=\"async\" class=\"aligncenter size-medium wp-image-64652\" src=\"https:\/\/i0.wp.com\/www.manquepierda.com\/historiarealbetis\/files\/2018\/04\/21-1968-Betis-0-Athletic-3.jpg?resize=680%2C492&#038;ssl=1\" alt=\"\" width=\"680\" height=\"492\" srcset=\"https:\/\/i0.wp.com\/www.manquepierda.com\/historiarealbetis\/files\/2018\/04\/21-1968-Betis-0-Athletic-3.jpg?resize=680%2C492&amp;ssl=1 680w, https:\/\/i0.wp.com\/www.manquepierda.com\/historiarealbetis\/files\/2018\/04\/21-1968-Betis-0-Athletic-3.jpg?resize=220%2C159&amp;ssl=1 220w, https:\/\/i0.wp.com\/www.manquepierda.com\/historiarealbetis\/files\/2018\/04\/21-1968-Betis-0-Athletic-3.jpg?resize=768%2C556&amp;ssl=1 768w, https:\/\/i0.wp.com\/www.manquepierda.com\/historiarealbetis\/files\/2018\/04\/21-1968-Betis-0-Athletic-3.jpg?w=846&amp;ssl=1 846w\" sizes=\"auto, (max-width: 680px) 100vw, 680px\" \/><\/a><\/p>\n<p><span style=\"color: #008000\">El 21 de abril de 1968 el Betis es derrotado 0-3 por el Athletic en el Villamar\u00edn en partido de la jornada 29 del Campeonato de Liga de Primera Divisi\u00f3n.<\/span><\/p>\n<p><span style=\"color: #008000\">Dos goles de Arieta y uno de Rojo sentenciaron el partido y condenaron matem\u00e1ticamente al descenso al equipo verdiblanco cuando a\u00fan faltaba una jornada de campeonato. Este mismo d\u00eda el Sevilla tambi\u00e9n certificaba su descenso a Segunda Divisi\u00f3n.<\/span><\/p>\n<p><span style=\"color: #008000\">El Betis, dirigido por Sabino Barinaga, form\u00f3 con Villanova; Aparicio, Telech\u00eda, Grau; Pach\u00f3n, Ant\u00f3n; Gonz\u00e1lez, Quino, Landa, Demetrio y Rogelio.<\/span><\/p>\n<p><span style=\"color: #008000\">El Athletic,&nbsp; entrenado por Agust\u00edn Ga\u00ednza; aline\u00f3 a Deusto; S\u00e1ez, Echeberr\u00eda, Aranguren; Betzuen, Larrauri; Arieta, Est\u00e9fano, Argoitia, Lav\u00edn y Rojo.&nbsp;&nbsp;<\/span><\/p>\n","protected":false},"excerpt":{"rendered":"<p>El 21 de abril de 1968 el Betis es derrotado 0-3 por el Athletic en el Villamar\u00edn en partido de la jornada 29 del Campeonato de Liga de Primera Divisi\u00f3n. Dos goles de Arieta y uno de Rojo sentenciaron el partido y condenaron matem\u00e1ticamente al descenso al equipo verdiblanco cuando a\u00fan faltaba una jornada de&#8230;<\/p>\n","protected":false},"author":5,"featured_media":64652,"comment_status":"open","ping_status":"open","sticky":false,"template":"","format":"standard","meta":{"_kad_post_transparent":"","_kad_post_title":"","_kad_post_layout":"","_kad_post_sidebar_id":"","_kad_post_content_style":"","_kad_post_vertical_padding":"","_kad_post_feature":"","_kad_post_feature_position":"","_kad_post_header":false,"_kad_post_footer":false,"_kad_post_classname":"","_jetpack_memberships_contains_paid_content":false,"footnotes":"","jetpack_publicize_message":"","jetpack_publicize_feature_enabled":true,"jetpack_social_post_already_shared":true,"jetpack_social_options":{"image_generator_settings":{"template":"highway","default_image_id":0,"font":"","enabled":false},"version":2}},"categories":[902,1],"tags":[2083,124,17793],"class_list":["post-64651","post","type-post","status-publish","format-standard","has-post-thumbnail","hentry","category-1960-1969","category-portada","tag-2083","tag-athletic-club","tag-liga-primera-1967-68"],"jetpack_publicize_connections":[],"jetpack_featured_media_url":"https:\/\/i0.wp.com\/www.manquepierda.com\/historiarealbetis\/files\/2018\/04\/21-1968-Betis-0-Athletic-3.jpg?fit=846%2C612&ssl=1","jetpack_sharing_enabled":true,"jetpack_shortlink":"https:\/\/wp.me\/p1ij08-gOL","jetpack-related-posts":[],"_links":{"self":[{"href":"https:\/\/www.manquepierda.com\/historiarealbetis\/wp-json\/wp\/v2\/posts\/64651","targetHints":{"allow":["GET"]}}],"collection":[{"href":"https:\/\/www.manquepierda.com\/historiarealbetis\/wp-json\/wp\/v2\/posts"}],"about":[{"href":"https:\/\/www.manquepierda.com\/historiarealbetis\/wp-json\/wp\/v2\/types\/post"}],"author":[{"embeddable":true,"href":"https:\/\/www.manquepierda.com\/historiarealbetis\/wp-json\/wp\/v2\/users\/5"}],"replies":[{"embeddable":true,"href":"https:\/\/www.manquepierda.com\/historiarealbetis\/wp-json\/wp\/v2\/comments?post=64651"}],"version-history":[{"count":1,"href":"https:\/\/www.manquepierda.com\/historiarealbetis\/wp-json\/wp\/v2\/posts\/64651\/revisions"}],"predecessor-version":[{"id":88332,"href":"https:\/\/www.manquepierda.com\/historiarealbetis\/wp-json\/wp\/v2\/posts\/64651\/revisions\/88332"}],"wp:featuredmedia":[{"embeddable":true,"href":"https:\/\/www.manquepierda.com\/historiarealbetis\/wp-json\/wp\/v2\/media\/64652"}],"wp:attachment":[{"href":"https:\/\/www.manquepierda.com\/historiarealbetis\/wp-json\/wp\/v2\/media?parent=64651"}],"wp:term":[{"taxonomy":"category","embeddable":true,"href":"https:\/\/www.manquepierda.com\/historiarealbetis\/wp-json\/wp\/v2\/categories?post=64651"},{"taxonomy":"post_tag","embeddable":true,"href":"https:\/\/www.manquepierda.com\/historiarealbetis\/wp-json\/wp\/v2\/tags?post=64651"}],"curies":[{"name":"wp","href":"https:\/\/api.w.org\/{rel}","templated":true}]}}