{"id":64676,"date":"2023-04-24T11:00:00","date_gmt":"2023-04-24T09:00:00","guid":{"rendered":"http:\/\/www.manquepierda.com\/historiarealbetis\/?p=64676"},"modified":"2024-08-09T14:54:21","modified_gmt":"2024-08-09T12:54:21","slug":"hoy-hace-30-anos","status":"publish","type":"post","link":"https:\/\/www.manquepierda.com\/historiarealbetis\/hoy-hace-30-anos\/","title":{"rendered":"Hoy hace 35 a\u00f1os. Debut oficial de Juan Jos\u00e9 Algaba ."},"content":{"rendered":"<p><a href=\"https:\/\/i0.wp.com\/www.manquepierda.com\/historiarealbetis\/files\/2018\/04\/24-1988-Debut-de-Juan-Jos%C3%A9-Algaba.jpg?ssl=1\"><img data-recalc-dims=\"1\" loading=\"lazy\" decoding=\"async\" class=\"aligncenter size-full wp-image-64677\" src=\"https:\/\/i0.wp.com\/www.manquepierda.com\/historiarealbetis\/files\/2018\/04\/24-1988-Debut-de-Juan-Jos%C3%A9-Algaba.jpg?resize=455%2C260&#038;ssl=1\" alt=\"\" width=\"455\" height=\"260\" srcset=\"https:\/\/i0.wp.com\/www.manquepierda.com\/historiarealbetis\/files\/2018\/04\/24-1988-Debut-de-Juan-Jos%C3%A9-Algaba.jpg?w=455&amp;ssl=1 455w, https:\/\/i0.wp.com\/www.manquepierda.com\/historiarealbetis\/files\/2018\/04\/24-1988-Debut-de-Juan-Jos%C3%A9-Algaba.jpg?resize=220%2C126&amp;ssl=1 220w, https:\/\/i0.wp.com\/www.manquepierda.com\/historiarealbetis\/files\/2018\/04\/24-1988-Debut-de-Juan-Jos%C3%A9-Algaba.jpg?resize=400%2C230&amp;ssl=1 400w\" sizes=\"auto, (max-width: 455px) 100vw, 455px\" \/><\/a><\/p>\n<p><span style=\"color: #008000\">El 24 de abril de 1988 debuta oficialmente con el primer equipo del Real Betis Balompi\u00e9 Juan Jos\u00e9 Algaba Arauz, quien fuera jugador de la primera plantilla b\u00e9tica esa temporada 1987-88, a la que lleg\u00f3 procedente del filial Betis Deportivo.<\/span><\/p>\n<p><span style=\"color: #008000\">Juan Jos\u00e9 debut\u00f3 en el Bernab\u00e9u en el partido que enfrentaba a Real Madrid y Betis y que concluy\u00f3 con una clara victoria local por 6 a 0.<\/span><\/p>\n","protected":false},"excerpt":{"rendered":"<p>El 24 de abril de 1988 debuta oficialmente con el primer equipo del Real Betis Balompi\u00e9 Juan Jos\u00e9 Algaba Arauz, quien fuera jugador de la primera plantilla b\u00e9tica esa temporada 1987-88, a la que lleg\u00f3 procedente del filial Betis Deportivo. Juan Jos\u00e9 debut\u00f3 en el Bernab\u00e9u en el partido que enfrentaba a Real Madrid y&#8230;<\/p>\n","protected":false},"author":5,"featured_media":64677,"comment_status":"open","ping_status":"open","sticky":false,"template":"","format":"standard","meta":{"_kad_post_transparent":"","_kad_post_title":"","_kad_post_layout":"","_kad_post_sidebar_id":"","_kad_post_content_style":"","_kad_post_vertical_padding":"","_kad_post_feature":"","_kad_post_feature_position":"","_kad_post_header":false,"_kad_post_footer":false,"_kad_post_classname":"","_jetpack_memberships_contains_paid_content":false,"footnotes":"","jetpack_publicize_message":"","jetpack_publicize_feature_enabled":true,"jetpack_social_post_already_shared":true,"jetpack_social_options":{"image_generator_settings":{"template":"highway","default_image_id":0,"font":"","enabled":false},"version":2}},"categories":[904,14583,1],"tags":[6399,16747,17805],"class_list":["post-64676","post","type-post","status-publish","format-standard","has-post-thumbnail","hentry","category-1980-1989","category-efemerides","category-portada","tag-6399","tag-juan-jose-algaba","tag-liga-primera-1987-88"],"jetpack_publicize_connections":[],"jetpack_featured_media_url":"https:\/\/i0.wp.com\/www.manquepierda.com\/historiarealbetis\/files\/2018\/04\/24-1988-Debut-de-Juan-Jos%C3%A9-Algaba.jpg?fit=455%2C260&ssl=1","jetpack_sharing_enabled":true,"jetpack_shortlink":"https:\/\/wp.me\/p1ij08-gPa","jetpack-related-posts":[],"_links":{"self":[{"href":"https:\/\/www.manquepierda.com\/historiarealbetis\/wp-json\/wp\/v2\/posts\/64676","targetHints":{"allow":["GET"]}}],"collection":[{"href":"https:\/\/www.manquepierda.com\/historiarealbetis\/wp-json\/wp\/v2\/posts"}],"about":[{"href":"https:\/\/www.manquepierda.com\/historiarealbetis\/wp-json\/wp\/v2\/types\/post"}],"author":[{"embeddable":true,"href":"https:\/\/www.manquepierda.com\/historiarealbetis\/wp-json\/wp\/v2\/users\/5"}],"replies":[{"embeddable":true,"href":"https:\/\/www.manquepierda.com\/historiarealbetis\/wp-json\/wp\/v2\/comments?post=64676"}],"version-history":[{"count":1,"href":"https:\/\/www.manquepierda.com\/historiarealbetis\/wp-json\/wp\/v2\/posts\/64676\/revisions"}],"predecessor-version":[{"id":88335,"href":"https:\/\/www.manquepierda.com\/historiarealbetis\/wp-json\/wp\/v2\/posts\/64676\/revisions\/88335"}],"wp:featuredmedia":[{"embeddable":true,"href":"https:\/\/www.manquepierda.com\/historiarealbetis\/wp-json\/wp\/v2\/media\/64677"}],"wp:attachment":[{"href":"https:\/\/www.manquepierda.com\/historiarealbetis\/wp-json\/wp\/v2\/media?parent=64676"}],"wp:term":[{"taxonomy":"category","embeddable":true,"href":"https:\/\/www.manquepierda.com\/historiarealbetis\/wp-json\/wp\/v2\/categories?post=64676"},{"taxonomy":"post_tag","embeddable":true,"href":"https:\/\/www.manquepierda.com\/historiarealbetis\/wp-json\/wp\/v2\/tags?post=64676"}],"curies":[{"name":"wp","href":"https:\/\/api.w.org\/{rel}","templated":true}]}}