{"id":64848,"date":"2023-05-09T11:00:00","date_gmt":"2023-05-09T09:00:00","guid":{"rendered":"http:\/\/www.manquepierda.com\/historiarealbetis\/?p=64848"},"modified":"2024-08-09T17:29:23","modified_gmt":"2024-08-09T15:29:23","slug":"hoy-hace-25-anos-2","status":"publish","type":"post","link":"https:\/\/www.manquepierda.com\/historiarealbetis\/hoy-hace-25-anos-2\/","title":{"rendered":"Hoy hace 30 a\u00f1os. Betis 1 Real Madrid B 0."},"content":{"rendered":"<p><a href=\"https:\/\/i0.wp.com\/www.manquepierda.com\/historiarealbetis\/files\/2018\/05\/9-1993-Betis-1-Castilla-0.jpg?ssl=1\"><img data-recalc-dims=\"1\" loading=\"lazy\" decoding=\"async\" class=\"aligncenter size-full wp-image-64849\" src=\"https:\/\/i0.wp.com\/www.manquepierda.com\/historiarealbetis\/files\/2018\/05\/9-1993-Betis-1-Castilla-0.jpg?resize=630%2C539&#038;ssl=1\" alt=\"\" width=\"630\" height=\"539\" srcset=\"https:\/\/i0.wp.com\/www.manquepierda.com\/historiarealbetis\/files\/2018\/05\/9-1993-Betis-1-Castilla-0.jpg?w=630&amp;ssl=1 630w, https:\/\/i0.wp.com\/www.manquepierda.com\/historiarealbetis\/files\/2018\/05\/9-1993-Betis-1-Castilla-0.jpg?resize=220%2C188&amp;ssl=1 220w\" sizes=\"auto, (max-width: 630px) 100vw, 630px\" \/><\/a><\/p>\n<p><span style=\"color: #008000\">El 9 de mayo de 1993 el Betis derrota 1-0 al Real Madrid B en el Villamar\u00edn en partido de la jornada 32 del Campeonato de Liga de Segunda Divisi\u00f3n.<\/span><\/p>\n<p><span style=\"color: #008000\">Un gol de Angel Cu\u00e9llar en el minuto 48 dio la victoria al conjunto verdiblanco, en un intrascendente encuentro dada la imposibilidad de acceder a los puestos de ascenso.<\/span><\/p>\n<p><span style=\"color: #008000\">El Betis, entrenado por Jos\u00e9 Ram\u00f3n Esnaola, aline\u00f3 a Diezma; Merino, Ivanov, Ure\u00f1a, Monreal; Ca\u00f1as, Kobelev, Merino II, Gordillo (75, Zafra); Kasumov y Cu\u00e9llar (83, Rodolfo).<\/span><\/p>\n<p><span style=\"color: #008000\">El Real Madrid B, dirigido por Mariano Garc\u00eda Rem\u00f3n, form\u00f3 con Cano; Velasco, Edu, Ant\u00eda, Villoria (9, Vaqueriza); Torres Garc\u00eda, Sandro, Herrero, Luiz Fernando; Jos\u00e9 Mar\u00eda (60, Dani) y Morales.&nbsp;&nbsp;<\/span><\/p>\n","protected":false},"excerpt":{"rendered":"<p>El 9 de mayo de 1993 el Betis derrota 1-0 al Real Madrid B en el Villamar\u00edn en partido de la jornada 32 del Campeonato de Liga de Segunda Divisi\u00f3n. Un gol de Angel Cu\u00e9llar en el minuto 48 dio la victoria al conjunto verdiblanco, en un intrascendente encuentro dada la imposibilidad de acceder a&#8230;<\/p>\n","protected":false},"author":5,"featured_media":64849,"comment_status":"open","ping_status":"open","sticky":false,"template":"","format":"standard","meta":{"_kad_post_transparent":"","_kad_post_title":"","_kad_post_layout":"","_kad_post_sidebar_id":"","_kad_post_content_style":"","_kad_post_vertical_padding":"","_kad_post_feature":"","_kad_post_feature_position":"","_kad_post_header":false,"_kad_post_footer":false,"_kad_post_classname":"","_jetpack_memberships_contains_paid_content":false,"footnotes":"","jetpack_publicize_message":"","jetpack_publicize_feature_enabled":true,"jetpack_social_post_already_shared":true,"jetpack_social_options":{"image_generator_settings":{"template":"highway","default_image_id":0,"font":"","enabled":false},"version":2}},"categories":[905,14583,1],"tags":[5525,17824,16751],"class_list":["post-64848","post","type-post","status-publish","format-standard","has-post-thumbnail","hentry","category-1990-1999","category-efemerides","category-portada","tag-5525","tag-liga-segunda-1992-93","tag-real-madrid-b"],"jetpack_publicize_connections":[],"jetpack_featured_media_url":"https:\/\/i0.wp.com\/www.manquepierda.com\/historiarealbetis\/files\/2018\/05\/9-1993-Betis-1-Castilla-0.jpg?fit=630%2C539&ssl=1","jetpack_sharing_enabled":true,"jetpack_shortlink":"https:\/\/wp.me\/p1ij08-gRW","jetpack-related-posts":[],"_links":{"self":[{"href":"https:\/\/www.manquepierda.com\/historiarealbetis\/wp-json\/wp\/v2\/posts\/64848","targetHints":{"allow":["GET"]}}],"collection":[{"href":"https:\/\/www.manquepierda.com\/historiarealbetis\/wp-json\/wp\/v2\/posts"}],"about":[{"href":"https:\/\/www.manquepierda.com\/historiarealbetis\/wp-json\/wp\/v2\/types\/post"}],"author":[{"embeddable":true,"href":"https:\/\/www.manquepierda.com\/historiarealbetis\/wp-json\/wp\/v2\/users\/5"}],"replies":[{"embeddable":true,"href":"https:\/\/www.manquepierda.com\/historiarealbetis\/wp-json\/wp\/v2\/comments?post=64848"}],"version-history":[{"count":1,"href":"https:\/\/www.manquepierda.com\/historiarealbetis\/wp-json\/wp\/v2\/posts\/64848\/revisions"}],"predecessor-version":[{"id":88696,"href":"https:\/\/www.manquepierda.com\/historiarealbetis\/wp-json\/wp\/v2\/posts\/64848\/revisions\/88696"}],"wp:featuredmedia":[{"embeddable":true,"href":"https:\/\/www.manquepierda.com\/historiarealbetis\/wp-json\/wp\/v2\/media\/64849"}],"wp:attachment":[{"href":"https:\/\/www.manquepierda.com\/historiarealbetis\/wp-json\/wp\/v2\/media?parent=64848"}],"wp:term":[{"taxonomy":"category","embeddable":true,"href":"https:\/\/www.manquepierda.com\/historiarealbetis\/wp-json\/wp\/v2\/categories?post=64848"},{"taxonomy":"post_tag","embeddable":true,"href":"https:\/\/www.manquepierda.com\/historiarealbetis\/wp-json\/wp\/v2\/tags?post=64848"}],"curies":[{"name":"wp","href":"https:\/\/api.w.org\/{rel}","templated":true}]}}