{"id":64943,"date":"2018-05-21T10:30:14","date_gmt":"2018-05-21T08:30:14","guid":{"rendered":"http:\/\/www.manquepierda.com\/historiarealbetis\/?p=64943"},"modified":"2018-05-20T12:22:03","modified_gmt":"2018-05-20T10:22:03","slug":"entrevista-ernesto-pons-1963-3","status":"publish","type":"post","link":"https:\/\/www.manquepierda.com\/historiarealbetis\/entrevista-ernesto-pons-1963-3\/","title":{"rendered":"Entrevista Ernesto Pons 1963"},"content":{"rendered":"<p><a href=\"https:\/\/i0.wp.com\/www.manquepierda.com\/historiarealbetis\/files\/2018\/05\/Entrevista-Ernesto-Pons-1963.jpg?ssl=1\"><img data-recalc-dims=\"1\" loading=\"lazy\" decoding=\"async\" class=\"alignleft size-full wp-image-64944\" src=\"https:\/\/i0.wp.com\/www.manquepierda.com\/historiarealbetis\/files\/2018\/05\/Entrevista-Ernesto-Pons-1963.jpg?resize=288%2C556&#038;ssl=1\" alt=\"\" width=\"288\" height=\"556\" srcset=\"https:\/\/i0.wp.com\/www.manquepierda.com\/historiarealbetis\/files\/2018\/05\/Entrevista-Ernesto-Pons-1963.jpg?w=288&amp;ssl=1 288w, https:\/\/i0.wp.com\/www.manquepierda.com\/historiarealbetis\/files\/2018\/05\/Entrevista-Ernesto-Pons-1963.jpg?resize=114%2C220&amp;ssl=1 114w\" sizes=\"auto, (max-width: 288px) 100vw, 288px\" \/><\/a>En octubre de 1962 el Betis fichaba a Ernesto Pons para que ocupase el cargo de secretario t\u00e9cnico y preparador f\u00edsico del club.\u00a0 Hay que recordar que en ese momento era Fernando Daucik el entrenador del primer plantel verdiblanco en su tercera campa\u00f1a. Daucik hab\u00eda sido la gran apuesta de Benito Villamar\u00edn para el cargo en el verano de 1960, al que lleg\u00f3 precedido de una gran fama despu\u00e9s de pasar por algunos de los banquillos m\u00e1s importantes de la Primera Divisi\u00f3n.<\/p>\n<p>Sin embargo en esta tercera temporada parec\u00eda haberse agotado la credibilidad del t\u00e9cnico eslovaco, y desde la direcci\u00f3n del club se decidi\u00f3 traer a Pons con el pretexto de sus conocimientos en materia de preparaci\u00f3n f\u00edsica, para que trabajase junto a Daucik.<\/p>\n<p>En noviembre de 1962 Daucik es relevado del cargo de entrenador y sustituido por Pons, quien debuta en el banquillo el 9 de diciembre de 1962 contra el C\u00f3rdoba, un momento que ya vimos <a href=\"https:\/\/www.manquepierda.com\/historiarealbetis\/47049-el-banquillo-betico-en-1962\/\"><strong>aqu\u00ed.\u00a0<\/strong><\/a><\/p>\n<p>En enero de 1963, con motivo de la visita del Betis al Bernab\u00e9u, Ernesto Pons es entrevistado en el semanario Marca, una entrevista que a continuaci\u00f3n reproducimos y que nos permite conocer muchas de las avanzadas ideas que en materia deportiva y de preparaci\u00f3n representaba Ernesto Pons, alejado de la tradicional imagen de entrenador que hasta entonces dominaba el mundo del f\u00fatbol.<\/p>\n<p>Tambi\u00e9n muy rese\u00f1able la trayectoria deportiva de Pons, quien fue un aut\u00e9ntico atleta en los a\u00f1os 40, adem\u00e1s de dedicarse en su faceta de preparador a otros deportes como el hockey sobre patines, el atletismo o la gimnasia.<\/p>\n<p>&nbsp;<\/p>\n<p><span style=\"color: #008000\"><em>La fama en el deporte le fue dada a Ernesto Pons Forns, el hoy entrenador del Real Betis, por las virtudes que puso de manifiesto en la pr\u00e1ctica del atletismo. Desde que en el a\u00f1o 1935 fue campe\u00f3n catal\u00e1n de salto de altura, hasta su retirada de las pistas en 1951, siendo poseedor del r\u00e9cord nacional de salto en la misma especialidad, con la marca de 1,91 metros, que hab\u00eda conseguido en 1944, el gran atleta de Matar\u00f3 obtuvo numerosos laureles, entre los que pueden ser citados tres t\u00edtulos de campe\u00f3n de Espa\u00f1a de dicha clase y otros tres de triple salto. Conquist\u00f3 por primera vez la plusmarca de altura en 1940, mejorando en la misma fecha en uno y cuatro cent\u00edmetros, sucesivamente, el record de 1,82, que estaba en poder de Lacomba.<\/em><\/span><\/p>\n<p><span style=\"color: #008000\"><em>Su plusmarca nacional habr\u00eda de subsistir hasta 1958, a\u00f1o en que ser\u00eda mejorado por Ari\u00f1o, al conseguir este pasar el list\u00f3n colocado a 1,92 metros.<\/em><\/span><\/p>\n<p><span style=\"color: #008000\"><em>Y ha de decirse que la actividad atl\u00e9tica de Pons no se limit\u00f3 a ambos tipos de saltos, sino que practic\u00f3 bastante m\u00e1s de las distintas especialidades de tal deporte. Sin embargo, no hab\u00eda jugado nunca al f\u00fatbol, si hacemos excepci\u00f3n de aislados partidos jugados con amigos, en forma an\u00e1rquica y muy espaciada. Pero en 1949, despu\u00e9s de haber hecho los cursos de profesor de Educaci\u00f3n F\u00edsica, celebrados en Toledo, para ampliar sus estudios se inscribi\u00f3 en los de preparador concreto de varios deportes: baloncesto, balonmano, hockey sobre patines\u2026 y f\u00fatbol, naturalmente. Aquel mismo a\u00f1o obtuvo el t\u00edtulo de preparador nacional.<\/em><\/span><\/p>\n<p><span style=\"color: #008000\"><em>Ya su vinculaci\u00f3n a las tareas preparadoras del deporte del bal\u00f3n redondo databa de la temporada inmediatamente anterior, en las que hab\u00eda sido preparador f\u00edsico del Espa\u00f1ol de Barcelona, que ten\u00eda a Espada como entrenador oficial. Despu\u00e9s cumpli\u00f3 igual misi\u00f3n en el Celta de Vigo, sucesivamente con Zamora, Scopelli, Iraragorri y Pasar\u00edn, como entrenadores. A continuaci\u00f3n pas\u00f3 a ser entrenador total y oficial de un club, el Coru\u00f1a (realmente hab\u00eda cumplido esta misi\u00f3n con el Turista de Vigo, filial del Celta, cuando preparaba f\u00edsicamente a los muchachos de Bala\u00eddos). Entren\u00f3 luego al Orense, al Espa\u00f1ol, al Sabadell y a primeros de octubre fue requerido por su actual equipo.<\/em><\/span><\/p>\n<ul>\n<li><span style=\"color: #008000\"><em>\u00bfQu\u00e9 opini\u00f3n ten\u00eda del Betis, en cuanto a los primeros partidos de Liga antes de entrar en el club?<\/em><\/span><\/li>\n<li><span style=\"color: #008000\"><em>Solamente le hab\u00eda visto el d\u00eda que perdi\u00f3 por 0-1 en Barcelona, y saqu\u00e9 buena impresi\u00f3n, tal vez por contraste con el deslavazado juego de los azulgranas. Hubo algunos tiros, especialmente uno de Luis, que Sadurn\u00ed salv\u00f3 casi de milagro y el partido pudo terminar con empate. Los encuentros de Heli\u00f3polis frente al Madrid y al M\u00e1laga no los vi<\/em><\/span><\/li>\n<li><span style=\"color: #008000\"><em>Triunfo por 3-0 en Elche ya estando usted en el Betis<\/em><\/span><\/li>\n<li><span style=\"color: #008000\"><em>El equipo se encontr\u00f3 con un rival a la deriva y desmoralizado. Gan\u00f3 bien<\/em><\/span><\/li>\n<li><span style=\"color: #008000\"><em>Resto de la etapa que altern\u00f3 tareas con Daucik<\/em><\/span><\/li>\n<li><span style=\"color: #008000\"><em>En el empate con el Valladolid la verdad es que mereci\u00f3 ganar \u00e9ste, el mejor equipo que he visto en la primera vuelta de la Liga. No vi el 3-4 de Oviedo, pero creo que el Betis mereci\u00f3 mejor suerte. Los triunfos sobre Valencia y Atl\u00e9tico de Madrid fueron fruto de dos partidos normales, en los que vi algo flojos a nuestros adversarios. Principalmente me decepcion\u00f3 el Atl\u00e9tico, al que hab\u00eda visto espl\u00e9ndidamente cuando gan\u00f3 al Valencia por 5-1, el primer d\u00eda del campeonato. El encuentro de \u201ceternos rivales\u201d no lo jug\u00f3 bien el Betis, y dentro de los nervios cl\u00e1sicos en tal partido, sac\u00f3 mejor provecho el Sevilla. Por \u00faltimo, tampoco estuve en el encuentro de La Romareda que, como la mayor\u00eda de los jugados fuera, se perdi\u00f3 por la m\u00ednima diferencia y en los momentos finales. Aprovechando el descanso liguero, se hizo un arreglo del terreno de Heli\u00f3polis con resiembra. Por ello el equipo dej\u00f3 de entrenarse en su propio campo y los muchachos acusaron esto. Pero volvimos luego a nuestro terreno habitual, porque, de haber desventaja por su mal estado, lo l\u00f3gico es que fuese para el adversario. Se venci\u00f3 al Mallorca por 2-1, y al siguiente domingo empatamos a cero en San Mam\u00e9s, en un partido que mereci\u00f3 llevarse el Betis, seg\u00fan reconoci\u00f3 la prensa bilba\u00edna. Una semana despu\u00e9s, el 4-0 al Coru\u00f1a, en un partido de mucha fuerza de nuestro once, y finalmente este encuentro contra el Madrid. Vuelvo a decir, sobre este partido, que al Madrid no se le puede jugar a la defensiva. Para tener opci\u00f3n, al menos a un empate, hay que marcar uno o dos goles<\/em><\/span><\/li>\n<li><span style=\"color: #008000\"><em>El nuevo jugador Liert da Silva fue animado con \u00a1 ol\u00e9s\u00a1 frente al Coru\u00f1a. \u00bfPor qu\u00e9?<\/em><\/span><\/li>\n<li><span style=\"color: #008000\"><em>El 3-0 nos daba el partido virtualmente ganado. Y por eso se le permiti\u00f3 hacer algunas jugadas individuales que, desde luego, le salieron perfectas. Y a\u00fan marcamos un tanto m\u00e1s<\/em><\/span><\/li>\n<li><span style=\"color: #008000\"><em>\u00bfQu\u00e9 le pasa al que fue gran valor de la temporada pasada, Senekowitsch?<\/em><\/span><\/li>\n<li><span style=\"color: #008000\"><em>Tuvo una rotura de cu\u00e1driceps, y no se ha recuperado todav\u00eda<\/em><\/span><\/li>\n<li><span style=\"color: #008000\"><em>Garc\u00eda Plata, casi un juvenil, debut\u00f3 frente al Atl\u00e9tico de Madrid. Parece que estuvo bien y, sin embargo, no ha vuelto a salir. \u00bfRaz\u00f3n?<\/em><\/span><\/li>\n<li><span style=\"color: #008000\"><em>En realidad, no tuvo trabajo ese d\u00eda. Yo, respetando la opini\u00f3n del se\u00f1or Daucik, que le aline\u00f3, creo que hoy por hoy son m\u00e1s porteros Corral y Pep\u00edn. Al portero no se le debe medir por una sola actuaci\u00f3n, en la que si los balones que recibe se adaptan a su estilo o condici\u00f3n puede brillar enga\u00f1osamente, y si resultan opuestos a sus peculiaridades, fracasar, desorientadoramente tambi\u00e9n<\/em><\/span><\/li>\n<li><span style=\"color: #008000\"><em>\u00bfC\u00f3mo sigue brillando Lasa, a pesar de sus a\u00f1os de f\u00fatbol?<\/em><\/span><\/li>\n<li><span style=\"color: #008000\"><em>No s\u00e9 si a pesar de sus a\u00f1os o gracias a sus a\u00f1os. Porque debe tenerse presente, por ejemplo, que en atletismo los corredores de fondo, los resistentes, tienen treinta o m\u00e1s a\u00f1os. Lasa est\u00e1 en magn\u00edficas condiciones para su labor actual<\/em><\/span><\/li>\n<li><span style=\"color: #008000\"><em>Luis tuvo unas actuaciones extraordinarias, all\u00e1 por el momento del partido con el Oviedo. \u00bfQu\u00e9 le ha pasado luego?<\/em><\/span><\/li>\n<li><span style=\"color: #008000\"><em>Un peque\u00f1o bache, precisamente cuando peores eran las condiciones del terreno de Heli\u00f3polis. Contra el C\u00f3rdoba hizo un partido decepcionante. Despu\u00e9s se ha ido recuperando y ahora vuelve ya a ser el de esa \u00e9poca de Oviedo<\/em><\/span><\/li>\n<li><span style=\"color: #008000\"><em>\u00bfA qu\u00e9 aspira el Betis en la Liga actual?<\/em><\/span><\/li>\n<li><span style=\"color: #008000\"><em>A clasificarnos en el primer tercio de la tabla<\/em><\/span><\/li>\n<li><span style=\"color: #008000\"><em>Sus m\u00e9todos de entrenamiento \u00bftienen alguna relaci\u00f3n concreta con los del atletismo?<\/em><\/span><\/li>\n<li><span style=\"color: #008000\"><em>La t\u00e9cnica f\u00edsico-educacional tiene unos procedimientos comunes a muchos deportes. Luego existen, claro, diversos matices. En su aplicaci\u00f3n al f\u00fatbol hay una ficha, la \u201cficha Pons\u201d, que tiene por objeto descubrir los puntos d\u00e9biles f\u00edsicamente, para luego establecer en cada caso la gimnasia de trabajo correspondiente. La preparaci\u00f3n f\u00edsica se efect\u00faa en el Betis en peque\u00f1os y distintos grupos, seg\u00fan los individuos. Existe una teor\u00eda, que es la de cadena de los siete eslabones, y se basa en que si a esta cadena le colgamos un peso, se romper\u00eda siempre por el m\u00e1s d\u00e9bil de los eslabones, denunciando cu\u00e1l es el que hay que reforzar; los siete eslabones son: flexibilidad, potencia, velocidad, resistencia o fondo, equilibrio, repentizaci\u00f3n o reflejos y coordinaci\u00f3n. De esos eslabones varios son gen\u00e9ricos para muchos deportes. Pero el de la coordinaci\u00f3n tiene unas condiciones espec\u00edficas para cada uno. Coordinaci\u00f3n y t\u00e9cnica son sin\u00f3nimos, y la t\u00e9cnica del f\u00fatbol no tiene nada que ver con la del atletismo. El f\u00fatbol es un ejercicio de reflejos condicionados y en \u00e9l es pr\u00e1cticamente imposible corregir los defectos con explicaciones. El jugador, al rodar el bal\u00f3n, no se acuerda de ellas y obra con completo automatismo. Yo trato siempre de corregir los defectos, proporcionando una reeducaci\u00f3n de esos reflejos condicionados en el sentido deseado. Y considero interesante no insistir al jugador sobre un defecto determinado. En psicolog\u00eda infantil existe el precepto de que para corregir un defecto de un ni\u00f1o, basta con atribuirle como virtudes algunos de sus defectos. Si un jugador abusa del regate, mejor que rega\u00f1arle por que no suelta la pelota, es elogiarle mucho aquellos momentos en los que haya pasado al primer toque<\/em><\/span><\/li>\n<li><span style=\"color: #008000\"><em>\u00bfDa usted preferencia en su preparaci\u00f3n a lo te\u00f3rico, a lo f\u00edsico o a lo t\u00e9cnico?<\/em><\/span><\/li>\n<li><span style=\"color: #008000\"><em>No me gustan las clases te\u00f3ricas. Lo mejor es explicar y realizar. La pura teor\u00eda sirve de poco. Lo importante es la condici\u00f3n f\u00edsica y la t\u00e9cnica del jugador. Lo t\u00e1ctico es secundario. Un buen equipo, en buena condici\u00f3n f\u00edsica, pero con mala t\u00e1ctica, debe ganar siempre a otro claramente inferior, por buena t\u00e1ctica que \u00e9ste emplee<\/em><\/span><\/li>\n<li><span style=\"color: #008000\"><em>\u00bfEs duro en sus entrenamientos?<\/em><\/span><\/li>\n<li><span style=\"color: #008000\"><em>Parto del principio de que el f\u00fatbol moderno exige jugadores en buena condici\u00f3n f\u00edsica, y trato de proporcion\u00e1rsela progresiva y racionalmente<\/em><\/span><\/li>\n<li><span style=\"color: #008000\"><em>Fuera de la preparaci\u00f3n, \u00bfemplea una disciplina muy severa?<\/em><\/span><\/li>\n<li><span style=\"color: #008000\"><em>Es imprescindible en toda sociedad organizada, pero sin olvidar que el jugador es un ser humano. Que al margen del f\u00fatbol tiene una vida privada y sentimientos propios<\/em><\/span><\/li>\n<li><span style=\"color: #008000\"><em>\u00bfQu\u00e9 clase de f\u00fatbol le gusta que ofrezca su f\u00fatbol?<\/em><\/span><\/li>\n<li><span style=\"color: #008000\"><em>El entrenador est\u00e1 en la obligaci\u00f3n de tratar de presentar un espect\u00e1culo al p\u00fablico. Hace a\u00f1os, yo tambi\u00e9n ten\u00eda alguna preferencia por lo que se llama juego defensivo, pero me he convencido de que el obra as\u00ed sistem\u00e1ticamente, tira piedras a su propio tejado<\/em><\/span><\/li>\n<li><span style=\"color: #008000\"><em>\u00bfQuiere usted decirnos algo m\u00e1s?<\/em><\/span><\/li>\n<li><span style=\"color: #008000\"><em>Hay quien pregunta que si es posible ser buen entrenador de f\u00fatbol sin haber sido antes jugador. Creo que para ser entrenador de f\u00fatbol, lo primero que hace falta es, simplemente, ser entrenador; lo mismo que para ser pintor debe tenerse ideas del dibujo y del colorido. Ser entrenador equivale a tener una mezcla, salvando las distancias, del pedagogo, del psic\u00f3logo, del m\u00e9dico, del profesor de educaci\u00f3n f\u00edsica, del fil\u00f3sofo, si se me permite, y tambi\u00e9n, naturalmente, del t\u00e9cnico espec\u00edfico. Quien no re\u00fana todo eso, no es m\u00e1s que un practic\u00f3n. Hay grandes entrenadores de nataci\u00f3n o atletismo de solvencia mundial, Gerschler por ejemplo, que no han practicado el deporte que dominan como t\u00e9cnicos. Yo mismo he sido entrenador del equipo nacional de hockey sobre patines sin haberme calzado nuca un pat\u00edn. Si consideramos que para ense\u00f1ar algo hay que haberlo vivido previamente, tendr\u00edamos que llegar a la conclusi\u00f3n de que ser\u00edan mejores m\u00e9dicos que los grandes especialistas aquellos enfermos que han sufrido muchos catarros o varias operaciones\u2026 \u00a0<\/em><\/span><\/li>\n<\/ul>\n<p>Fuente: Semanario Marca 15 de enero de 1963<\/p>\n","protected":false},"excerpt":{"rendered":"<p>En octubre de 1962 el Betis fichaba a Ernesto Pons para que ocupase el cargo de secretario t\u00e9cnico y preparador f\u00edsico del club.\u00a0 Hay que recordar que en ese momento era Fernando Daucik el entrenador del primer plantel verdiblanco en su tercera campa\u00f1a. Daucik hab\u00eda sido la gran apuesta de Benito Villamar\u00edn para el cargo&#8230;<\/p>\n","protected":false},"author":5,"featured_media":64944,"comment_status":"open","ping_status":"open","sticky":false,"template":"","format":"standard","meta":{"_kad_post_transparent":"","_kad_post_title":"","_kad_post_layout":"","_kad_post_sidebar_id":"","_kad_post_content_style":"","_kad_post_vertical_padding":"","_kad_post_feature":"","_kad_post_feature_position":"","_kad_post_header":false,"_kad_post_footer":false,"_kad_post_classname":"","_jetpack_memberships_contains_paid_content":false,"footnotes":"","jetpack_publicize_message":"","jetpack_publicize_feature_enabled":true,"jetpack_social_post_already_shared":true,"jetpack_social_options":{"image_generator_settings":{"template":"highway","default_image_id":0,"font":"","enabled":false},"version":2}},"categories":[902,892,1],"tags":[4280,4281,8185],"class_list":["post-64943","post","type-post","status-publish","format-standard","has-post-thumbnail","hentry","category-1960-1969","category-entrenadores-temas","category-portada","tag-1962-63","tag-4281","tag-ernesto-pons"],"jetpack_publicize_connections":[],"jetpack_featured_media_url":"https:\/\/i0.wp.com\/www.manquepierda.com\/historiarealbetis\/files\/2018\/05\/Entrevista-Ernesto-Pons-1963.jpg?fit=288%2C556&ssl=1","jetpack_sharing_enabled":true,"jetpack_shortlink":"https:\/\/wp.me\/p1ij08-gTt","jetpack-related-posts":[],"_links":{"self":[{"href":"https:\/\/www.manquepierda.com\/historiarealbetis\/wp-json\/wp\/v2\/posts\/64943","targetHints":{"allow":["GET"]}}],"collection":[{"href":"https:\/\/www.manquepierda.com\/historiarealbetis\/wp-json\/wp\/v2\/posts"}],"about":[{"href":"https:\/\/www.manquepierda.com\/historiarealbetis\/wp-json\/wp\/v2\/types\/post"}],"author":[{"embeddable":true,"href":"https:\/\/www.manquepierda.com\/historiarealbetis\/wp-json\/wp\/v2\/users\/5"}],"replies":[{"embeddable":true,"href":"https:\/\/www.manquepierda.com\/historiarealbetis\/wp-json\/wp\/v2\/comments?post=64943"}],"version-history":[{"count":0,"href":"https:\/\/www.manquepierda.com\/historiarealbetis\/wp-json\/wp\/v2\/posts\/64943\/revisions"}],"wp:featuredmedia":[{"embeddable":true,"href":"https:\/\/www.manquepierda.com\/historiarealbetis\/wp-json\/wp\/v2\/media\/64944"}],"wp:attachment":[{"href":"https:\/\/www.manquepierda.com\/historiarealbetis\/wp-json\/wp\/v2\/media?parent=64943"}],"wp:term":[{"taxonomy":"category","embeddable":true,"href":"https:\/\/www.manquepierda.com\/historiarealbetis\/wp-json\/wp\/v2\/categories?post=64943"},{"taxonomy":"post_tag","embeddable":true,"href":"https:\/\/www.manquepierda.com\/historiarealbetis\/wp-json\/wp\/v2\/tags?post=64943"}],"curies":[{"name":"wp","href":"https:\/\/api.w.org\/{rel}","templated":true}]}}