{"id":64963,"date":"2018-05-21T10:37:31","date_gmt":"2018-05-21T08:37:31","guid":{"rendered":"http:\/\/www.manquepierda.com\/historiarealbetis\/?p=64963"},"modified":"2024-09-11T21:36:12","modified_gmt":"2024-09-11T19:36:12","slug":"1928-julio-30-el-betis-y-su-estadio-proyectos-presidente-ignacio-sanchez-mejias","status":"publish","type":"post","link":"https:\/\/www.manquepierda.com\/historiarealbetis\/1928-julio-30-el-betis-y-su-estadio-proyectos-presidente-ignacio-sanchez-mejias\/","title":{"rendered":"1928-Julio 30.-\u00abEl Betis y su Estadio\u00bb.-Proyectos presidente Ignacio S\u00e1nchez Mej\u00edas."},"content":{"rendered":"<p><em><strong>\u00abS\u00e1nchez Mej\u00edas,<\/strong> el presidente del Real Betis Balompi\u00e9, ha expuesto los proyectos que tiene sobre obras en el\u00a0<strong>campo de Tablada \u00e1 orillas del Guadalquivir.\u00a0<\/strong><\/em><\/p>\n<p style=\"text-align: center\"><img data-recalc-dims=\"1\" loading=\"lazy\" decoding=\"async\" class=\"alignleft size-thumbnail wp-image-64966\" src=\"https:\/\/i0.wp.com\/www.manquepierda.com\/historiarealbetis\/files\/2018\/05\/SanchezMejias01.jpg?resize=141%2C220&#038;ssl=1\" alt=\"\" width=\"141\" height=\"220\" srcset=\"https:\/\/i0.wp.com\/www.manquepierda.com\/historiarealbetis\/files\/2018\/05\/SanchezMejias01.jpg?resize=141%2C220&amp;ssl=1 141w, https:\/\/i0.wp.com\/www.manquepierda.com\/historiarealbetis\/files\/2018\/05\/SanchezMejias01.jpg?resize=385%2C600&amp;ssl=1 385w, https:\/\/i0.wp.com\/www.manquepierda.com\/historiarealbetis\/files\/2018\/05\/SanchezMejias01.jpg?resize=449%2C700&amp;ssl=1 449w, https:\/\/i0.wp.com\/www.manquepierda.com\/historiarealbetis\/files\/2018\/05\/SanchezMejias01.jpg?w=525&amp;ssl=1 525w\" sizes=\"auto, (max-width: 141px) 100vw, 141px\" \/><\/p>\n<p><em><strong>Una piscina de 25 metros, es el primer proyecto factible de realizaci\u00f3n. <\/strong><\/em><\/p>\n<p><em><strong>Se har\u00e1 tambi\u00e9n un vel\u00f3dromo. <\/strong><\/em><\/p>\n<p><em><strong>Unos \u00abcourts\u00bb de tenis y con el terreno de f\u00fatbol, las pistas atl\u00e9ticas, etc. <\/strong><\/em><\/p>\n<p style=\"text-align: center\"><em><strong>El Betis Balompi\u00e9 realizar\u00e1 una gran labor polideportiva. <\/strong><\/em><\/p>\n<p style=\"text-align: center\"><em><strong>Todo ello quedar\u00e1 \u00e1 modo de ciudad deportiva, dado su emplazamiento. <\/strong><\/em><\/p>\n<p style=\"text-align: left\"><em><strong>Un terreno situado entre el nuevo Canal y el r\u00edo, donde est\u00e1 situado el campo de aviaci\u00f3n de Tablada, junto con el \u00abClub Tablada\u00bb, donde ya est\u00e1 instalado un magn\u00edfico palacio y pistas ten\u00edsticas, cuyo coste ha sido el de 400.000 pesetas, y un campo de \u00abgolf\u00bb con todas las perfecciones.<\/strong><\/em><\/p>\n<p><em>Es decir que los sevillanos, tendr\u00e1n todo reunido:\u00a0<strong>para remar, nadar, jugar al \u00abgolf\u00bb, al tenis, al f\u00fatbol, \u00e1 la pelota, realizar ejercicios atl\u00e9ticos, correr en bicicleta.<\/strong><\/em><\/p>\n<p><em>Y todo rodeado de un magn\u00edfico bosque y de espl\u00e9ndidos jardines, constituyendo, al fin, un incomparable parque deportivo\u00bb.<\/em><\/p>\n<p>Recortes de Prensa.-\u00abLa Voz\u00bb.-Diario independiente de la noche-Madrid, lunes 30-VII-1928.<\/p>\n<p>&nbsp;<\/p>\n<p>&nbsp;<\/p>\n","protected":false},"excerpt":{"rendered":"<p>\u00abS\u00e1nchez Mej\u00edas, el presidente del Real Betis Balompi\u00e9, ha expuesto los proyectos que tiene sobre obras en el\u00a0campo de Tablada \u00e1 orillas del Guadalquivir.\u00a0 Una piscina de 25 metros, es el primer proyecto factible de realizaci\u00f3n. Se har\u00e1 tambi\u00e9n un vel\u00f3dromo. Unos \u00abcourts\u00bb de tenis y con el terreno de f\u00fatbol, las pistas atl\u00e9ticas, etc&#8230;.<\/p>\n","protected":false},"author":48,"featured_media":0,"comment_status":"open","ping_status":"open","sticky":false,"template":"","format":"standard","meta":{"_kad_post_transparent":"","_kad_post_title":"","_kad_post_layout":"","_kad_post_sidebar_id":"","_kad_post_content_style":"","_kad_post_vertical_padding":"","_kad_post_feature":"","_kad_post_feature_position":"","_kad_post_header":false,"_kad_post_footer":false,"_kad_post_classname":"","_jetpack_memberships_contains_paid_content":false,"footnotes":"","jetpack_publicize_message":"","jetpack_publicize_feature_enabled":true,"jetpack_social_post_already_shared":true,"jetpack_social_options":{"image_generator_settings":{"template":"highway","default_image_id":0,"font":"","enabled":false},"version":2}},"categories":[898,906,1],"tags":[2499,1701],"class_list":["post-64963","post","type-post","status-publish","format-standard","hentry","category-1920-1929","category-investigacion-temas","category-portada","tag-2499","tag-ignacio-sanchez-mejias"],"jetpack_publicize_connections":[],"jetpack_featured_media_url":"","jetpack_sharing_enabled":true,"jetpack_shortlink":"https:\/\/wp.me\/p1ij08-gTN","jetpack-related-posts":[],"_links":{"self":[{"href":"https:\/\/www.manquepierda.com\/historiarealbetis\/wp-json\/wp\/v2\/posts\/64963","targetHints":{"allow":["GET"]}}],"collection":[{"href":"https:\/\/www.manquepierda.com\/historiarealbetis\/wp-json\/wp\/v2\/posts"}],"about":[{"href":"https:\/\/www.manquepierda.com\/historiarealbetis\/wp-json\/wp\/v2\/types\/post"}],"author":[{"embeddable":true,"href":"https:\/\/www.manquepierda.com\/historiarealbetis\/wp-json\/wp\/v2\/users\/48"}],"replies":[{"embeddable":true,"href":"https:\/\/www.manquepierda.com\/historiarealbetis\/wp-json\/wp\/v2\/comments?post=64963"}],"version-history":[{"count":1,"href":"https:\/\/www.manquepierda.com\/historiarealbetis\/wp-json\/wp\/v2\/posts\/64963\/revisions"}],"predecessor-version":[{"id":99124,"href":"https:\/\/www.manquepierda.com\/historiarealbetis\/wp-json\/wp\/v2\/posts\/64963\/revisions\/99124"}],"wp:attachment":[{"href":"https:\/\/www.manquepierda.com\/historiarealbetis\/wp-json\/wp\/v2\/media?parent=64963"}],"wp:term":[{"taxonomy":"category","embeddable":true,"href":"https:\/\/www.manquepierda.com\/historiarealbetis\/wp-json\/wp\/v2\/categories?post=64963"},{"taxonomy":"post_tag","embeddable":true,"href":"https:\/\/www.manquepierda.com\/historiarealbetis\/wp-json\/wp\/v2\/tags?post=64963"}],"curies":[{"name":"wp","href":"https:\/\/api.w.org\/{rel}","templated":true}]}}