{"id":64972,"date":"2024-05-26T12:00:00","date_gmt":"2024-05-26T10:00:00","guid":{"rendered":"http:\/\/www.manquepierda.com\/historiarealbetis\/?p=64972"},"modified":"2025-08-19T19:21:42","modified_gmt":"2025-08-19T17:21:42","slug":"hoy-hace-57-anos-2","status":"publish","type":"post","link":"https:\/\/www.manquepierda.com\/historiarealbetis\/hoy-hace-57-anos-2\/","title":{"rendered":"Hoy hace 61 a\u00f1os. Betis 1 Real Madrid 0 en Copa."},"content":{"rendered":"<p><a href=\"https:\/\/i0.wp.com\/www.manquepierda.com\/historiarealbetis\/files\/2018\/05\/26-1963-Betis-1-Real-Madrid-0.jpg?ssl=1\"><img data-recalc-dims=\"1\" loading=\"lazy\" decoding=\"async\" class=\"aligncenter size-medium wp-image-64973\" src=\"https:\/\/i0.wp.com\/www.manquepierda.com\/historiarealbetis\/files\/2018\/05\/26-1963-Betis-1-Real-Madrid-0.jpg?resize=680%2C421&#038;ssl=1\" alt=\"\" width=\"680\" height=\"421\" srcset=\"https:\/\/i0.wp.com\/www.manquepierda.com\/historiarealbetis\/files\/2018\/05\/26-1963-Betis-1-Real-Madrid-0.jpg?resize=680%2C421&amp;ssl=1 680w, https:\/\/i0.wp.com\/www.manquepierda.com\/historiarealbetis\/files\/2018\/05\/26-1963-Betis-1-Real-Madrid-0.jpg?resize=220%2C136&amp;ssl=1 220w, https:\/\/i0.wp.com\/www.manquepierda.com\/historiarealbetis\/files\/2018\/05\/26-1963-Betis-1-Real-Madrid-0.jpg?resize=768%2C476&amp;ssl=1 768w, https:\/\/i0.wp.com\/www.manquepierda.com\/historiarealbetis\/files\/2018\/05\/26-1963-Betis-1-Real-Madrid-0.jpg?resize=960%2C595&amp;ssl=1 960w, https:\/\/i0.wp.com\/www.manquepierda.com\/historiarealbetis\/files\/2018\/05\/26-1963-Betis-1-Real-Madrid-0.jpg?w=991&amp;ssl=1 991w\" sizes=\"auto, (max-width: 680px) 100vw, 680px\" \/><\/a><\/p>\n<p><span style=\"color: #008000\">El 26 de mayo de 1963 el Betis derrota en el Villamar\u00edn por 1-0 al Real Madrid en el partido de ida de cuartos de final de la Copa.<\/span><\/p>\n<p><span style=\"color: #008000\">Un tanto de Luis Aragon\u00e9s a falta de 4 minutos le sirvi\u00f3 al Betis para tomar ventaja en la eliminatoria.<\/span><\/p>\n<p><span style=\"color: #008000\">El Betis, dirigido por Ernesto Pons, aline\u00f3 a Pep\u00edn; Colo, R\u00edos, Grau; Mart\u00ednez, Bosch; Cruz, Pallar\u00e9s, Ansola, Luis y Areta.<\/span><\/p>\n<p><span style=\"color: #008000\">El Real Madrid, entrenado por Miguel Mu\u00f1oz, form\u00f3 con Vicente; Isidro, Santamar\u00eda, Casado; Zoco, Pach\u00edn; Amancio, Ruiz, Di Stefano, Puskas y Bueno.<\/span><\/p>\n<p><span style=\"color: #008000\">En este partido debuta con el Betis en competici\u00f3n oficial Antonio Cruz.\u00a0<\/span><\/p>\n","protected":false},"excerpt":{"rendered":"<p>El 26 de mayo de 1963 el Betis derrota en el Villamar\u00edn por 1-0 al Real Madrid en el partido de ida de cuartos de final de la Copa. Un tanto de Luis Aragon\u00e9s a falta de 4 minutos le sirvi\u00f3 al Betis para tomar ventaja en la eliminatoria. El Betis, dirigido por Ernesto Pons,&#8230;<\/p>\n","protected":false},"author":5,"featured_media":64973,"comment_status":"open","ping_status":"open","sticky":false,"template":"","format":"standard","meta":{"_kad_post_transparent":"","_kad_post_title":"","_kad_post_layout":"","_kad_post_sidebar_id":"","_kad_post_content_style":"","_kad_post_vertical_padding":"","_kad_post_feature":"","_kad_post_feature_position":"","_kad_post_header":false,"_kad_post_footer":false,"_kad_post_classname":"","_jetpack_memberships_contains_paid_content":false,"footnotes":"","jetpack_publicize_message":"","jetpack_publicize_feature_enabled":true,"jetpack_social_post_already_shared":true,"jetpack_social_options":{"image_generator_settings":{"template":"highway","default_image_id":0,"font":"","enabled":false},"version":2}},"categories":[902,14583,1],"tags":[4281,1344,17823,13362],"class_list":["post-64972","post","type-post","status-publish","format-standard","has-post-thumbnail","hentry","category-1960-1969","category-efemerides","category-portada","tag-4281","tag-antonio-cruz","tag-copa-1962-63","tag-real-madrid-cf"],"jetpack_publicize_connections":[],"jetpack_featured_media_url":"https:\/\/i0.wp.com\/www.manquepierda.com\/historiarealbetis\/files\/2018\/05\/26-1963-Betis-1-Real-Madrid-0.jpg?fit=991%2C614&ssl=1","jetpack_sharing_enabled":true,"jetpack_shortlink":"https:\/\/wp.me\/p1ij08-gTW","jetpack-related-posts":[],"_links":{"self":[{"href":"https:\/\/www.manquepierda.com\/historiarealbetis\/wp-json\/wp\/v2\/posts\/64972","targetHints":{"allow":["GET"]}}],"collection":[{"href":"https:\/\/www.manquepierda.com\/historiarealbetis\/wp-json\/wp\/v2\/posts"}],"about":[{"href":"https:\/\/www.manquepierda.com\/historiarealbetis\/wp-json\/wp\/v2\/types\/post"}],"author":[{"embeddable":true,"href":"https:\/\/www.manquepierda.com\/historiarealbetis\/wp-json\/wp\/v2\/users\/5"}],"replies":[{"embeddable":true,"href":"https:\/\/www.manquepierda.com\/historiarealbetis\/wp-json\/wp\/v2\/comments?post=64972"}],"version-history":[{"count":3,"href":"https:\/\/www.manquepierda.com\/historiarealbetis\/wp-json\/wp\/v2\/posts\/64972\/revisions"}],"predecessor-version":[{"id":104422,"href":"https:\/\/www.manquepierda.com\/historiarealbetis\/wp-json\/wp\/v2\/posts\/64972\/revisions\/104422"}],"wp:featuredmedia":[{"embeddable":true,"href":"https:\/\/www.manquepierda.com\/historiarealbetis\/wp-json\/wp\/v2\/media\/64973"}],"wp:attachment":[{"href":"https:\/\/www.manquepierda.com\/historiarealbetis\/wp-json\/wp\/v2\/media?parent=64972"}],"wp:term":[{"taxonomy":"category","embeddable":true,"href":"https:\/\/www.manquepierda.com\/historiarealbetis\/wp-json\/wp\/v2\/categories?post=64972"},{"taxonomy":"post_tag","embeddable":true,"href":"https:\/\/www.manquepierda.com\/historiarealbetis\/wp-json\/wp\/v2\/tags?post=64972"}],"curies":[{"name":"wp","href":"https:\/\/api.w.org\/{rel}","templated":true}]}}