{"id":64975,"date":"2023-05-25T11:00:00","date_gmt":"2023-05-25T09:00:00","guid":{"rendered":"http:\/\/www.manquepierda.com\/historiarealbetis\/?p=64975"},"modified":"2024-10-13T22:49:13","modified_gmt":"2024-10-13T20:49:13","slug":"hoy-hace-92-anos-5","status":"publish","type":"post","link":"https:\/\/www.manquepierda.com\/historiarealbetis\/hoy-hace-92-anos-5\/","title":{"rendered":"Hoy hace 95 a\u00f1os. Ignacio S\u00e1nchez Mej\u00edas elegido presidente."},"content":{"rendered":"<p><a href=\"https:\/\/i0.wp.com\/www.manquepierda.com\/historiarealbetis\/files\/2018\/05\/25-1928-S%C3%A1nchez-Mej%C3%ADas-elegido-presidente.jpg?ssl=1\"><img data-recalc-dims=\"1\" loading=\"lazy\" decoding=\"async\" class=\"aligncenter size-medium wp-image-64976\" src=\"https:\/\/i0.wp.com\/www.manquepierda.com\/historiarealbetis\/files\/2018\/05\/25-1928-S%C3%A1nchez-Mej%C3%ADas-elegido-presidente.jpg?resize=279%2C600&#038;ssl=1\" alt=\"\" width=\"279\" height=\"600\" srcset=\"https:\/\/i0.wp.com\/www.manquepierda.com\/historiarealbetis\/files\/2018\/05\/25-1928-S%C3%A1nchez-Mej%C3%ADas-elegido-presidente.jpg?resize=279%2C600&amp;ssl=1 279w, https:\/\/i0.wp.com\/www.manquepierda.com\/historiarealbetis\/files\/2018\/05\/25-1928-S%C3%A1nchez-Mej%C3%ADas-elegido-presidente.jpg?resize=102%2C220&amp;ssl=1 102w, https:\/\/i0.wp.com\/www.manquepierda.com\/historiarealbetis\/files\/2018\/05\/25-1928-S%C3%A1nchez-Mej%C3%ADas-elegido-presidente.jpg?resize=326%2C700&amp;ssl=1 326w, https:\/\/i0.wp.com\/www.manquepierda.com\/historiarealbetis\/files\/2018\/05\/25-1928-S%C3%A1nchez-Mej%C3%ADas-elegido-presidente.jpg?w=330&amp;ssl=1 330w\" sizes=\"auto, (max-width: 279px) 100vw, 279px\" \/><\/a><\/p>\n<p><span style=\"color: #008000\">El 25 de mayo de 1928 en el sal\u00f3n de actos de la Real Sociedad Econ\u00f3mica de Amigos del Pa\u00eds, sita en la calle Rioja, el Real Betis Balompi\u00e9 celebra su asamblea anual de socios para renovar su directiva.<\/span><\/p>\n<p><span style=\"color: #008000\">En ella es elegido como nuevo presidente de la sociedad Ignacio S\u00e1nchez Mej\u00edas, quien a sus 36 a\u00f1os ocupa la presidencia del club con una directiva en la que destacan sus dos vicepresidentes Adolfo Cu\u00e9llar y Juan Alfonseca, que son los hombres clave para su llegada al frente del club.<\/span><\/p>\n<p><span style=\"color: #008000\">Con S\u00e1nchez Mej\u00edas al frente de la sociedad el Real Betis Balompi\u00e9 dar\u00e1 un paso adelante muy importante en sus ambiciones deportivas, as\u00ed como un gran desarrollo social y econ\u00f3mico que pondr\u00e1 las bases del equipo triunfador de los a\u00f1os 30.&nbsp;<\/span><\/p>\n","protected":false},"excerpt":{"rendered":"<p>El 25 de mayo de 1928 en el sal\u00f3n de actos de la Real Sociedad Econ\u00f3mica de Amigos del Pa\u00eds, sita en la calle Rioja, el Real Betis Balompi\u00e9 celebra su asamblea anual de socios para renovar su directiva. En ella es elegido como nuevo presidente de la sociedad Ignacio S\u00e1nchez Mej\u00edas, quien a sus&#8230;<\/p>\n","protected":false},"author":5,"featured_media":64976,"comment_status":"open","ping_status":"open","sticky":false,"template":"","format":"standard","meta":{"_kad_post_transparent":"","_kad_post_title":"","_kad_post_layout":"","_kad_post_sidebar_id":"","_kad_post_content_style":"","_kad_post_vertical_padding":"","_kad_post_feature":"","_kad_post_feature_position":"","_kad_post_header":false,"_kad_post_footer":false,"_kad_post_classname":"","_jetpack_memberships_contains_paid_content":false,"footnotes":"","jetpack_publicize_message":"","jetpack_publicize_feature_enabled":true,"jetpack_social_post_already_shared":true,"jetpack_social_options":{"image_generator_settings":{"template":"highway","default_image_id":0,"font":"","enabled":false},"version":2}},"categories":[898,14583,1],"tags":[2499,16436,1701],"class_list":["post-64975","post","type-post","status-publish","format-standard","has-post-thumbnail","hentry","category-1920-1929","category-efemerides","category-portada","tag-2499","tag-asamblea-de-socios","tag-ignacio-sanchez-mejias"],"jetpack_publicize_connections":[],"jetpack_featured_media_url":"https:\/\/i0.wp.com\/www.manquepierda.com\/historiarealbetis\/files\/2018\/05\/25-1928-S%C3%A1nchez-Mej%C3%ADas-elegido-presidente.jpg?fit=330%2C709&ssl=1","jetpack_sharing_enabled":true,"jetpack_shortlink":"https:\/\/wp.me\/p1ij08-gTZ","jetpack-related-posts":[],"_links":{"self":[{"href":"https:\/\/www.manquepierda.com\/historiarealbetis\/wp-json\/wp\/v2\/posts\/64975","targetHints":{"allow":["GET"]}}],"collection":[{"href":"https:\/\/www.manquepierda.com\/historiarealbetis\/wp-json\/wp\/v2\/posts"}],"about":[{"href":"https:\/\/www.manquepierda.com\/historiarealbetis\/wp-json\/wp\/v2\/types\/post"}],"author":[{"embeddable":true,"href":"https:\/\/www.manquepierda.com\/historiarealbetis\/wp-json\/wp\/v2\/users\/5"}],"replies":[{"embeddable":true,"href":"https:\/\/www.manquepierda.com\/historiarealbetis\/wp-json\/wp\/v2\/comments?post=64975"}],"version-history":[{"count":1,"href":"https:\/\/www.manquepierda.com\/historiarealbetis\/wp-json\/wp\/v2\/posts\/64975\/revisions"}],"predecessor-version":[{"id":88715,"href":"https:\/\/www.manquepierda.com\/historiarealbetis\/wp-json\/wp\/v2\/posts\/64975\/revisions\/88715"}],"wp:featuredmedia":[{"embeddable":true,"href":"https:\/\/www.manquepierda.com\/historiarealbetis\/wp-json\/wp\/v2\/media\/64976"}],"wp:attachment":[{"href":"https:\/\/www.manquepierda.com\/historiarealbetis\/wp-json\/wp\/v2\/media?parent=64975"}],"wp:term":[{"taxonomy":"category","embeddable":true,"href":"https:\/\/www.manquepierda.com\/historiarealbetis\/wp-json\/wp\/v2\/categories?post=64975"},{"taxonomy":"post_tag","embeddable":true,"href":"https:\/\/www.manquepierda.com\/historiarealbetis\/wp-json\/wp\/v2\/tags?post=64975"}],"curies":[{"name":"wp","href":"https:\/\/api.w.org\/{rel}","templated":true}]}}