{"id":65006,"date":"2018-05-26T10:30:59","date_gmt":"2018-05-26T08:30:59","guid":{"rendered":"http:\/\/www.manquepierda.com\/historiarealbetis\/?p=65006"},"modified":"2024-10-05T00:29:22","modified_gmt":"2024-10-04T22:29:22","slug":"plantilla-temporada-1988-89-2","status":"publish","type":"post","link":"https:\/\/www.manquepierda.com\/historiarealbetis\/plantilla-temporada-1988-89-2\/","title":{"rendered":"Plantilla Temporada 1988-89"},"content":{"rendered":"<p><a href=\"https:\/\/i0.wp.com\/www.manquepierda.com\/historiarealbetis\/files\/2018\/05\/Fotograf%C3%ADa-oficial-Temporada-1988-89.jpg?ssl=1\"><img data-recalc-dims=\"1\" loading=\"lazy\" decoding=\"async\" class=\"aligncenter size-medium wp-image-65007\" src=\"https:\/\/i0.wp.com\/www.manquepierda.com\/historiarealbetis\/files\/2018\/05\/Fotograf%C3%ADa-oficial-Temporada-1988-89.jpg?resize=680%2C499&#038;ssl=1\" alt=\"\" width=\"680\" height=\"499\" srcset=\"https:\/\/i0.wp.com\/www.manquepierda.com\/historiarealbetis\/files\/2018\/05\/Fotograf%C3%ADa-oficial-Temporada-1988-89.jpg?resize=680%2C499&amp;ssl=1 680w, https:\/\/i0.wp.com\/www.manquepierda.com\/historiarealbetis\/files\/2018\/05\/Fotograf%C3%ADa-oficial-Temporada-1988-89.jpg?resize=220%2C161&amp;ssl=1 220w, https:\/\/i0.wp.com\/www.manquepierda.com\/historiarealbetis\/files\/2018\/05\/Fotograf%C3%ADa-oficial-Temporada-1988-89.jpg?w=710&amp;ssl=1 710w\" sizes=\"auto, (max-width: 680px) 100vw, 680px\" \/><\/a><\/p>\n<p>Imagen oficial de la primera plantilla b\u00e9tica en la temporada 1988-89.<\/p>\n<p>En la fila superior Salado, Rodr\u00edguez, Ure\u00f1a, Chano, Miguel Angel II, Trujillo, Gail, Momparlet, Miguel Angel I, Rinc\u00f3n y Pumpido.<\/p>\n<p>En la fila intermedia Diego Soto, Jos\u00e9 Luis, Rub\u00e9n Bilbao, Job, Eusebio R\u00edos, Gerardo Mart\u00ednez Retamero, Jos\u00e9 Ram\u00f3n Esnaola, Puma Rodr\u00edguez, Zafra, Hierro y Vicente Montiel.<\/p>\n<p>En la fila inferior Julio, Nimo, Rojo, S\u00e1nchez Vall\u00e9s, Recha, Calleja, Valent\u00edn, Calder\u00e9, Romo, Carvajal,&nbsp; Torres, L\u00f3pez Ufarte y Y\u00e1\u00f1ez.<\/p>\n<p>&nbsp;<\/p>\n<p>&nbsp;<\/p>\n<p>&nbsp;<\/p>\n","protected":false},"excerpt":{"rendered":"<p>Imagen oficial de la primera plantilla b\u00e9tica en la temporada 1988-89. En la fila superior Salado, Rodr\u00edguez, Ure\u00f1a, Chano, Miguel Angel II, Trujillo, Gail, Momparlet, Miguel Angel I, Rinc\u00f3n y Pumpido. En la fila intermedia Diego Soto, Jos\u00e9 Luis, Rub\u00e9n Bilbao, Job, Eusebio R\u00edos, Gerardo Mart\u00ednez Retamero, Jos\u00e9 Ram\u00f3n Esnaola, Puma Rodr\u00edguez, Zafra, Hierro y&#8230;<\/p>\n","protected":false},"author":5,"featured_media":80133,"comment_status":"open","ping_status":"open","sticky":false,"template":"","format":"standard","meta":{"_kad_post_transparent":"","_kad_post_title":"","_kad_post_layout":"","_kad_post_sidebar_id":"","_kad_post_content_style":"","_kad_post_vertical_padding":"","_kad_post_feature":"","_kad_post_feature_position":"","_kad_post_header":false,"_kad_post_footer":false,"_kad_post_classname":"","_jetpack_memberships_contains_paid_content":false,"footnotes":"","jetpack_publicize_message":"","jetpack_publicize_feature_enabled":true,"jetpack_social_post_already_shared":true,"jetpack_social_options":{"image_generator_settings":{"template":"highway","default_image_id":0,"font":"","enabled":false},"version":2}},"categories":[904,1],"tags":[4127,6400,1357,1438,1609,1429,1212,1148,3778,1428,1374,4170,3012,2690,4044,1145,3849,1302,1430,3022,12731,15494,1449,1417,1366,1478,12756,2687,2686,4128,1051,1442,4047,1373,1475,1606],"class_list":["post-65006","post","type-post","status-publish","format-standard","has-post-thumbnail","hentry","category-1980-1989","category-portada","tag-1988-89","tag-alfonso-salado","tag-antonio-valentin","tag-carmelo-trujillo","tag-diego-soto","tag-eduardo-rodriguez","tag-eusebio-rios","tag-francisco-javier-zafra","tag-gerardo-martinez-retamero","tag-hipolito-rincon","tag-javier-sanchez-valles","tag-jose-calleja","tag-jose-carvajal","tag-jose-luis-puma-rodriguez","tag-jose-luis-vara","tag-jose-maria-alvarez-recha","tag-jose-maria-sanchez-job","tag-jose-ramon-esnaola","tag-jose-ramon-gonzalez-romo","tag-jose-ramon-nimo","tag-jose-torres","tag-juan-antonio-urena","tag-juan-carlos-rojo","tag-julio-garcia","tag-luis-miguel-gail","tag-manuel-hierro","tag-manuel-momparlet","tag-miguel-angel-i-garcia","tag-miguel-angel-ii-martinez","tag-nery-alberto-pumpido","tag-patricio-yanez","tag-ramon-maria-caldere","tag-roberto-lopez-ufarte","tag-ruben-bilbao","tag-sebastian-cruzado-chano","tag-vicente-montiel"],"jetpack_publicize_connections":[],"jetpack_featured_media_url":"https:\/\/i0.wp.com\/www.manquepierda.com\/historiarealbetis\/files\/2018\/05\/Plantilla-Temporada-1988-89.jpg?fit=710%2C521&ssl=1","jetpack_sharing_enabled":true,"jetpack_shortlink":"https:\/\/wp.me\/p1ij08-gUu","jetpack-related-posts":[],"_links":{"self":[{"href":"https:\/\/www.manquepierda.com\/historiarealbetis\/wp-json\/wp\/v2\/posts\/65006","targetHints":{"allow":["GET"]}}],"collection":[{"href":"https:\/\/www.manquepierda.com\/historiarealbetis\/wp-json\/wp\/v2\/posts"}],"about":[{"href":"https:\/\/www.manquepierda.com\/historiarealbetis\/wp-json\/wp\/v2\/types\/post"}],"author":[{"embeddable":true,"href":"https:\/\/www.manquepierda.com\/historiarealbetis\/wp-json\/wp\/v2\/users\/5"}],"replies":[{"embeddable":true,"href":"https:\/\/www.manquepierda.com\/historiarealbetis\/wp-json\/wp\/v2\/comments?post=65006"}],"version-history":[{"count":1,"href":"https:\/\/www.manquepierda.com\/historiarealbetis\/wp-json\/wp\/v2\/posts\/65006\/revisions"}],"predecessor-version":[{"id":100062,"href":"https:\/\/www.manquepierda.com\/historiarealbetis\/wp-json\/wp\/v2\/posts\/65006\/revisions\/100062"}],"wp:featuredmedia":[{"embeddable":true,"href":"https:\/\/www.manquepierda.com\/historiarealbetis\/wp-json\/wp\/v2\/media\/80133"}],"wp:attachment":[{"href":"https:\/\/www.manquepierda.com\/historiarealbetis\/wp-json\/wp\/v2\/media?parent=65006"}],"wp:term":[{"taxonomy":"category","embeddable":true,"href":"https:\/\/www.manquepierda.com\/historiarealbetis\/wp-json\/wp\/v2\/categories?post=65006"},{"taxonomy":"post_tag","embeddable":true,"href":"https:\/\/www.manquepierda.com\/historiarealbetis\/wp-json\/wp\/v2\/tags?post=65006"}],"curies":[{"name":"wp","href":"https:\/\/api.w.org\/{rel}","templated":true}]}}