{"id":65011,"date":"2023-05-28T11:00:00","date_gmt":"2023-05-28T09:00:00","guid":{"rendered":"http:\/\/www.manquepierda.com\/historiarealbetis\/?p=65011"},"modified":"2024-10-13T22:50:18","modified_gmt":"2024-10-13T20:50:18","slug":"hoy-hace-60-anos-5","status":"publish","type":"post","link":"https:\/\/www.manquepierda.com\/historiarealbetis\/hoy-hace-60-anos-5\/","title":{"rendered":"Hoy hace 65 a\u00f1os. Cena homenaje en el Hotel La R\u00e1bida."},"content":{"rendered":"<p><a href=\"https:\/\/i0.wp.com\/www.manquepierda.com\/historiarealbetis\/files\/2018\/05\/28-1958-Cena-Homenaje-en-el-Hotel-La-R%C3%A1bida.jpg?ssl=1\"><img data-recalc-dims=\"1\" loading=\"lazy\" decoding=\"async\" class=\"aligncenter size-medium wp-image-65012\" src=\"https:\/\/i0.wp.com\/www.manquepierda.com\/historiarealbetis\/files\/2018\/05\/28-1958-Cena-Homenaje-en-el-Hotel-La-R%C3%A1bida.jpg?resize=680%2C168&#038;ssl=1\" alt=\"\" width=\"680\" height=\"168\" srcset=\"https:\/\/i0.wp.com\/www.manquepierda.com\/historiarealbetis\/files\/2018\/05\/28-1958-Cena-Homenaje-en-el-Hotel-La-R%C3%A1bida.jpg?resize=680%2C168&amp;ssl=1 680w, https:\/\/i0.wp.com\/www.manquepierda.com\/historiarealbetis\/files\/2018\/05\/28-1958-Cena-Homenaje-en-el-Hotel-La-R%C3%A1bida.jpg?resize=220%2C54&amp;ssl=1 220w, https:\/\/i0.wp.com\/www.manquepierda.com\/historiarealbetis\/files\/2018\/05\/28-1958-Cena-Homenaje-en-el-Hotel-La-R%C3%A1bida.jpg?resize=768%2C190&amp;ssl=1 768w, https:\/\/i0.wp.com\/www.manquepierda.com\/historiarealbetis\/files\/2018\/05\/28-1958-Cena-Homenaje-en-el-Hotel-La-R%C3%A1bida.jpg?resize=960%2C238&amp;ssl=1 960w, https:\/\/i0.wp.com\/www.manquepierda.com\/historiarealbetis\/files\/2018\/05\/28-1958-Cena-Homenaje-en-el-Hotel-La-R%C3%A1bida.jpg?w=1123&amp;ssl=1 1123w\" sizes=\"auto, (max-width: 680px) 100vw, 680px\" \/><\/a><\/p>\n<p><span style=\"color: #008000\">El 28 de mayo de 1958, cuando a\u00fan faltaba un partido para finalizar la temporada pero el Betis ya era equipo de Primera Divisi\u00f3n, se celebra un homenaje a los jugadores, entrenador y directiva en el sevillano Hotel La R\u00e1bida, un establecimiento propiedad del directivo Antonio Ruiz y que en estos a\u00f1os est\u00e1 muy vinculado con diversas actividades relacionadas con el club.<\/span><\/p>\n<p><span style=\"color: #008000\">Con un magn\u00edfico ambiente transcurri\u00f3 la velada, con intervenciones de Antonio Ruiz, el presidente Benito Villamar\u00edn, el entrenador Antonio Barrios y los capitanes Luis Del Sol y Fernando Santos. Cerr\u00f3 el acto el directivo Alberto M\u00e1rquez y finaliz\u00f3 con unas intervenciones humor\u00edsticas de Jos\u00e9 Besteiro \u00abPortu\u00bb y Ram\u00f3n P\u00e9rez \u00abEspej\u00edn\u00bb.&nbsp;<\/span><\/p>\n","protected":false},"excerpt":{"rendered":"<p>El 28 de mayo de 1958, cuando a\u00fan faltaba un partido para finalizar la temporada pero el Betis ya era equipo de Primera Divisi\u00f3n, se celebra un homenaje a los jugadores, entrenador y directiva en el sevillano Hotel La R\u00e1bida, un establecimiento propiedad del directivo Antonio Ruiz y que en estos a\u00f1os est\u00e1 muy vinculado&#8230;<\/p>\n","protected":false},"author":5,"featured_media":65012,"comment_status":"open","ping_status":"open","sticky":false,"template":"","format":"standard","meta":{"_kad_post_transparent":"","_kad_post_title":"","_kad_post_layout":"","_kad_post_sidebar_id":"","_kad_post_content_style":"","_kad_post_vertical_padding":"","_kad_post_feature":"","_kad_post_feature_position":"","_kad_post_header":false,"_kad_post_footer":false,"_kad_post_classname":"","_jetpack_memberships_contains_paid_content":false,"footnotes":"","jetpack_publicize_message":"","jetpack_publicize_feature_enabled":true,"jetpack_social_post_already_shared":true,"jetpack_social_options":{"image_generator_settings":{"template":"highway","default_image_id":0,"font":"","enabled":false},"version":2}},"categories":[901,14583,1],"tags":[1237,1494,17466,15770],"class_list":["post-65011","post","type-post","status-publish","format-standard","has-post-thumbnail","hentry","category-1950-1959","category-efemerides","category-portada","tag-1237","tag-ascenso-1958","tag-homenaje-ascenso-1958","tag-hotel-la-rabida"],"jetpack_publicize_connections":[],"jetpack_featured_media_url":"https:\/\/i0.wp.com\/www.manquepierda.com\/historiarealbetis\/files\/2018\/05\/28-1958-Cena-Homenaje-en-el-Hotel-La-R%C3%A1bida.jpg?fit=1123%2C278&ssl=1","jetpack_sharing_enabled":true,"jetpack_shortlink":"https:\/\/wp.me\/p1ij08-gUz","jetpack-related-posts":[],"_links":{"self":[{"href":"https:\/\/www.manquepierda.com\/historiarealbetis\/wp-json\/wp\/v2\/posts\/65011","targetHints":{"allow":["GET"]}}],"collection":[{"href":"https:\/\/www.manquepierda.com\/historiarealbetis\/wp-json\/wp\/v2\/posts"}],"about":[{"href":"https:\/\/www.manquepierda.com\/historiarealbetis\/wp-json\/wp\/v2\/types\/post"}],"author":[{"embeddable":true,"href":"https:\/\/www.manquepierda.com\/historiarealbetis\/wp-json\/wp\/v2\/users\/5"}],"replies":[{"embeddable":true,"href":"https:\/\/www.manquepierda.com\/historiarealbetis\/wp-json\/wp\/v2\/comments?post=65011"}],"version-history":[{"count":1,"href":"https:\/\/www.manquepierda.com\/historiarealbetis\/wp-json\/wp\/v2\/posts\/65011\/revisions"}],"predecessor-version":[{"id":88719,"href":"https:\/\/www.manquepierda.com\/historiarealbetis\/wp-json\/wp\/v2\/posts\/65011\/revisions\/88719"}],"wp:featuredmedia":[{"embeddable":true,"href":"https:\/\/www.manquepierda.com\/historiarealbetis\/wp-json\/wp\/v2\/media\/65012"}],"wp:attachment":[{"href":"https:\/\/www.manquepierda.com\/historiarealbetis\/wp-json\/wp\/v2\/media?parent=65011"}],"wp:term":[{"taxonomy":"category","embeddable":true,"href":"https:\/\/www.manquepierda.com\/historiarealbetis\/wp-json\/wp\/v2\/categories?post=65011"},{"taxonomy":"post_tag","embeddable":true,"href":"https:\/\/www.manquepierda.com\/historiarealbetis\/wp-json\/wp\/v2\/tags?post=65011"}],"curies":[{"name":"wp","href":"https:\/\/api.w.org\/{rel}","templated":true}]}}