{"id":65155,"date":"2018-06-09T09:30:43","date_gmt":"2018-06-09T07:30:43","guid":{"rendered":"http:\/\/www.manquepierda.com\/historiarealbetis\/?p=65155"},"modified":"2024-08-21T11:23:38","modified_gmt":"2024-08-21T09:23:38","slug":"la-lesion-de-gaston-casas-2001","status":"publish","type":"post","link":"https:\/\/www.manquepierda.com\/historiarealbetis\/la-lesion-de-gaston-casas-2001\/","title":{"rendered":"La lesi\u00f3n de Gast\u00f3n Casas 2001"},"content":{"rendered":"<p><a href=\"https:\/\/i0.wp.com\/www.manquepierda.com\/historiarealbetis\/files\/2018\/06\/Lesi%C3%B3n-de-Gast%C3%B3n-Casas-2001.jpg?ssl=1\"><img data-recalc-dims=\"1\" loading=\"lazy\" decoding=\"async\" class=\"aligncenter size-medium wp-image-65156\" src=\"https:\/\/i0.wp.com\/www.manquepierda.com\/historiarealbetis\/files\/2018\/06\/Lesi%C3%B3n-de-Gast%C3%B3n-Casas-2001.jpg?resize=680%2C383&#038;ssl=1\" alt=\"\" width=\"680\" height=\"383\" srcset=\"https:\/\/i0.wp.com\/www.manquepierda.com\/historiarealbetis\/files\/2018\/06\/Lesi%C3%B3n-de-Gast%C3%B3n-Casas-2001.jpg?resize=680%2C383&amp;ssl=1 680w, https:\/\/i0.wp.com\/www.manquepierda.com\/historiarealbetis\/files\/2018\/06\/Lesi%C3%B3n-de-Gast%C3%B3n-Casas-2001.jpg?resize=220%2C124&amp;ssl=1 220w, https:\/\/i0.wp.com\/www.manquepierda.com\/historiarealbetis\/files\/2018\/06\/Lesi%C3%B3n-de-Gast%C3%B3n-Casas-2001.jpg?resize=768%2C432&amp;ssl=1 768w, https:\/\/i0.wp.com\/www.manquepierda.com\/historiarealbetis\/files\/2018\/06\/Lesi%C3%B3n-de-Gast%C3%B3n-Casas-2001.jpg?w=808&amp;ssl=1 808w\" sizes=\"auto, (max-width: 680px) 100vw, 680px\" \/><\/a><\/p>\n<p>Los inicios de la temporada 2001-02 fueron particularmente brillantes para el delantero argentino Gast\u00f3n Casas. En los 3 primeros partidos de Liga marc\u00f3 4 goles: 2 al M\u00e1laga, uno al Espanyol y uno al Real Madrid. Tambi\u00e9n las prestaciones del equipo que entrenaba Juande Ramos eran muy buenas. Era un equipo reci\u00e9n ascendido y tras 9 jornadas el Betis era el 3\u00ba en la clasificaci\u00f3n, empatado a puntos con el Celta, que era segundo, y a 3 puntos del l\u00edder, el Deportivo de La Coru\u00f1a.<\/p>\n<p>Con estas perspectivas el Betis march\u00f3 a Barcelona para enfrentarse en el Nou Camp al conjunto azulgrana, en quinta posici\u00f3n y un punto menos que los verdiblancos el s\u00e1bado 27 de octubre de 2001.<\/p>\n<p>Prats; Varela, Belenguer, Filipescu, Mingo; Joaqu\u00edn, Calado, Ito, Denilson, Capi; Joao Tom\u00e1s fueron los once elegidos por Juande para saltar al terreno de juego.<\/p>\n<p>Un mal partido para los b\u00e9ticos que al descanso\u00a0 se fueron con 1 gol en contra, obra de Saviola en el minuto 9. En el descanso Amato sustituy\u00f3 a Calado, buscando m\u00e1s profundidad en el ataque b\u00e9tico pero al poco de empezar la segunda parte Rivaldo hizo el 2 a 0 en el minuto 49.<\/p>\n<p>En el 56 Gast\u00f3n Casas supli\u00f3 a Joao Tom\u00e1s y al poco tiempo estuvo a punto de marcar rematando un servicio de Joaqu\u00edn. Pero el Bar\u00e7a ese d\u00eda estuvo intratable y Rivaldo hizo el 3-0 en el 60.<\/p>\n<p>Cuando faltaban pocos minutos para el final del encuentro Gast\u00f3n Casas control\u00f3 un bal\u00f3n y sufri\u00f3 una dura entrada por detr\u00e1s del barcelonista Gerard, que ni siquiera fue sancionada como falta por el colegiado aragon\u00e9s Daud\u00e9n Ib\u00e1\u00f1ez. Casas tuvo que ser retirado en camilla del terreno de juego y trasladado en ambulancia a un centro hospitalario, en el que se le diagnostic\u00f3 una fractura de peron\u00e9.<\/p>\n<p><a href=\"https:\/\/i0.wp.com\/www.manquepierda.com\/historiarealbetis\/files\/2018\/06\/Lesi%C3%B3n-de-Casas-2001-1.jpg?ssl=1\"><img data-recalc-dims=\"1\" loading=\"lazy\" decoding=\"async\" class=\"aligncenter size-full wp-image-65157\" src=\"https:\/\/i0.wp.com\/www.manquepierda.com\/historiarealbetis\/files\/2018\/06\/Lesi%C3%B3n-de-Casas-2001-1.jpg?resize=376%2C427&#038;ssl=1\" alt=\"\" width=\"376\" height=\"427\" srcset=\"https:\/\/i0.wp.com\/www.manquepierda.com\/historiarealbetis\/files\/2018\/06\/Lesi%C3%B3n-de-Casas-2001-1.jpg?w=376&amp;ssl=1 376w, https:\/\/i0.wp.com\/www.manquepierda.com\/historiarealbetis\/files\/2018\/06\/Lesi%C3%B3n-de-Casas-2001-1.jpg?resize=194%2C220&amp;ssl=1 194w\" sizes=\"auto, (max-width: 376px) 100vw, 376px\" \/><\/a><\/p>\n<p>Gast\u00f3n Casas no reaparecer\u00eda en Liga hasta m\u00e1s de seis meses despu\u00e9s en\u00a0 la \u00faltima jornada del Campeonato, el 11 de mayo de 2002 en Mestalla contra el Valencia.<\/p>\n","protected":false},"excerpt":{"rendered":"<p>Los inicios de la temporada 2001-02 fueron particularmente brillantes para el delantero argentino Gast\u00f3n Casas. En los 3 primeros partidos de Liga marc\u00f3 4 goles: 2 al M\u00e1laga, uno al Espanyol y uno al Real Madrid. Tambi\u00e9n las prestaciones del equipo que entrenaba Juande Ramos eran muy buenas. Era un equipo reci\u00e9n ascendido y tras&#8230;<\/p>\n","protected":false},"author":5,"featured_media":65156,"comment_status":"open","ping_status":"open","sticky":false,"template":"","format":"standard","meta":{"_kad_post_transparent":"","_kad_post_title":"","_kad_post_layout":"","_kad_post_sidebar_id":"","_kad_post_content_style":"","_kad_post_vertical_padding":"","_kad_post_feature":"","_kad_post_feature_position":"","_kad_post_header":false,"_kad_post_footer":false,"_kad_post_classname":"","_jetpack_memberships_contains_paid_content":false,"footnotes":"","jetpack_publicize_message":"","jetpack_publicize_feature_enabled":true,"jetpack_social_post_already_shared":true,"jetpack_social_options":{"image_generator_settings":{"template":"highway","default_image_id":0,"font":"","enabled":false},"version":2}},"categories":[4823,1],"tags":[4976,5846,1154,1380,17868],"class_list":["post-65155","post","type-post","status-publish","format-standard","has-post-thumbnail","hentry","category-2000-2009","category-portada","tag-4976","tag-2001-02","tag-fc-barcelona","tag-gaston-casas","tag-liga-primera-2001-02"],"jetpack_publicize_connections":[],"jetpack_featured_media_url":"https:\/\/i0.wp.com\/www.manquepierda.com\/historiarealbetis\/files\/2018\/06\/Lesi%C3%B3n-de-Gast%C3%B3n-Casas-2001.jpg?fit=808%2C455&ssl=1","jetpack_sharing_enabled":true,"jetpack_shortlink":"https:\/\/wp.me\/p1ij08-gWT","jetpack-related-posts":[],"_links":{"self":[{"href":"https:\/\/www.manquepierda.com\/historiarealbetis\/wp-json\/wp\/v2\/posts\/65155","targetHints":{"allow":["GET"]}}],"collection":[{"href":"https:\/\/www.manquepierda.com\/historiarealbetis\/wp-json\/wp\/v2\/posts"}],"about":[{"href":"https:\/\/www.manquepierda.com\/historiarealbetis\/wp-json\/wp\/v2\/types\/post"}],"author":[{"embeddable":true,"href":"https:\/\/www.manquepierda.com\/historiarealbetis\/wp-json\/wp\/v2\/users\/5"}],"replies":[{"embeddable":true,"href":"https:\/\/www.manquepierda.com\/historiarealbetis\/wp-json\/wp\/v2\/comments?post=65155"}],"version-history":[{"count":1,"href":"https:\/\/www.manquepierda.com\/historiarealbetis\/wp-json\/wp\/v2\/posts\/65155\/revisions"}],"predecessor-version":[{"id":97411,"href":"https:\/\/www.manquepierda.com\/historiarealbetis\/wp-json\/wp\/v2\/posts\/65155\/revisions\/97411"}],"wp:featuredmedia":[{"embeddable":true,"href":"https:\/\/www.manquepierda.com\/historiarealbetis\/wp-json\/wp\/v2\/media\/65156"}],"wp:attachment":[{"href":"https:\/\/www.manquepierda.com\/historiarealbetis\/wp-json\/wp\/v2\/media?parent=65155"}],"wp:term":[{"taxonomy":"category","embeddable":true,"href":"https:\/\/www.manquepierda.com\/historiarealbetis\/wp-json\/wp\/v2\/categories?post=65155"},{"taxonomy":"post_tag","embeddable":true,"href":"https:\/\/www.manquepierda.com\/historiarealbetis\/wp-json\/wp\/v2\/tags?post=65155"}],"curies":[{"name":"wp","href":"https:\/\/api.w.org\/{rel}","templated":true}]}}