{"id":65216,"date":"2018-06-15T08:30:32","date_gmt":"2018-06-15T06:30:32","guid":{"rendered":"http:\/\/www.manquepierda.com\/historiarealbetis\/?p=65216"},"modified":"2018-06-13T21:28:23","modified_gmt":"2018-06-13T19:28:23","slug":"presentacion-de-alfonso-2002","status":"publish","type":"post","link":"https:\/\/www.manquepierda.com\/historiarealbetis\/presentacion-de-alfonso-2002\/","title":{"rendered":"Presentaci\u00f3n de Alfonso 2002"},"content":{"rendered":"<p><a href=\"https:\/\/i0.wp.com\/www.manquepierda.com\/historiarealbetis\/files\/2018\/06\/Presentaci%C3%B3n-de-Alfonso-2002-07-16.jpg?ssl=1\"><img data-recalc-dims=\"1\" loading=\"lazy\" decoding=\"async\" class=\"aligncenter size-full wp-image-65217\" src=\"https:\/\/i0.wp.com\/www.manquepierda.com\/historiarealbetis\/files\/2018\/06\/Presentaci%C3%B3n-de-Alfonso-2002-07-16.jpg?resize=543%2C463&#038;ssl=1\" alt=\"\" width=\"543\" height=\"463\" srcset=\"https:\/\/i0.wp.com\/www.manquepierda.com\/historiarealbetis\/files\/2018\/06\/Presentaci%C3%B3n-de-Alfonso-2002-07-16.jpg?w=543&amp;ssl=1 543w, https:\/\/i0.wp.com\/www.manquepierda.com\/historiarealbetis\/files\/2018\/06\/Presentaci%C3%B3n-de-Alfonso-2002-07-16.jpg?resize=220%2C188&amp;ssl=1 220w\" sizes=\"auto, (max-width: 543px) 100vw, 543px\" \/><\/a><\/p>\n<p>El 16 de julio de 2002 es presentado oficialmente el fichaje de Alfonso P\u00e9rz como jugador b\u00e9tico. Se trata de la tercera ocasi\u00f3n en que el jugador es presentado tras las de 1995 y 1996.<\/p>\n<p>Alfonso hab\u00eda abandonado el Betis en el verano de 2000 traspasado al FC Barcelona y ahora volv\u00eda al club verdiblanco en calidad de cedido. La temporada 2000-01 s\u00ed jug\u00f3 en el FC Barcelona, pero en la segunda fue cedido al conjunto franc\u00e9s del Olympique de Marsella.<\/p>\n<p>En sus declaraciones el mismo d\u00eda de la presentaci\u00f3n Alfonso reconoc\u00eda su error: \u00ab<em>Fue una situaci\u00f3n dif\u00edcil. Me hubiese gustado que todo esto no hubiera pasado, que hubiese sido un sue\u00f1o y al abrir los ojos no fuera real. Lo \u00fanico bueno quiz\u00e1s ha sido el conocer una entidad como el Barcelona, aunque deportivamente haya sido un fracaso. Hay que olvidar, aunque ya digo que preferir\u00eda que no hubiese pasado<\/em>\u00bb<\/p>\n<p>&nbsp;<\/p>\n","protected":false},"excerpt":{"rendered":"<p>El 16 de julio de 2002 es presentado oficialmente el fichaje de Alfonso P\u00e9rz como jugador b\u00e9tico. Se trata de la tercera ocasi\u00f3n en que el jugador es presentado tras las de 1995 y 1996. Alfonso hab\u00eda abandonado el Betis en el verano de 2000 traspasado al FC Barcelona y ahora volv\u00eda al club verdiblanco&#8230;<\/p>\n","protected":false},"author":5,"featured_media":65217,"comment_status":"open","ping_status":"open","sticky":false,"template":"","format":"standard","meta":{"_kad_post_transparent":"","_kad_post_title":"","_kad_post_layout":"","_kad_post_sidebar_id":"","_kad_post_content_style":"","_kad_post_vertical_padding":"","_kad_post_feature":"","_kad_post_feature_position":"","_kad_post_header":false,"_kad_post_footer":false,"_kad_post_classname":"","_jetpack_memberships_contains_paid_content":false,"footnotes":"","jetpack_publicize_message":"","jetpack_publicize_feature_enabled":true,"jetpack_social_post_already_shared":true,"jetpack_social_options":{"image_generator_settings":{"template":"highway","default_image_id":0,"font":"","enabled":false},"version":2}},"categories":[4823,1],"tags":[4824,4825,1441],"class_list":["post-65216","post","type-post","status-publish","format-standard","has-post-thumbnail","hentry","category-2000-2009","category-portada","tag-4824","tag-2002-03","tag-alfonso-perez"],"jetpack_publicize_connections":[],"jetpack_featured_media_url":"https:\/\/i0.wp.com\/www.manquepierda.com\/historiarealbetis\/files\/2018\/06\/Presentaci%C3%B3n-de-Alfonso-2002-07-16.jpg?fit=543%2C463&ssl=1","jetpack_sharing_enabled":true,"jetpack_shortlink":"https:\/\/wp.me\/p1ij08-gXS","jetpack-related-posts":[],"_links":{"self":[{"href":"https:\/\/www.manquepierda.com\/historiarealbetis\/wp-json\/wp\/v2\/posts\/65216","targetHints":{"allow":["GET"]}}],"collection":[{"href":"https:\/\/www.manquepierda.com\/historiarealbetis\/wp-json\/wp\/v2\/posts"}],"about":[{"href":"https:\/\/www.manquepierda.com\/historiarealbetis\/wp-json\/wp\/v2\/types\/post"}],"author":[{"embeddable":true,"href":"https:\/\/www.manquepierda.com\/historiarealbetis\/wp-json\/wp\/v2\/users\/5"}],"replies":[{"embeddable":true,"href":"https:\/\/www.manquepierda.com\/historiarealbetis\/wp-json\/wp\/v2\/comments?post=65216"}],"version-history":[{"count":0,"href":"https:\/\/www.manquepierda.com\/historiarealbetis\/wp-json\/wp\/v2\/posts\/65216\/revisions"}],"wp:featuredmedia":[{"embeddable":true,"href":"https:\/\/www.manquepierda.com\/historiarealbetis\/wp-json\/wp\/v2\/media\/65217"}],"wp:attachment":[{"href":"https:\/\/www.manquepierda.com\/historiarealbetis\/wp-json\/wp\/v2\/media?parent=65216"}],"wp:term":[{"taxonomy":"category","embeddable":true,"href":"https:\/\/www.manquepierda.com\/historiarealbetis\/wp-json\/wp\/v2\/categories?post=65216"},{"taxonomy":"post_tag","embeddable":true,"href":"https:\/\/www.manquepierda.com\/historiarealbetis\/wp-json\/wp\/v2\/tags?post=65216"}],"curies":[{"name":"wp","href":"https:\/\/api.w.org\/{rel}","templated":true}]}}