{"id":65227,"date":"2018-06-16T09:18:01","date_gmt":"2018-06-16T07:18:01","guid":{"rendered":"http:\/\/www.manquepierda.com\/historiarealbetis\/?p=65227"},"modified":"2024-08-09T12:54:34","modified_gmt":"2024-08-09T10:54:34","slug":"alineacion-betis-deportivo-rota-1978","status":"publish","type":"post","link":"https:\/\/www.manquepierda.com\/historiarealbetis\/alineacion-betis-deportivo-rota-1978\/","title":{"rendered":"Alineaci\u00f3n Betis Deportivo-Rota 1978"},"content":{"rendered":"<p><a href=\"https:\/\/i0.wp.com\/www.manquepierda.com\/historiarealbetis\/files\/2018\/06\/Alineaci%C3%B3n-Betis-Deportivo-Rota-1978-NMP-ECA-26-09-1978.jpg?ssl=1\"><img data-recalc-dims=\"1\" loading=\"lazy\" decoding=\"async\" class=\"aligncenter size-medium wp-image-65228\" src=\"https:\/\/i0.wp.com\/www.manquepierda.com\/historiarealbetis\/files\/2018\/06\/Alineaci%C3%B3n-Betis-Deportivo-Rota-1978-NMP-ECA-26-09-1978.jpg?resize=680%2C469&#038;ssl=1\" alt=\"\" width=\"680\" height=\"469\" srcset=\"https:\/\/i0.wp.com\/www.manquepierda.com\/historiarealbetis\/files\/2018\/06\/Alineaci%C3%B3n-Betis-Deportivo-Rota-1978-NMP-ECA-26-09-1978.jpg?resize=680%2C469&amp;ssl=1 680w, https:\/\/i0.wp.com\/www.manquepierda.com\/historiarealbetis\/files\/2018\/06\/Alineaci%C3%B3n-Betis-Deportivo-Rota-1978-NMP-ECA-26-09-1978.jpg?resize=220%2C152&amp;ssl=1 220w, https:\/\/i0.wp.com\/www.manquepierda.com\/historiarealbetis\/files\/2018\/06\/Alineaci%C3%B3n-Betis-Deportivo-Rota-1978-NMP-ECA-26-09-1978.jpg?resize=768%2C529&amp;ssl=1 768w, https:\/\/i0.wp.com\/www.manquepierda.com\/historiarealbetis\/files\/2018\/06\/Alineaci%C3%B3n-Betis-Deportivo-Rota-1978-NMP-ECA-26-09-1978.jpg?resize=960%2C662&amp;ssl=1 960w, https:\/\/i0.wp.com\/www.manquepierda.com\/historiarealbetis\/files\/2018\/06\/Alineaci%C3%B3n-Betis-Deportivo-Rota-1978-NMP-ECA-26-09-1978.jpg?resize=75%2C52&amp;ssl=1 75w, https:\/\/i0.wp.com\/www.manquepierda.com\/historiarealbetis\/files\/2018\/06\/Alineaci%C3%B3n-Betis-Deportivo-Rota-1978-NMP-ECA-26-09-1978.jpg?w=1007&amp;ssl=1 1007w\" sizes=\"auto, (max-width: 680px) 100vw, 680px\" \/><\/a><\/p>\n<p>24 de septiembre de 1978 en el campo de Marqu\u00e9s del Contadero&nbsp; Betis Deportivo&nbsp; 3&nbsp; Rota&nbsp; 1; jornada 4 del Campeonato de Liga de Tercera Divisi\u00f3n Grupo VI.<\/p>\n<p>En la imagen arriba Espi\u00f1eira, D\u00edaz, Sampere, Cres, Su\u00e1rez y Pedro; abajo Carre\u00f1o, Corrales, Tello, Niza y Adolfo.<\/p>\n<p>Cres, Corrales y Carre\u00f1o fueron los autores de los goles del filial verdiblanco que se impuso al hasta entonces l\u00edder.<\/p>\n<p>Esteban Areta entrenaba al Betis Deportivo.<\/p>\n","protected":false},"excerpt":{"rendered":"<p>24 de septiembre de 1978 en el campo de Marqu\u00e9s del Contadero&nbsp; Betis Deportivo&nbsp; 3&nbsp; Rota&nbsp; 1; jornada 4 del Campeonato de Liga de Tercera Divisi\u00f3n Grupo VI. En la imagen arriba Espi\u00f1eira, D\u00edaz, Sampere, Cres, Su\u00e1rez y Pedro; abajo Carre\u00f1o, Corrales, Tello, Niza y Adolfo. Cres, Corrales y Carre\u00f1o fueron los autores de los&#8230;<\/p>\n","protected":false},"author":5,"featured_media":65228,"comment_status":"open","ping_status":"open","sticky":false,"template":"","format":"standard","meta":{"_kad_post_transparent":"","_kad_post_title":"","_kad_post_layout":"","_kad_post_sidebar_id":"","_kad_post_content_style":"","_kad_post_vertical_padding":"","_kad_post_feature":"","_kad_post_feature_position":"","_kad_post_header":false,"_kad_post_footer":false,"_kad_post_classname":"","_jetpack_memberships_contains_paid_content":false,"footnotes":"","jetpack_publicize_message":"","jetpack_publicize_feature_enabled":true,"jetpack_social_post_already_shared":true,"jetpack_social_options":{"image_generator_settings":{"template":"highway","default_image_id":0,"font":"","enabled":false},"version":2}},"categories":[903,17191,1],"tags":[59,2227,1116,3355,17196,4328,1631,1471,17802,13982,1634],"class_list":["post-65227","post","type-post","status-publish","format-standard","has-post-thumbnail","hentry","category-1970-1979","category-cantera","category-portada","tag-59","tag-1978-79","tag-adolfo-romero","tag-betis-deportivo-balompie","tag-crescenciano-chacon-cres","tag-cristobal-carreno","tag-jose-antonio-corrales","tag-jose-carlos-fernandez-tello","tag-liga-tercera-1978-79","tag-miguel-niza","tag-pedro-clavijo"],"jetpack_publicize_connections":[],"jetpack_featured_media_url":"https:\/\/i0.wp.com\/www.manquepierda.com\/historiarealbetis\/files\/2018\/06\/Alineaci%C3%B3n-Betis-Deportivo-Rota-1978-NMP-ECA-26-09-1978.jpg?fit=1007%2C694&ssl=1","jetpack_sharing_enabled":true,"jetpack_shortlink":"https:\/\/wp.me\/p1ij08-gY3","jetpack-related-posts":[],"_links":{"self":[{"href":"https:\/\/www.manquepierda.com\/historiarealbetis\/wp-json\/wp\/v2\/posts\/65227","targetHints":{"allow":["GET"]}}],"collection":[{"href":"https:\/\/www.manquepierda.com\/historiarealbetis\/wp-json\/wp\/v2\/posts"}],"about":[{"href":"https:\/\/www.manquepierda.com\/historiarealbetis\/wp-json\/wp\/v2\/types\/post"}],"author":[{"embeddable":true,"href":"https:\/\/www.manquepierda.com\/historiarealbetis\/wp-json\/wp\/v2\/users\/5"}],"replies":[{"embeddable":true,"href":"https:\/\/www.manquepierda.com\/historiarealbetis\/wp-json\/wp\/v2\/comments?post=65227"}],"version-history":[{"count":1,"href":"https:\/\/www.manquepierda.com\/historiarealbetis\/wp-json\/wp\/v2\/posts\/65227\/revisions"}],"predecessor-version":[{"id":95256,"href":"https:\/\/www.manquepierda.com\/historiarealbetis\/wp-json\/wp\/v2\/posts\/65227\/revisions\/95256"}],"wp:featuredmedia":[{"embeddable":true,"href":"https:\/\/www.manquepierda.com\/historiarealbetis\/wp-json\/wp\/v2\/media\/65228"}],"wp:attachment":[{"href":"https:\/\/www.manquepierda.com\/historiarealbetis\/wp-json\/wp\/v2\/media?parent=65227"}],"wp:term":[{"taxonomy":"category","embeddable":true,"href":"https:\/\/www.manquepierda.com\/historiarealbetis\/wp-json\/wp\/v2\/categories?post=65227"},{"taxonomy":"post_tag","embeddable":true,"href":"https:\/\/www.manquepierda.com\/historiarealbetis\/wp-json\/wp\/v2\/tags?post=65227"}],"curies":[{"name":"wp","href":"https:\/\/api.w.org\/{rel}","templated":true}]}}