{"id":65249,"date":"2025-06-19T12:00:00","date_gmt":"2025-06-19T10:00:00","guid":{"rendered":"http:\/\/www.manquepierda.com\/historiarealbetis\/?p=65249"},"modified":"2025-05-03T14:42:45","modified_gmt":"2025-05-03T12:42:45","slug":"hoy-hace-90-anos-2","status":"publish","type":"post","link":"https:\/\/www.manquepierda.com\/historiarealbetis\/hoy-hace-90-anos-2\/","title":{"rendered":"Hoy hace 95 a\u00f1os. Los canarios Adolfo y Timimi debutan con el Betis."},"content":{"rendered":"<p><a href=\"https:\/\/i0.wp.com\/www.manquepierda.com\/historiarealbetis\/files\/2018\/06\/19-1930-Debut-de-Adolfo-y-Timimi.jpg?ssl=1\"><img data-recalc-dims=\"1\" loading=\"lazy\" decoding=\"async\" class=\"aligncenter size-medium wp-image-65250\" src=\"https:\/\/i0.wp.com\/www.manquepierda.com\/historiarealbetis\/files\/2018\/06\/19-1930-Debut-de-Adolfo-y-Timimi.jpg?resize=507%2C600&#038;ssl=1\" alt=\"\" width=\"507\" height=\"600\" srcset=\"https:\/\/i0.wp.com\/www.manquepierda.com\/historiarealbetis\/files\/2018\/06\/19-1930-Debut-de-Adolfo-y-Timimi.jpg?resize=507%2C600&amp;ssl=1 507w, https:\/\/i0.wp.com\/www.manquepierda.com\/historiarealbetis\/files\/2018\/06\/19-1930-Debut-de-Adolfo-y-Timimi.jpg?resize=186%2C220&amp;ssl=1 186w, https:\/\/i0.wp.com\/www.manquepierda.com\/historiarealbetis\/files\/2018\/06\/19-1930-Debut-de-Adolfo-y-Timimi.jpg?resize=592%2C700&amp;ssl=1 592w, https:\/\/i0.wp.com\/www.manquepierda.com\/historiarealbetis\/files\/2018\/06\/19-1930-Debut-de-Adolfo-y-Timimi.jpg?w=656&amp;ssl=1 656w\" sizes=\"auto, (max-width: 507px) 100vw, 507px\" \/><\/a><\/p>\n<p><span style=\"color: #008000\">El 19 de junio de 1930 el Betis se enfrenta en el Patronato en un encuentro amistoso al CD Castell\u00f3n, un partido en el que debutan con el equipo verdiblanco dos jugadores canarios reci\u00e9n fichados: Pedro Gonz\u00e1lez \u00abTimimi\u00bb y Adolfo Mart\u00edn.<\/span><\/p>\n<p><span style=\"color: #008000\">Ambos hab\u00edan jugado recientemente en Sevilla en la eliminatoria de Copa que enfrent\u00f3 al equipo canario del Victoria con el Sevilla, llamando la atenci\u00f3n de los rectores b\u00e9ticos, que se hicieron con su fichaje junto a otro jugador m\u00e1s: Mart\u00edn.<\/span><\/p>\n<p><span style=\"color: #008000\">Tanto Adolfo como Timimi fueron desde este momento elementos importantes del Betis de la primera mitad de los a\u00f1os 30, participando de los \u00e9xitos del conjunto verdiblanco.\u00a0\u00a0<\/span><\/p>\n","protected":false},"excerpt":{"rendered":"<p>El 19 de junio de 1930 el Betis se enfrenta en el Patronato en un encuentro amistoso al CD Castell\u00f3n, un partido en el que debutan con el equipo verdiblanco dos jugadores canarios reci\u00e9n fichados: Pedro Gonz\u00e1lez \u00abTimimi\u00bb y Adolfo Mart\u00edn. Ambos hab\u00edan jugado recientemente en Sevilla en la eliminatoria de Copa que enfrent\u00f3 al&#8230;<\/p>\n","protected":false},"author":5,"featured_media":65250,"comment_status":"open","ping_status":"open","sticky":false,"template":"","format":"standard","meta":{"_kad_post_transparent":"","_kad_post_title":"","_kad_post_layout":"","_kad_post_sidebar_id":"","_kad_post_content_style":"","_kad_post_vertical_padding":"","_kad_post_feature":"","_kad_post_feature_position":"","_kad_post_header":false,"_kad_post_footer":false,"_kad_post_classname":"","_jetpack_memberships_contains_paid_content":false,"footnotes":"","jetpack_publicize_message":"","jetpack_publicize_feature_enabled":true,"jetpack_social_post_already_shared":true,"jetpack_social_options":{"image_generator_settings":{"template":"highway","default_image_id":0,"font":"","enabled":false},"version":2}},"categories":[899,14583,1],"tags":[17767,7758,1113],"class_list":["post-65249","post","type-post","status-publish","format-standard","has-post-thumbnail","hentry","category-1930-1939","category-efemerides","category-portada","tag-17767","tag-adolfo-martin","tag-pedro-gonzalez-timimi"],"jetpack_publicize_connections":[],"jetpack_featured_media_url":"https:\/\/i0.wp.com\/www.manquepierda.com\/historiarealbetis\/files\/2018\/06\/19-1930-Debut-de-Adolfo-y-Timimi.jpg?fit=656%2C776&ssl=1","jetpack_sharing_enabled":true,"jetpack_shortlink":"https:\/\/wp.me\/p1ij08-gYp","jetpack-related-posts":[],"_links":{"self":[{"href":"https:\/\/www.manquepierda.com\/historiarealbetis\/wp-json\/wp\/v2\/posts\/65249","targetHints":{"allow":["GET"]}}],"collection":[{"href":"https:\/\/www.manquepierda.com\/historiarealbetis\/wp-json\/wp\/v2\/posts"}],"about":[{"href":"https:\/\/www.manquepierda.com\/historiarealbetis\/wp-json\/wp\/v2\/types\/post"}],"author":[{"embeddable":true,"href":"https:\/\/www.manquepierda.com\/historiarealbetis\/wp-json\/wp\/v2\/users\/5"}],"replies":[{"embeddable":true,"href":"https:\/\/www.manquepierda.com\/historiarealbetis\/wp-json\/wp\/v2\/comments?post=65249"}],"version-history":[{"count":2,"href":"https:\/\/www.manquepierda.com\/historiarealbetis\/wp-json\/wp\/v2\/posts\/65249\/revisions"}],"predecessor-version":[{"id":103006,"href":"https:\/\/www.manquepierda.com\/historiarealbetis\/wp-json\/wp\/v2\/posts\/65249\/revisions\/103006"}],"wp:featuredmedia":[{"embeddable":true,"href":"https:\/\/www.manquepierda.com\/historiarealbetis\/wp-json\/wp\/v2\/media\/65250"}],"wp:attachment":[{"href":"https:\/\/www.manquepierda.com\/historiarealbetis\/wp-json\/wp\/v2\/media?parent=65249"}],"wp:term":[{"taxonomy":"category","embeddable":true,"href":"https:\/\/www.manquepierda.com\/historiarealbetis\/wp-json\/wp\/v2\/categories?post=65249"},{"taxonomy":"post_tag","embeddable":true,"href":"https:\/\/www.manquepierda.com\/historiarealbetis\/wp-json\/wp\/v2\/tags?post=65249"}],"curies":[{"name":"wp","href":"https:\/\/api.w.org\/{rel}","templated":true}]}}