{"id":65317,"date":"2025-06-26T12:00:00","date_gmt":"2025-06-26T10:00:00","guid":{"rendered":"http:\/\/www.manquepierda.com\/historiarealbetis\/?p=65317"},"modified":"2025-05-03T17:59:27","modified_gmt":"2025-05-03T15:59:27","slug":"hace-63-anos","status":"publish","type":"post","link":"https:\/\/www.manquepierda.com\/historiarealbetis\/hace-63-anos\/","title":{"rendered":"Hoy hace 70 a\u00f1os. Betis 3 Algeciras 0 en la Copa Andaluc\u00eda."},"content":{"rendered":"<p><a href=\"https:\/\/i0.wp.com\/www.manquepierda.com\/historiarealbetis\/files\/2018\/06\/26-1955-Betis-3-Algeciras-0-.jpg?ssl=1\"><img data-recalc-dims=\"1\" loading=\"lazy\" decoding=\"async\" class=\"aligncenter size-medium wp-image-65318\" src=\"https:\/\/i0.wp.com\/www.manquepierda.com\/historiarealbetis\/files\/2018\/06\/26-1955-Betis-3-Algeciras-0-.jpg?resize=680%2C533&#038;ssl=1\" alt=\"\" width=\"680\" height=\"533\" srcset=\"https:\/\/i0.wp.com\/www.manquepierda.com\/historiarealbetis\/files\/2018\/06\/26-1955-Betis-3-Algeciras-0-.jpg?resize=680%2C533&amp;ssl=1 680w, https:\/\/i0.wp.com\/www.manquepierda.com\/historiarealbetis\/files\/2018\/06\/26-1955-Betis-3-Algeciras-0-.jpg?resize=220%2C172&amp;ssl=1 220w, https:\/\/i0.wp.com\/www.manquepierda.com\/historiarealbetis\/files\/2018\/06\/26-1955-Betis-3-Algeciras-0-.jpg?resize=768%2C602&amp;ssl=1 768w, https:\/\/i0.wp.com\/www.manquepierda.com\/historiarealbetis\/files\/2018\/06\/26-1955-Betis-3-Algeciras-0-.jpg?w=884&amp;ssl=1 884w\" sizes=\"auto, (max-width: 680px) 100vw, 680px\" \/><\/a><\/p>\n<p><span style=\"color: #008000\">El 26 de junio de 1955 el Betis derrota 3-0 al Algeciras en Heli\u00f3polis en partido de la jornada 9 de la Copa Andaluc\u00eda.<\/span><\/p>\n<p><span style=\"color: #008000\">Dos goles de Villota y uno de Barranco dieron la victoria al equipo verdiblanco, en el d\u00eda en que \u00e9ste \u00faltimo debut\u00f3 procedente del Ceuta.<\/span><\/p>\n<p><span style=\"color: #008000\">El Betis, entrenado por Pepe Valera, form\u00f3 con Am\u00e9rico; Portu, Gabilondo, Cifuentes;\u00a0 Seoane, Pe\u00f1afuerte; Barranco, Orive, Villota, Aumesquet y Del Sol.<\/span><\/p>\n<p><span style=\"color: #008000\">El Algeciras, dirigido por Camilo Liz, aline\u00f3 a Avila; Herrera, Lupo, Torres; Herrero, Espej\u00edn; Pierita, Anto\u00f1ito, Saborido, Juli y Pil\u00edn.\u00a0 \u00a0<\/span><\/p>\n","protected":false},"excerpt":{"rendered":"<p>El 26 de junio de 1955 el Betis derrota 3-0 al Algeciras en Heli\u00f3polis en partido de la jornada 9 de la Copa Andaluc\u00eda. Dos goles de Villota y uno de Barranco dieron la victoria al equipo verdiblanco, en el d\u00eda en que \u00e9ste \u00faltimo debut\u00f3 procedente del Ceuta. El Betis, entrenado por Pepe Valera,&#8230;<\/p>\n","protected":false},"author":5,"featured_media":65318,"comment_status":"open","ping_status":"open","sticky":false,"template":"","format":"standard","meta":{"_kad_post_transparent":"","_kad_post_title":"","_kad_post_layout":"","_kad_post_sidebar_id":"","_kad_post_content_style":"","_kad_post_vertical_padding":"","_kad_post_feature":"","_kad_post_feature_position":"","_kad_post_header":false,"_kad_post_footer":false,"_kad_post_classname":"","_jetpack_memberships_contains_paid_content":false,"footnotes":"","jetpack_publicize_message":"","jetpack_publicize_feature_enabled":true,"jetpack_social_post_already_shared":true,"jetpack_social_options":{"image_generator_settings":{"template":"highway","default_image_id":0,"font":"","enabled":false},"version":2}},"categories":[901,14583,1],"tags":[55,15348,18086],"class_list":["post-65317","post","type-post","status-publish","format-standard","has-post-thumbnail","hentry","category-1950-1959","category-efemerides","category-portada","tag-55","tag-algeciras-cf","tag-copa-andalucia-1954-55"],"jetpack_publicize_connections":[],"jetpack_featured_media_url":"https:\/\/i0.wp.com\/www.manquepierda.com\/historiarealbetis\/files\/2018\/06\/26-1955-Betis-3-Algeciras-0-.jpg?fit=884%2C693&ssl=1","jetpack_sharing_enabled":true,"jetpack_shortlink":"https:\/\/wp.me\/p1ij08-gZv","jetpack-related-posts":[],"_links":{"self":[{"href":"https:\/\/www.manquepierda.com\/historiarealbetis\/wp-json\/wp\/v2\/posts\/65317","targetHints":{"allow":["GET"]}}],"collection":[{"href":"https:\/\/www.manquepierda.com\/historiarealbetis\/wp-json\/wp\/v2\/posts"}],"about":[{"href":"https:\/\/www.manquepierda.com\/historiarealbetis\/wp-json\/wp\/v2\/types\/post"}],"author":[{"embeddable":true,"href":"https:\/\/www.manquepierda.com\/historiarealbetis\/wp-json\/wp\/v2\/users\/5"}],"replies":[{"embeddable":true,"href":"https:\/\/www.manquepierda.com\/historiarealbetis\/wp-json\/wp\/v2\/comments?post=65317"}],"version-history":[{"count":3,"href":"https:\/\/www.manquepierda.com\/historiarealbetis\/wp-json\/wp\/v2\/posts\/65317\/revisions"}],"predecessor-version":[{"id":103017,"href":"https:\/\/www.manquepierda.com\/historiarealbetis\/wp-json\/wp\/v2\/posts\/65317\/revisions\/103017"}],"wp:featuredmedia":[{"embeddable":true,"href":"https:\/\/www.manquepierda.com\/historiarealbetis\/wp-json\/wp\/v2\/media\/65318"}],"wp:attachment":[{"href":"https:\/\/www.manquepierda.com\/historiarealbetis\/wp-json\/wp\/v2\/media?parent=65317"}],"wp:term":[{"taxonomy":"category","embeddable":true,"href":"https:\/\/www.manquepierda.com\/historiarealbetis\/wp-json\/wp\/v2\/categories?post=65317"},{"taxonomy":"post_tag","embeddable":true,"href":"https:\/\/www.manquepierda.com\/historiarealbetis\/wp-json\/wp\/v2\/tags?post=65317"}],"curies":[{"name":"wp","href":"https:\/\/api.w.org\/{rel}","templated":true}]}}