{"id":65324,"date":"2018-06-29T12:00:34","date_gmt":"2018-06-29T10:00:34","guid":{"rendered":"http:\/\/www.manquepierda.com\/historiarealbetis\/?p=65324"},"modified":"2024-08-19T09:59:49","modified_gmt":"2024-08-19T07:59:49","slug":"hoy-hace-62-anos","status":"publish","type":"post","link":"https:\/\/www.manquepierda.com\/historiarealbetis\/hoy-hace-62-anos\/","title":{"rendered":"Hoy hace 62 a\u00f1os. Espa\u00f1a Industrial 3 Betis 2."},"content":{"rendered":"<p><a href=\"https:\/\/i0.wp.com\/www.manquepierda.com\/historiarealbetis\/files\/2018\/06\/29-1956-Espa%C3%B1a-Industrial-3-Betis-2-1.jpg?ssl=1\"><img data-recalc-dims=\"1\" loading=\"lazy\" decoding=\"async\" class=\"aligncenter size-medium wp-image-65327\" src=\"https:\/\/i0.wp.com\/www.manquepierda.com\/historiarealbetis\/files\/2018\/06\/29-1956-Espa%C3%B1a-Industrial-3-Betis-2-1.jpg?resize=310%2C461&#038;ssl=1\" alt=\"\" width=\"310\" height=\"461\" srcset=\"https:\/\/i0.wp.com\/www.manquepierda.com\/historiarealbetis\/files\/2018\/06\/29-1956-Espa%C3%B1a-Industrial-3-Betis-2-1.jpg?w=310&amp;ssl=1 310w, https:\/\/i0.wp.com\/www.manquepierda.com\/historiarealbetis\/files\/2018\/06\/29-1956-Espa%C3%B1a-Industrial-3-Betis-2-1.jpg?resize=148%2C220&amp;ssl=1 148w\" sizes=\"auto, (max-width: 310px) 100vw, 310px\" \/><\/a><\/p>\n<p><span style=\"color: #008000\">El 29 de junio de 1956 el Betis es derrotado 3-2 en Barcelona en el campo de Las Corts por el Espa\u00f1a Industrial en partido de la jornada 10 de la Liguilla de ascenso a Primera Divisi\u00f3n.<\/span><\/p>\n<p><span style=\"color: #008000\">Cela y Felipe fueron los autores de los tantos b\u00e9ticos, que adelantaron al equipo verdiblanco en la primera parte, para ser superados en la segunda.<\/span><\/p>\n<p><span style=\"color: #008000\">El Espa\u00f1a Industrial, entrenado por Miguel Gual, aline\u00f3 a Estrems; Sim\u00f3, Olivella, Pinto; Verg\u00e9s, Mora; Basora II, Allende, Ribera, Bell\u00e9s y Bert\u00e1n.<\/span><\/p>\n<p><span style=\"color: #008000\">El Betis, dirigido por Pepe Valera, form\u00f3 con Am\u00e9rico; Portu, Vilari\u00f1o, Cabrera; Lora, Felipe; Pe\u00f1afuerte, Villota, Cela, Guerrero y Del Sol.\u00a0<\/span><\/p>\n","protected":false},"excerpt":{"rendered":"<p>El 29 de junio de 1956 el Betis es derrotado 3-2 en Barcelona en el campo de Las Corts por el Espa\u00f1a Industrial en partido de la jornada 10 de la Liguilla de ascenso a Primera Divisi\u00f3n. Cela y Felipe fueron los autores de los tantos b\u00e9ticos, que adelantaron al equipo verdiblanco en la primera&#8230;<\/p>\n","protected":false},"author":5,"featured_media":65327,"comment_status":"open","ping_status":"open","sticky":false,"template":"","format":"standard","meta":{"_kad_post_transparent":"","_kad_post_title":"","_kad_post_layout":"","_kad_post_sidebar_id":"","_kad_post_content_style":"","_kad_post_vertical_padding":"","_kad_post_feature":"","_kad_post_feature_position":"","_kad_post_header":false,"_kad_post_footer":false,"_kad_post_classname":"","_jetpack_memberships_contains_paid_content":false,"footnotes":"","jetpack_publicize_message":"","jetpack_publicize_feature_enabled":true,"jetpack_social_post_already_shared":true,"jetpack_social_options":{"image_generator_settings":{"template":"highway","default_image_id":0,"font":"","enabled":false},"version":2}},"categories":[901,14583,1],"tags":[1239,1492,17881],"class_list":["post-65324","post","type-post","status-publish","format-standard","has-post-thumbnail","hentry","category-1950-1959","category-efemerides","category-portada","tag-1239","tag-espana-industrial","tag-liga-segunda-1955-56"],"jetpack_publicize_connections":[],"jetpack_featured_media_url":"https:\/\/i0.wp.com\/www.manquepierda.com\/historiarealbetis\/files\/2018\/06\/29-1956-Espa%C3%B1a-Industrial-3-Betis-2-1.jpg?fit=310%2C461&ssl=1","jetpack_sharing_enabled":true,"jetpack_shortlink":"https:\/\/wp.me\/p1ij08-gZC","jetpack-related-posts":[],"_links":{"self":[{"href":"https:\/\/www.manquepierda.com\/historiarealbetis\/wp-json\/wp\/v2\/posts\/65324","targetHints":{"allow":["GET"]}}],"collection":[{"href":"https:\/\/www.manquepierda.com\/historiarealbetis\/wp-json\/wp\/v2\/posts"}],"about":[{"href":"https:\/\/www.manquepierda.com\/historiarealbetis\/wp-json\/wp\/v2\/types\/post"}],"author":[{"embeddable":true,"href":"https:\/\/www.manquepierda.com\/historiarealbetis\/wp-json\/wp\/v2\/users\/5"}],"replies":[{"embeddable":true,"href":"https:\/\/www.manquepierda.com\/historiarealbetis\/wp-json\/wp\/v2\/comments?post=65324"}],"version-history":[{"count":1,"href":"https:\/\/www.manquepierda.com\/historiarealbetis\/wp-json\/wp\/v2\/posts\/65324\/revisions"}],"predecessor-version":[{"id":97144,"href":"https:\/\/www.manquepierda.com\/historiarealbetis\/wp-json\/wp\/v2\/posts\/65324\/revisions\/97144"}],"wp:featuredmedia":[{"embeddable":true,"href":"https:\/\/www.manquepierda.com\/historiarealbetis\/wp-json\/wp\/v2\/media\/65327"}],"wp:attachment":[{"href":"https:\/\/www.manquepierda.com\/historiarealbetis\/wp-json\/wp\/v2\/media?parent=65324"}],"wp:term":[{"taxonomy":"category","embeddable":true,"href":"https:\/\/www.manquepierda.com\/historiarealbetis\/wp-json\/wp\/v2\/categories?post=65324"},{"taxonomy":"post_tag","embeddable":true,"href":"https:\/\/www.manquepierda.com\/historiarealbetis\/wp-json\/wp\/v2\/tags?post=65324"}],"curies":[{"name":"wp","href":"https:\/\/api.w.org\/{rel}","templated":true}]}}