{"id":65330,"date":"2018-06-26T07:33:56","date_gmt":"2018-06-26T05:33:56","guid":{"rendered":"http:\/\/www.manquepierda.com\/historiarealbetis\/?p=65330"},"modified":"2018-06-26T07:26:57","modified_gmt":"2018-06-26T05:26:57","slug":"entrevista-eusebio-rios-1961","status":"publish","type":"post","link":"https:\/\/www.manquepierda.com\/historiarealbetis\/entrevista-eusebio-rios-1961\/","title":{"rendered":"Entrevista Eusebio R\u00edos 1961"},"content":{"rendered":"<p><a href=\"https:\/\/i0.wp.com\/www.manquepierda.com\/historiarealbetis\/files\/2018\/06\/Entrevista-Eusebio-R%C3%ADos-1961-NMP-VyB-Enero-1961.jpg?ssl=1\"><img data-recalc-dims=\"1\" loading=\"lazy\" decoding=\"async\" class=\"aligncenter size-medium wp-image-65331\" src=\"https:\/\/i0.wp.com\/www.manquepierda.com\/historiarealbetis\/files\/2018\/06\/Entrevista-Eusebio-R%C3%ADos-1961-NMP-VyB-Enero-1961.jpg?resize=607%2C600&#038;ssl=1\" alt=\"\" width=\"607\" height=\"600\" srcset=\"https:\/\/i0.wp.com\/www.manquepierda.com\/historiarealbetis\/files\/2018\/06\/Entrevista-Eusebio-R%C3%ADos-1961-NMP-VyB-Enero-1961.jpg?resize=607%2C600&amp;ssl=1 607w, https:\/\/i0.wp.com\/www.manquepierda.com\/historiarealbetis\/files\/2018\/06\/Entrevista-Eusebio-R%C3%ADos-1961-NMP-VyB-Enero-1961.jpg?resize=220%2C217&amp;ssl=1 220w, https:\/\/i0.wp.com\/www.manquepierda.com\/historiarealbetis\/files\/2018\/06\/Entrevista-Eusebio-R%C3%ADos-1961-NMP-VyB-Enero-1961.jpg?w=680&amp;ssl=1 680w\" sizes=\"auto, (max-width: 607px) 100vw, 607px\" \/><\/a><\/p>\n<p>En enero de 1961 se publica en la revista VERDE Y BLANCO esta entrevista con Eusebio R\u00edos, el defensa central vasco que cumpl\u00eda entonces su tercera temporada en el Betis.<\/p>\n<p>En ella aparece acompa\u00f1ado de su esposa, dado que la entrevista se realiz\u00f3 en su domicilio, y repasa los temas de la\u00a0 actualidad verdiblanca, as\u00ed como su llegada al club o su posible internacionalidad, que no se concretar\u00eda hasta 3 a\u00f1os despu\u00e9s.<\/p>\n<p>&nbsp;<\/p>\n<p><span style=\"color: #008000\"><em>Aquel jugador que adquiri\u00f3 el Betis hace tres a\u00f1os, sin que su fichaje obtuviera mucho bombo y platillo, se ha convertido hoy en uno de los m\u00e1s serios candidatos al entorchado de internacional. Hablamos de R\u00edos.<\/em><\/span><\/p>\n<p><span style=\"color: #008000\"><em>Nos personamos en busca de un reportaje en el domicilio de los se\u00f1ores de R\u00edos. Estancia acogedora. La charla comienza en seguida.<\/em><\/span><\/p>\n<p><span style=\"color: #008000\"><em>&#8211; Eusebio, \u00bfcu\u00e1ndo llegaste a Sevilla? \u00bfLo recuerdas?<\/em><\/span><\/p>\n<p><span style=\"color: #008000\"><em>&#8211; El d\u00eda 4 de septiembre de 1958<\/em><\/span><\/p>\n<p><span style=\"color: #008000\"><em>El excelente central b\u00e9tico recuerda sus primeros equipos, principalmente el Indauchu, donde actu\u00f3 dos temporadas. Jugar en el Indauchu y no seguir la trayectoria ascendente en un equipo del Norte extra\u00f1\u00f3 a todos, hasta el extremo de que hubo quien dud\u00f3 de su val\u00eda. No ser\u00e1 muy bueno, se coment\u00f3, cuando no ha ido al Atl\u00e9tico de Bilbao. R\u00edos comenta esto y dice:<\/em><\/span><\/p>\n<p><span style=\"color: #008000\"><em>&#8211; Siempre se ha dicho que es dif\u00edcil ser profeta en la tierra de uno. Adem\u00e1s, como profesional, debo decir que no me pagaban por all\u00ed lo que yo cre\u00eda poder exigir<\/em><\/span><\/p>\n<p><span style=\"color: #008000\"><em>R\u00edos acaba de cumplir los veinticinco a\u00f1os. Nos recuerda el d\u00eda de su debut con el Betis en Primera. Fue el 21 de septiembre, partido de eterna rivalidad e inauguraci\u00f3n oficial del Estadio del Sevilla.<\/em><\/span><\/p>\n<p><span style=\"color: #008000\"><em>&#8211; \u00bfRecuerdos de aquel choque?<\/em><\/span><\/p>\n<p><span style=\"color: #008000\"><em>&#8211; Muchos y todos gratos. El resultado, el debut y aquella prima que nos concedieron y que para m\u00ed supon\u00eda tanto como lo que ven\u00eda ganando en el Indauchu en una temporada. En aquel encuentro, como en todos, la afici\u00f3n del Betis me ayud\u00f3 mucho para conseguir el triunfo<\/em><\/span><\/p>\n<p><span style=\"color: #008000\"><em>&#8211; Varias han sido las veces que has actuado en Madrid. All\u00ed est\u00e1 visto que el nerviosismo hace presa de todos o casi todos. \u00bfDe ti?<\/em><\/span><\/p>\n<p><span style=\"color: #008000\"><em>&#8211; Antes iba a Madrid con un complejo b\u00e1rbaro, sobre todo al Metropolitano. Este a\u00f1o no puedo decir lo mismo. Frente al Atl\u00e9tico consegu\u00ed quedar bien y esto me anima a pronosticar que el complejo ha desaparecido totalmente<\/em><\/span><\/p>\n<p><span style=\"color: #008000\"><em>&#8211; \u00bfPor qu\u00e9 no has conseguido a\u00fan la internacionalidad?<\/em><\/span><\/p>\n<p><span style=\"color: #008000\"><em>&#8211; No soy el m\u00e1s indicado para responder a esa pregunta, pregunta que suelen hac\u00e9rmela continuamente y que no encuentra respuesta. Llevo tres a\u00f1os en Primera Divisi\u00f3n cumpliendo a satisfacci\u00f3n de todos, tal vez por ello tenga la confianza de que alg\u00fan d\u00eda se acordar\u00e1n de m\u00ed. Recuerdo que cuando fui preseleccionado, la selecci\u00f3n nacional estaba ya formada y puede decirse que mi presencia, s\u00f3lo en el segundo tiempo, sirvi\u00f3 para cubrir el expediente. Esto acab\u00f3 por desanimarme<\/em><\/span><\/p>\n<p><span style=\"color: #008000\"><em>&#8211; Se\u00f1ala al mejor central del momento<\/em><\/span><\/p>\n<p><span style=\"color: #008000\"><em>&#8211; Actualmente el madridista Santamar\u00eda es el m\u00e1s positivo. Detr\u00e1s, Etura<\/em><\/span><\/p>\n<p><span style=\"color: #008000\"><em>&#8211; \u00bfY Garay?<\/em><\/span><\/p>\n<p><span style=\"color: #008000\"><em>&#8211; Lo fue; ahora no. El f\u00fatbol actual es muy distinto. Garay es demasiado elegante y de una tranquilidad asombrosa<\/em><\/span><\/p>\n<p><span style=\"color: #008000\"><em>&#8211; \u00bfC\u00f3mo es R\u00edos?<\/em><\/span><\/p>\n<p><span style=\"color: #008000\"><em>&#8211; Un central que se mantiene en Primera y que no le gusta autorretratarse como jugador. La cr\u00edtica y la afici\u00f3n son los que deben de juzgarme<\/em><\/span><\/p>\n<p><span style=\"color: #008000\"><em>La se\u00f1ora de R\u00edos escucha las respuestas. Confiesa que no es muy buena aficionada al f\u00fatbol, pero esto no es obst\u00e1culo para que tambi\u00e9n ayude a completar nuestro trabajo.<\/em><\/span><\/p>\n<p><span style=\"color: #008000\"><em>&#8211; \u00bfC\u00f3mo es R\u00edos?, le preguntamos<\/em><\/span><\/p>\n<p><span style=\"color: #008000\"><em>&#8211; Ya lo ve. Muy alto, moreno y un gran muchacho. Tiene la gran virtud de que se lleva bien con todos<\/em><\/span><\/p>\n<p><span style=\"color: #008000\"><em>&#8211; \u00bfD\u00f3nde le conoci\u00f3?<\/em><\/span><\/p>\n<p><span style=\"color: #008000\"><em>&#8211; En Sestao. Hace seis a\u00f1os<\/em><\/span><\/p>\n<p><span style=\"color: #008000\"><em>&#8211; \u00bfQu\u00e9 pens\u00f3 cuando se vino a Sevilla?<\/em><\/span><\/p>\n<p><span style=\"color: #008000\"><em>&#8211; Lo que piensa toda mujer cuando se marcha el novio a muchos kil\u00f3metros de distancia<\/em><\/span><\/p>\n<p><span style=\"color: #008000\"><em>\u00bfQu\u00e9 concepto ten\u00eda de los sevillanos?<\/em><\/span><\/p>\n<p><span style=\"color: #008000\"><em>&#8211; Muy bueno. Siempre me hablaron bien de esta acogedora ciudad, lo mismo que de toda Andaluc\u00eda<\/em><\/span><\/p>\n<p><span style=\"color: #008000\"><em>&#8211; Muchas gracias. Seguimos ahora con el esposo. \u00bfContento en el Betis y en Sevilla, Eusebio?<\/em><\/span><\/p>\n<p><span style=\"color: #008000\"><em>&#8211; Mucho. Tanto que, aunque termino el contrato este a\u00f1o, no pienso marcharme. Estoy dispuesto a firmar en blanco. Conozco bien al Betis y, si le hago falta, cuando llegue el momento de la renovaci\u00f3n, siempre me tendr\u00e1 a su disposici\u00f3n. Puedo asegurar que no he conocido ni conocer\u00e9 una afici\u00f3n como la que sigue al Betis.<\/em><\/span><\/p>\n<p><span style=\"color: #008000\"><em>Nos dirigimos a continuaci\u00f3n a la esposa de R\u00edos.<\/em><\/span><\/p>\n<p><span style=\"color: #008000\"><em>&#8211; \u00bfVa usted a ver jugar a su marido?<\/em><\/span><\/p>\n<p><span style=\"color: #008000\"><em>&#8211; Siempre que juega me quedo en casa escuchando la radio<\/em><\/span><\/p>\n<p><span style=\"color: #008000\"><em>&#8211; \u00bfEs cierto que Eusebio come por tres?<\/em><\/span><\/p>\n<p><span style=\"color: #008000\"><em>&#8211; Esto es precisamente lo que me hab\u00edan dicho de Andaluc\u00eda, que se exageraba mucho. Come, pero no tanto. Es de buen apetito. Su plato favorito, la carne<\/em><\/span><\/p>\n<p><span style=\"color: #008000\"><em>&#8211; \u00bfBuena cocinera, Eusebio?<\/em><\/span><\/p>\n<p><span style=\"color: #008000\"><em>&#8211; Excelente. Para m\u00ed, la mejor de Espa\u00f1a<\/em><\/span><\/p>\n<p><span style=\"color: #008000\"><em>&#8211; Volvemos de nuevo al f\u00fatbol. Ha terminado la primera vuelta. Enju\u00edciala en cuanto a la actuaci\u00f3n del Betis<\/em><\/span><\/p>\n<p><span style=\"color: #008000\"><em>&#8211; No cabe duda que para el Betis ha sido muy dif\u00edcil. Pese a ello, creo que nuestro equipo no ha tenido suerte. En casa se han perdido puntos inmerecidamente. El Barcelona y el Sevilla nunca debieron de salir imbatidos; s\u00f3lo la suerte les libr\u00f3 de una segura derrota.<\/em><\/span><\/p>\n<p><span style=\"color: #008000\"><em>&#8211; \u00bfQu\u00e9 pasar\u00e1 en esta segunda vuelta?<\/em><\/span><\/p>\n<p><span style=\"color: #008000\"><em>&#8211; Si repasamos el calendario hay que ser optimistas. Sin embargo, puede ser buena o mala; en f\u00fatbol ocurren cosas imposibles de explicar. Nos quedan siete encuentro fuera y ocho en nuestro estadio. El Betis, en contra de la opini\u00f3n de Karag, quedar\u00e1 entre los cinco primeros<\/em><\/span><\/p>\n<p><span style=\"color: #008000\"><em>&#8211; Ahora hablemos de los Campeonatos Mundiales, tema del d\u00eda en las reuniones y tertulias. \u00bfTu opini\u00f3n?<\/em><\/span><\/p>\n<p><span style=\"color: #008000\"><em>&#8211; Pues que antes se debe pensar en eliminar al Pa\u00eds de Gales. No se puede comenzar un edificio construyendo antes que nada los balcones. Hablar de Chile es hablar en hip\u00f3tesis<\/em><\/span><\/p>\n<p><span style=\"color: #008000\"><em>&#8211; Durante el tiempo que llevas en el Betis has conocido a muchos jugadores. Del Sol, Paqui y Portu fueron mis amigos inseparables. Al \u00faltimo, hoy en el C\u00e1diz, se le va a ofrecer un encuentro homenaje \u00bfC\u00f3mo va a jugar R\u00edos ese partido?<\/em><\/span><\/p>\n<p><span style=\"color: #008000\"><em>&#8211; Portu ha sido una instituci\u00f3n en el Betis. Fue un gran compa\u00f1ero para todos, simp\u00e1tico y bonach\u00f3n, de un humor admirable y, aunque gallego, con una gracia extraordinaria. Ser\u00e1 el homenaje de todos, del Betis, de sus amigos y de una afici\u00f3n que siempre lo recordar\u00e1 cari\u00f1osamente por los m\u00e9ritos que alcanz\u00f3 durante el mucho tiempo que perteneci\u00f3 al Betis<\/em><\/span><\/p>\n<p><span style=\"color: #008000\"><em>&#8211; Bien, hemos hablado de un jugador excepcional que abandon\u00f3 el Betis. Ahora deseamos tu opini\u00f3n sobre el \u00faltimo que ha llegado, el sueco Jonsson<\/em><\/span><\/p>\n<p><span style=\"color: #008000\"><em>&#8211; Jonsson es un jugador fant\u00e1stico. Me da la impresi\u00f3n cuando lo veo actuar que se aclimatar\u00e1 r\u00e1pidamente al f\u00fatbol espa\u00f1ol. Es r\u00e1pido, posee mucha t\u00e9cnica y sabe ir al choque. Ser\u00e1 un jugador de gran utilidad.<\/em><\/span><\/p>\n<p><span style=\"color: #008000\"><em>R\u00edos, uno de los mejores jugadores del Betis, ha hablado en uni\u00f3n de su esposa para los lectores de VERDE Y BLANCO. Nuestro agradecimiento al matrimonio con el deseo de que los triunfos se vayan sucediendo para bien del Betis y de esta feliz pareja que ha encontrado la felicidad bajo este cielo azul de nuestra querida Sevilla.<\/em><\/span><\/p>\n<p>Fuente: Jos\u00e9 Nieto en VERDE Y BLANCO, Enero de 1961<\/p>\n","protected":false},"excerpt":{"rendered":"<p>En enero de 1961 se publica en la revista VERDE Y BLANCO esta entrevista con Eusebio R\u00edos, el defensa central vasco que cumpl\u00eda entonces su tercera temporada en el Betis. En ella aparece acompa\u00f1ado de su esposa, dado que la entrevista se realiz\u00f3 en su domicilio, y repasa los temas de la\u00a0 actualidad verdiblanca, as\u00ed&#8230;<\/p>\n","protected":false},"author":5,"featured_media":65331,"comment_status":"open","ping_status":"open","sticky":false,"template":"","format":"standard","meta":{"_kad_post_transparent":"","_kad_post_title":"","_kad_post_layout":"","_kad_post_sidebar_id":"","_kad_post_content_style":"","_kad_post_vertical_padding":"","_kad_post_feature":"","_kad_post_feature_position":"","_kad_post_header":false,"_kad_post_footer":false,"_kad_post_classname":"","_jetpack_memberships_contains_paid_content":false,"footnotes":"","jetpack_publicize_message":"","jetpack_publicize_feature_enabled":true,"jetpack_social_post_already_shared":true,"jetpack_social_options":{"image_generator_settings":{"template":"highway","default_image_id":0,"font":"","enabled":false},"version":2}},"categories":[902,893,1],"tags":[2664,2922,1212],"class_list":["post-65330","post","type-post","status-publish","format-standard","has-post-thumbnail","hentry","category-1960-1969","category-jugadores-temas","category-portada","tag-1960-61","tag-2922","tag-eusebio-rios"],"jetpack_publicize_connections":[],"jetpack_featured_media_url":"https:\/\/i0.wp.com\/www.manquepierda.com\/historiarealbetis\/files\/2018\/06\/Entrevista-Eusebio-R%C3%ADos-1961-NMP-VyB-Enero-1961.jpg?fit=680%2C672&ssl=1","jetpack_sharing_enabled":true,"jetpack_shortlink":"https:\/\/wp.me\/p1ij08-gZI","jetpack-related-posts":[],"_links":{"self":[{"href":"https:\/\/www.manquepierda.com\/historiarealbetis\/wp-json\/wp\/v2\/posts\/65330","targetHints":{"allow":["GET"]}}],"collection":[{"href":"https:\/\/www.manquepierda.com\/historiarealbetis\/wp-json\/wp\/v2\/posts"}],"about":[{"href":"https:\/\/www.manquepierda.com\/historiarealbetis\/wp-json\/wp\/v2\/types\/post"}],"author":[{"embeddable":true,"href":"https:\/\/www.manquepierda.com\/historiarealbetis\/wp-json\/wp\/v2\/users\/5"}],"replies":[{"embeddable":true,"href":"https:\/\/www.manquepierda.com\/historiarealbetis\/wp-json\/wp\/v2\/comments?post=65330"}],"version-history":[{"count":0,"href":"https:\/\/www.manquepierda.com\/historiarealbetis\/wp-json\/wp\/v2\/posts\/65330\/revisions"}],"wp:featuredmedia":[{"embeddable":true,"href":"https:\/\/www.manquepierda.com\/historiarealbetis\/wp-json\/wp\/v2\/media\/65331"}],"wp:attachment":[{"href":"https:\/\/www.manquepierda.com\/historiarealbetis\/wp-json\/wp\/v2\/media?parent=65330"}],"wp:term":[{"taxonomy":"category","embeddable":true,"href":"https:\/\/www.manquepierda.com\/historiarealbetis\/wp-json\/wp\/v2\/categories?post=65330"},{"taxonomy":"post_tag","embeddable":true,"href":"https:\/\/www.manquepierda.com\/historiarealbetis\/wp-json\/wp\/v2\/tags?post=65330"}],"curies":[{"name":"wp","href":"https:\/\/api.w.org\/{rel}","templated":true}]}}