{"id":65345,"date":"2023-06-28T11:00:00","date_gmt":"2023-06-28T09:00:00","guid":{"rendered":"http:\/\/www.manquepierda.com\/historiarealbetis\/?p=65345"},"modified":"2025-08-27T23:38:48","modified_gmt":"2025-08-27T21:38:48","slug":"hoy-hace-22-anos-3-2","status":"publish","type":"post","link":"https:\/\/www.manquepierda.com\/historiarealbetis\/hoy-hace-22-anos-3-2\/","title":{"rendered":"Hoy hace 25 a\u00f1os. El Betis juvenil se impone al Alav\u00e9s en la final de Copa."},"content":{"rendered":"<p><a href=\"https:\/\/i0.wp.com\/www.manquepierda.com\/historiarealbetis\/files\/2018\/06\/28-1998-Betis-0-Alav%C3%A9s-0-Juveniles.jpg?ssl=1\"><img data-recalc-dims=\"1\" loading=\"lazy\" decoding=\"async\" class=\"aligncenter size-medium wp-image-65346\" src=\"https:\/\/i0.wp.com\/www.manquepierda.com\/historiarealbetis\/files\/2018\/06\/28-1998-Betis-0-Alav%C3%A9s-0-Juveniles.jpg?resize=344%2C600&#038;ssl=1\" alt=\"\" width=\"344\" height=\"600\" srcset=\"https:\/\/i0.wp.com\/www.manquepierda.com\/historiarealbetis\/files\/2018\/06\/28-1998-Betis-0-Alav%C3%A9s-0-Juveniles.jpg?resize=344%2C600&amp;ssl=1 344w, https:\/\/i0.wp.com\/www.manquepierda.com\/historiarealbetis\/files\/2018\/06\/28-1998-Betis-0-Alav%C3%A9s-0-Juveniles.jpg?resize=126%2C220&amp;ssl=1 126w, https:\/\/i0.wp.com\/www.manquepierda.com\/historiarealbetis\/files\/2018\/06\/28-1998-Betis-0-Alav%C3%A9s-0-Juveniles.jpg?w=350&amp;ssl=1 350w\" sizes=\"auto, (max-width: 344px) 100vw, 344px\" \/><\/a><\/p>\n<p><span style=\"color: #008000\">El 28 de junio de 1998 el Betis juvenil se proclama campe\u00f3n de Copa al vencer al Deportivo Alav\u00e9s en la tanda de penaltis 4-3, tras el empate a 0, en la final disputada en el Salto del Caballo de Toledo.<\/span><\/p>\n<p><span style=\"color: #008000\">Toni Doblas fue el protagonista en la tanda de penaltis, en la que venci\u00f3 el Betis 4-3, al detener los lanzamientos de Asier y Pedro.<\/span><\/p>\n<p><span style=\"color: #008000\">El Betis, entrenado por Miguel Valenzuela, aline\u00f3 a Doblas; Marcos, Salguero, Bornes, Javi (9, Aguilar); Varela, Vicente, Romero (94, Zurita), Diego; Gerardo (54, Sergio) y Ben\u00edtez.<\/span><\/p>\n<p><span style=\"color: #008000\">El Alav\u00e9s, dirigido por Kike Arrizabalaga,&nbsp; form\u00f3 con Pipo; Rold\u00e1n (54, Calder\u00f3n), Fernando, Ekaitz, Guevara; Cid (89, Flores), Pedro, Santano (97, Edorta), Asier Salgado; Oscar e Iv\u00e1n.&nbsp;&nbsp;<\/span><\/p>\n<p>&nbsp;<\/p>\n","protected":false},"excerpt":{"rendered":"<p>El 28 de junio de 1998 el Betis juvenil se proclama campe\u00f3n de Copa al vencer al Deportivo Alav\u00e9s en la tanda de penaltis 4-3, tras el empate a 0, en la final disputada en el Salto del Caballo de Toledo. Toni Doblas fue el protagonista en la tanda de penaltis, en la que venci\u00f3&#8230;<\/p>\n","protected":false},"author":5,"featured_media":65346,"comment_status":"open","ping_status":"open","sticky":false,"template":"","format":"standard","meta":{"_kad_post_transparent":"","_kad_post_title":"","_kad_post_layout":"","_kad_post_sidebar_id":"","_kad_post_content_style":"","_kad_post_vertical_padding":"","_kad_post_feature":"","_kad_post_feature_position":"","_kad_post_header":false,"_kad_post_footer":false,"_kad_post_classname":"","_jetpack_memberships_contains_paid_content":false,"footnotes":"","jetpack_publicize_message":"","jetpack_publicize_feature_enabled":true,"jetpack_social_post_already_shared":true,"jetpack_social_options":{"image_generator_settings":{"template":"highway","default_image_id":0,"font":"","enabled":false},"version":2}},"categories":[905,14583,1],"tags":[2413,168,12468,18750,984,14401],"class_list":["post-65345","post","type-post","status-publish","format-standard","has-post-thumbnail","hentry","category-1990-1999","category-efemerides","category-portada","tag-2413","tag-betis-juvenil","tag-campeonato-espana-futbol-juvenil","tag-copa-juvenil-1998","tag-deportivo-alaves","tag-final-copa-juvenil"],"jetpack_publicize_connections":[],"jetpack_featured_media_url":"https:\/\/i0.wp.com\/www.manquepierda.com\/historiarealbetis\/files\/2018\/06\/28-1998-Betis-0-Alav%C3%A9s-0-Juveniles.jpg?fit=350%2C610&ssl=1","jetpack_sharing_enabled":true,"jetpack_shortlink":"https:\/\/wp.me\/p1ij08-gZX","jetpack-related-posts":[],"_links":{"self":[{"href":"https:\/\/www.manquepierda.com\/historiarealbetis\/wp-json\/wp\/v2\/posts\/65345","targetHints":{"allow":["GET"]}}],"collection":[{"href":"https:\/\/www.manquepierda.com\/historiarealbetis\/wp-json\/wp\/v2\/posts"}],"about":[{"href":"https:\/\/www.manquepierda.com\/historiarealbetis\/wp-json\/wp\/v2\/types\/post"}],"author":[{"embeddable":true,"href":"https:\/\/www.manquepierda.com\/historiarealbetis\/wp-json\/wp\/v2\/users\/5"}],"replies":[{"embeddable":true,"href":"https:\/\/www.manquepierda.com\/historiarealbetis\/wp-json\/wp\/v2\/comments?post=65345"}],"version-history":[{"count":1,"href":"https:\/\/www.manquepierda.com\/historiarealbetis\/wp-json\/wp\/v2\/posts\/65345\/revisions"}],"predecessor-version":[{"id":89128,"href":"https:\/\/www.manquepierda.com\/historiarealbetis\/wp-json\/wp\/v2\/posts\/65345\/revisions\/89128"}],"wp:featuredmedia":[{"embeddable":true,"href":"https:\/\/www.manquepierda.com\/historiarealbetis\/wp-json\/wp\/v2\/media\/65346"}],"wp:attachment":[{"href":"https:\/\/www.manquepierda.com\/historiarealbetis\/wp-json\/wp\/v2\/media?parent=65345"}],"wp:term":[{"taxonomy":"category","embeddable":true,"href":"https:\/\/www.manquepierda.com\/historiarealbetis\/wp-json\/wp\/v2\/categories?post=65345"},{"taxonomy":"post_tag","embeddable":true,"href":"https:\/\/www.manquepierda.com\/historiarealbetis\/wp-json\/wp\/v2\/tags?post=65345"}],"curies":[{"name":"wp","href":"https:\/\/api.w.org\/{rel}","templated":true}]}}