{"id":65352,"date":"2018-06-28T07:21:51","date_gmt":"2018-06-28T05:21:51","guid":{"rendered":"http:\/\/www.manquepierda.com\/historiarealbetis\/?p=65352"},"modified":"2024-08-21T18:06:13","modified_gmt":"2024-08-21T16:06:13","slug":"albacete-betis-liga-2004-2","status":"publish","type":"post","link":"https:\/\/www.manquepierda.com\/historiarealbetis\/albacete-betis-liga-2004-2\/","title":{"rendered":"Albacete-Betis Liga 2004"},"content":{"rendered":"<p><a href=\"https:\/\/i0.wp.com\/www.manquepierda.com\/historiarealbetis\/files\/2018\/06\/Albacete-Betis-Liga-2004-Rub%C3%A9n-Castro-y-Tais-EMD-07-11-2004.jpg?ssl=1\"><img data-recalc-dims=\"1\" loading=\"lazy\" decoding=\"async\" class=\"aligncenter size-medium wp-image-65353\" src=\"https:\/\/i0.wp.com\/www.manquepierda.com\/historiarealbetis\/files\/2018\/06\/Albacete-Betis-Liga-2004-Rub%C3%A9n-Castro-y-Tais-EMD-07-11-2004.jpg?resize=516%2C600&#038;ssl=1\" alt=\"\" width=\"516\" height=\"600\" srcset=\"https:\/\/i0.wp.com\/www.manquepierda.com\/historiarealbetis\/files\/2018\/06\/Albacete-Betis-Liga-2004-Rub%C3%A9n-Castro-y-Tais-EMD-07-11-2004.jpg?resize=516%2C600&amp;ssl=1 516w, https:\/\/i0.wp.com\/www.manquepierda.com\/historiarealbetis\/files\/2018\/06\/Albacete-Betis-Liga-2004-Rub%C3%A9n-Castro-y-Tais-EMD-07-11-2004.jpg?resize=189%2C220&amp;ssl=1 189w, https:\/\/i0.wp.com\/www.manquepierda.com\/historiarealbetis\/files\/2018\/06\/Albacete-Betis-Liga-2004-Rub%C3%A9n-Castro-y-Tais-EMD-07-11-2004.jpg?w=585&amp;ssl=1 585w\" sizes=\"auto, (max-width: 516px) 100vw, 516px\" \/><\/a><\/p>\n<p>6 de noviembre de 2004 en el Carlos Belmonte\u00a0 Albacete\u00a0 0\u00a0 \u00a0Betis\u00a0 0; jornada 10 del Campeonato de Liga de Primera Divisi\u00f3n.<\/p>\n<p>En la imagen Rub\u00e9n Castro, cedido en el Albacete por el Deportivo de La Coru\u00f1a, intenta controlar un bal\u00f3n ante la presencia de Washington Tais.<\/p>\n<p>Jos\u00e9 Gonz\u00e1lez entrenaba al Albacete y Lorenzo Serra al Betis<\/p>\n","protected":false},"excerpt":{"rendered":"<p>6 de noviembre de 2004 en el Carlos Belmonte\u00a0 Albacete\u00a0 0\u00a0 \u00a0Betis\u00a0 0; jornada 10 del Campeonato de Liga de Primera Divisi\u00f3n. En la imagen Rub\u00e9n Castro, cedido en el Albacete por el Deportivo de La Coru\u00f1a, intenta controlar un bal\u00f3n ante la presencia de Washington Tais. Jos\u00e9 Gonz\u00e1lez entrenaba al Albacete y Lorenzo Serra&#8230;<\/p>\n","protected":false},"author":5,"featured_media":65353,"comment_status":"open","ping_status":"open","sticky":false,"template":"","format":"standard","meta":{"_kad_post_transparent":"","_kad_post_title":"","_kad_post_layout":"","_kad_post_sidebar_id":"","_kad_post_content_style":"","_kad_post_vertical_padding":"","_kad_post_feature":"","_kad_post_feature_position":"","_kad_post_header":false,"_kad_post_footer":false,"_kad_post_classname":"","_jetpack_memberships_contains_paid_content":false,"footnotes":"","jetpack_publicize_message":"","jetpack_publicize_feature_enabled":true,"jetpack_social_post_already_shared":true,"jetpack_social_options":{"image_generator_settings":{"template":"highway","default_image_id":0,"font":"","enabled":false},"version":2}},"categories":[4823,1],"tags":[6013,5910,1397,17906,748,3869],"class_list":["post-65352","post","type-post","status-publish","format-standard","has-post-thumbnail","hentry","category-2000-2009","category-portada","tag-6013","tag-2004-05","tag-albacete-balompie","tag-liga-primera-2004-05","tag-ruben-castro","tag-washington-tais"],"jetpack_publicize_connections":[],"jetpack_featured_media_url":"https:\/\/i0.wp.com\/www.manquepierda.com\/historiarealbetis\/files\/2018\/06\/Albacete-Betis-Liga-2004-Rub%C3%A9n-Castro-y-Tais-EMD-07-11-2004.jpg?fit=585%2C680&ssl=1","jetpack_sharing_enabled":true,"jetpack_shortlink":"https:\/\/wp.me\/p1ij08-h04","jetpack-related-posts":[],"_links":{"self":[{"href":"https:\/\/www.manquepierda.com\/historiarealbetis\/wp-json\/wp\/v2\/posts\/65352","targetHints":{"allow":["GET"]}}],"collection":[{"href":"https:\/\/www.manquepierda.com\/historiarealbetis\/wp-json\/wp\/v2\/posts"}],"about":[{"href":"https:\/\/www.manquepierda.com\/historiarealbetis\/wp-json\/wp\/v2\/types\/post"}],"author":[{"embeddable":true,"href":"https:\/\/www.manquepierda.com\/historiarealbetis\/wp-json\/wp\/v2\/users\/5"}],"replies":[{"embeddable":true,"href":"https:\/\/www.manquepierda.com\/historiarealbetis\/wp-json\/wp\/v2\/comments?post=65352"}],"version-history":[{"count":1,"href":"https:\/\/www.manquepierda.com\/historiarealbetis\/wp-json\/wp\/v2\/posts\/65352\/revisions"}],"predecessor-version":[{"id":97473,"href":"https:\/\/www.manquepierda.com\/historiarealbetis\/wp-json\/wp\/v2\/posts\/65352\/revisions\/97473"}],"wp:featuredmedia":[{"embeddable":true,"href":"https:\/\/www.manquepierda.com\/historiarealbetis\/wp-json\/wp\/v2\/media\/65353"}],"wp:attachment":[{"href":"https:\/\/www.manquepierda.com\/historiarealbetis\/wp-json\/wp\/v2\/media?parent=65352"}],"wp:term":[{"taxonomy":"category","embeddable":true,"href":"https:\/\/www.manquepierda.com\/historiarealbetis\/wp-json\/wp\/v2\/categories?post=65352"},{"taxonomy":"post_tag","embeddable":true,"href":"https:\/\/www.manquepierda.com\/historiarealbetis\/wp-json\/wp\/v2\/tags?post=65352"}],"curies":[{"name":"wp","href":"https:\/\/api.w.org\/{rel}","templated":true}]}}