{"id":65383,"date":"2018-06-29T07:50:16","date_gmt":"2018-06-29T05:50:16","guid":{"rendered":"http:\/\/www.manquepierda.com\/historiarealbetis\/?p=65383"},"modified":"2024-09-07T08:24:23","modified_gmt":"2024-09-07T06:24:23","slug":"rayo-vallecano-betis-liga-1969-2","status":"publish","type":"post","link":"https:\/\/www.manquepierda.com\/historiarealbetis\/rayo-vallecano-betis-liga-1969-2\/","title":{"rendered":"Rayo Vallecano-Betis Liga 1969"},"content":{"rendered":"<p><a href=\"https:\/\/i0.wp.com\/www.manquepierda.com\/historiarealbetis\/files\/2018\/06\/Rayo-Vallecano-Betis-Liga-1969.jpg?ssl=1\"><img data-recalc-dims=\"1\" loading=\"lazy\" decoding=\"async\" class=\"aligncenter size-medium wp-image-65384\" src=\"https:\/\/i0.wp.com\/www.manquepierda.com\/historiarealbetis\/files\/2018\/06\/Rayo-Vallecano-Betis-Liga-1969.jpg?resize=680%2C431&#038;ssl=1\" alt=\"\" width=\"680\" height=\"431\" srcset=\"https:\/\/i0.wp.com\/www.manquepierda.com\/historiarealbetis\/files\/2018\/06\/Rayo-Vallecano-Betis-Liga-1969.jpg?resize=680%2C431&amp;ssl=1 680w, https:\/\/i0.wp.com\/www.manquepierda.com\/historiarealbetis\/files\/2018\/06\/Rayo-Vallecano-Betis-Liga-1969.jpg?resize=220%2C139&amp;ssl=1 220w, https:\/\/i0.wp.com\/www.manquepierda.com\/historiarealbetis\/files\/2018\/06\/Rayo-Vallecano-Betis-Liga-1969.jpg?resize=768%2C486&amp;ssl=1 768w, https:\/\/i0.wp.com\/www.manquepierda.com\/historiarealbetis\/files\/2018\/06\/Rayo-Vallecano-Betis-Liga-1969.jpg?w=949&amp;ssl=1 949w\" sizes=\"auto, (max-width: 680px) 100vw, 680px\" \/><\/a><\/p>\n<p>16 de febrero de 1969 en Vallecas\u00a0 Rayo Vallecano\u00a0 0\u00a0 \u00a0 Betis\u00a0 0; jornada 23 del Campeonato de Liga de Segunda Divisi\u00f3n.<\/p>\n<p>En la imagen el portero b\u00e9tico Villanova se hace con un bal\u00f3n ante el delantero rayista Francisco Chaparro, en presencia de Ezequiel, D\u00edaz y Pach\u00edn.<\/p>\n<p>Jos\u00e9 Antonio Olmedo entrenaba al Rayo Vallecano y Fernando Daucik al Betis.<\/p>\n","protected":false},"excerpt":{"rendered":"<p>16 de febrero de 1969 en Vallecas\u00a0 Rayo Vallecano\u00a0 0\u00a0 \u00a0 Betis\u00a0 0; jornada 23 del Campeonato de Liga de Segunda Divisi\u00f3n. En la imagen el portero b\u00e9tico Villanova se hace con un bal\u00f3n ante el delantero rayista Francisco Chaparro, en presencia de Ezequiel, D\u00edaz y Pach\u00edn. Jos\u00e9 Antonio Olmedo entrenaba al Rayo Vallecano y&#8230;<\/p>\n","protected":false},"author":5,"featured_media":65384,"comment_status":"open","ping_status":"open","sticky":false,"template":"","format":"standard","meta":{"_kad_post_transparent":"","_kad_post_title":"","_kad_post_layout":"","_kad_post_sidebar_id":"","_kad_post_content_style":"","_kad_post_vertical_padding":"","_kad_post_feature":"","_kad_post_feature_position":"","_kad_post_header":false,"_kad_post_footer":false,"_kad_post_classname":"","_jetpack_memberships_contains_paid_content":false,"footnotes":"","jetpack_publicize_message":"","jetpack_publicize_feature_enabled":true,"jetpack_social_post_already_shared":true,"jetpack_social_options":{"image_generator_settings":{"template":"highway","default_image_id":0,"font":"","enabled":false},"version":2}},"categories":[902,1],"tags":[4202,4201,16911,3751,1394,1153,17792,5211,1050],"class_list":["post-65383","post","type-post","status-publish","format-standard","has-post-thumbnail","hentry","category-1960-1969","category-portada","tag-1968-69","tag-4201","tag-ad-rayo-vallecano","tag-enrique-perez-pachin","tag-ezequiel-manaute","tag-francisco-chaparro","tag-liga-segunda-1968-69","tag-manuel-diaz","tag-manuel-villanova"],"jetpack_publicize_connections":[],"jetpack_featured_media_url":"https:\/\/i0.wp.com\/www.manquepierda.com\/historiarealbetis\/files\/2018\/06\/Rayo-Vallecano-Betis-Liga-1969.jpg?fit=949%2C601&ssl=1","jetpack_sharing_enabled":true,"jetpack_shortlink":"https:\/\/wp.me\/p1ij08-h0z","jetpack-related-posts":[],"_links":{"self":[{"href":"https:\/\/www.manquepierda.com\/historiarealbetis\/wp-json\/wp\/v2\/posts\/65383","targetHints":{"allow":["GET"]}}],"collection":[{"href":"https:\/\/www.manquepierda.com\/historiarealbetis\/wp-json\/wp\/v2\/posts"}],"about":[{"href":"https:\/\/www.manquepierda.com\/historiarealbetis\/wp-json\/wp\/v2\/types\/post"}],"author":[{"embeddable":true,"href":"https:\/\/www.manquepierda.com\/historiarealbetis\/wp-json\/wp\/v2\/users\/5"}],"replies":[{"embeddable":true,"href":"https:\/\/www.manquepierda.com\/historiarealbetis\/wp-json\/wp\/v2\/comments?post=65383"}],"version-history":[{"count":1,"href":"https:\/\/www.manquepierda.com\/historiarealbetis\/wp-json\/wp\/v2\/posts\/65383\/revisions"}],"predecessor-version":[{"id":96150,"href":"https:\/\/www.manquepierda.com\/historiarealbetis\/wp-json\/wp\/v2\/posts\/65383\/revisions\/96150"}],"wp:featuredmedia":[{"embeddable":true,"href":"https:\/\/www.manquepierda.com\/historiarealbetis\/wp-json\/wp\/v2\/media\/65384"}],"wp:attachment":[{"href":"https:\/\/www.manquepierda.com\/historiarealbetis\/wp-json\/wp\/v2\/media?parent=65383"}],"wp:term":[{"taxonomy":"category","embeddable":true,"href":"https:\/\/www.manquepierda.com\/historiarealbetis\/wp-json\/wp\/v2\/categories?post=65383"},{"taxonomy":"post_tag","embeddable":true,"href":"https:\/\/www.manquepierda.com\/historiarealbetis\/wp-json\/wp\/v2\/tags?post=65383"}],"curies":[{"name":"wp","href":"https:\/\/api.w.org\/{rel}","templated":true}]}}