{"id":65387,"date":"2023-07-01T11:00:00","date_gmt":"2023-07-01T09:00:00","guid":{"rendered":"http:\/\/www.manquepierda.com\/historiarealbetis\/?p=65387"},"modified":"2025-07-20T15:16:05","modified_gmt":"2025-07-20T13:16:05","slug":"hoy-hace-30-anos-6","status":"publish","type":"post","link":"https:\/\/www.manquepierda.com\/historiarealbetis\/hoy-hace-30-anos-6\/","title":{"rendered":"Hoy hace 35 a\u00f1os. Fichaje de Roberto L\u00f3pez Ufarte."},"content":{"rendered":"<p><a href=\"https:\/\/i0.wp.com\/www.manquepierda.com\/historiarealbetis\/files\/2018\/06\/1-1988-Fichaje-de-L%C3%B3pez-Ufarte.jpg?ssl=1\"><img data-recalc-dims=\"1\" loading=\"lazy\" decoding=\"async\" class=\"aligncenter size-full wp-image-65388\" src=\"https:\/\/i0.wp.com\/www.manquepierda.com\/historiarealbetis\/files\/2018\/06\/1-1988-Fichaje-de-L%C3%B3pez-Ufarte.jpg?resize=400%2C419&#038;ssl=1\" alt=\"\" width=\"400\" height=\"419\" srcset=\"https:\/\/i0.wp.com\/www.manquepierda.com\/historiarealbetis\/files\/2018\/06\/1-1988-Fichaje-de-L%C3%B3pez-Ufarte.jpg?w=400&amp;ssl=1 400w, https:\/\/i0.wp.com\/www.manquepierda.com\/historiarealbetis\/files\/2018\/06\/1-1988-Fichaje-de-L%C3%B3pez-Ufarte.jpg?resize=210%2C220&amp;ssl=1 210w\" sizes=\"auto, (max-width: 400px) 100vw, 400px\" \/><\/a><\/p>\n<p><span style=\"color: #008000\">El 1 de julio de 1988 Roberto L\u00f3pez Ufarte firmaba un contrato de 2 a\u00f1os de duraci\u00f3n con el Real Betis Balompi\u00e9.&nbsp;<\/span><\/p>\n<p><span style=\"color: #008000\">A sus 30 a\u00f1os, y despu\u00e9s de una temporada en el Atl\u00e9tico de Madrid, el \u00abpeque\u00f1o diablo\u00bb del f\u00fatbol espa\u00f1ol aterrizaba en el Betis tras toda una vida en la Real Sociedad, con la que alcanz\u00f3 t\u00edtulos de Liga y Copa y la internacionalidad.<\/span><\/p>\n","protected":false},"excerpt":{"rendered":"<p>El 1 de julio de 1988 Roberto L\u00f3pez Ufarte firmaba un contrato de 2 a\u00f1os de duraci\u00f3n con el Real Betis Balompi\u00e9.&nbsp; A sus 30 a\u00f1os, y despu\u00e9s de una temporada en el Atl\u00e9tico de Madrid, el \u00abpeque\u00f1o diablo\u00bb del f\u00fatbol espa\u00f1ol aterrizaba en el Betis tras toda una vida en la Real Sociedad, con&#8230;<\/p>\n","protected":false},"author":5,"featured_media":65388,"comment_status":"open","ping_status":"open","sticky":false,"template":"","format":"standard","meta":{"_kad_post_transparent":"","_kad_post_title":"","_kad_post_layout":"","_kad_post_sidebar_id":"","_kad_post_content_style":"","_kad_post_vertical_padding":"","_kad_post_feature":"","_kad_post_feature_position":"","_kad_post_header":false,"_kad_post_footer":false,"_kad_post_classname":"","_jetpack_memberships_contains_paid_content":false,"footnotes":"","jetpack_publicize_message":"","jetpack_publicize_feature_enabled":true,"jetpack_social_post_already_shared":true,"jetpack_social_options":{"image_generator_settings":{"template":"highway","default_image_id":0,"font":"","enabled":false},"version":2}},"categories":[904,14583,1],"tags":[6399,13849,4047],"class_list":["post-65387","post","type-post","status-publish","format-standard","has-post-thumbnail","hentry","category-1980-1989","category-efemerides","category-portada","tag-6399","tag-club-atletico-de-madrid","tag-roberto-lopez-ufarte"],"jetpack_publicize_connections":[],"jetpack_featured_media_url":"https:\/\/i0.wp.com\/www.manquepierda.com\/historiarealbetis\/files\/2018\/06\/1-1988-Fichaje-de-L%C3%B3pez-Ufarte.jpg?fit=400%2C419&ssl=1","jetpack_sharing_enabled":true,"jetpack_shortlink":"https:\/\/wp.me\/p1ij08-h0D","jetpack-related-posts":[],"_links":{"self":[{"href":"https:\/\/www.manquepierda.com\/historiarealbetis\/wp-json\/wp\/v2\/posts\/65387","targetHints":{"allow":["GET"]}}],"collection":[{"href":"https:\/\/www.manquepierda.com\/historiarealbetis\/wp-json\/wp\/v2\/posts"}],"about":[{"href":"https:\/\/www.manquepierda.com\/historiarealbetis\/wp-json\/wp\/v2\/types\/post"}],"author":[{"embeddable":true,"href":"https:\/\/www.manquepierda.com\/historiarealbetis\/wp-json\/wp\/v2\/users\/5"}],"replies":[{"embeddable":true,"href":"https:\/\/www.manquepierda.com\/historiarealbetis\/wp-json\/wp\/v2\/comments?post=65387"}],"version-history":[{"count":1,"href":"https:\/\/www.manquepierda.com\/historiarealbetis\/wp-json\/wp\/v2\/posts\/65387\/revisions"}],"predecessor-version":[{"id":89546,"href":"https:\/\/www.manquepierda.com\/historiarealbetis\/wp-json\/wp\/v2\/posts\/65387\/revisions\/89546"}],"wp:featuredmedia":[{"embeddable":true,"href":"https:\/\/www.manquepierda.com\/historiarealbetis\/wp-json\/wp\/v2\/media\/65388"}],"wp:attachment":[{"href":"https:\/\/www.manquepierda.com\/historiarealbetis\/wp-json\/wp\/v2\/media?parent=65387"}],"wp:term":[{"taxonomy":"category","embeddable":true,"href":"https:\/\/www.manquepierda.com\/historiarealbetis\/wp-json\/wp\/v2\/categories?post=65387"},{"taxonomy":"post_tag","embeddable":true,"href":"https:\/\/www.manquepierda.com\/historiarealbetis\/wp-json\/wp\/v2\/tags?post=65387"}],"curies":[{"name":"wp","href":"https:\/\/api.w.org\/{rel}","templated":true}]}}