{"id":65390,"date":"2018-07-02T07:36:30","date_gmt":"2018-07-02T05:36:30","guid":{"rendered":"http:\/\/www.manquepierda.com\/historiarealbetis\/?p=65390"},"modified":"2018-06-29T07:54:00","modified_gmt":"2018-06-29T05:54:00","slug":"entrevista-jose-luis-garcia-traid-1979","status":"publish","type":"post","link":"https:\/\/www.manquepierda.com\/historiarealbetis\/entrevista-jose-luis-garcia-traid-1979\/","title":{"rendered":"Entrevista Jos\u00e9 Luis Garc\u00eda Traid 1979"},"content":{"rendered":"<p><a href=\"https:\/\/i0.wp.com\/www.manquepierda.com\/historiarealbetis\/files\/2018\/06\/Entrevista-Garc%C3%ADa-Traid-NMP-Don-Bal%C3%B3n-24-04-1979.jpg?ssl=1\"><img data-recalc-dims=\"1\" loading=\"lazy\" decoding=\"async\" class=\"alignleft wp-image-65391 size-medium\" src=\"https:\/\/i0.wp.com\/www.manquepierda.com\/historiarealbetis\/files\/2018\/06\/Entrevista-Garc%C3%ADa-Traid-NMP-Don-Bal%C3%B3n-24-04-1979.jpg?resize=342%2C600&#038;ssl=1\" alt=\"\" width=\"342\" height=\"600\" srcset=\"https:\/\/i0.wp.com\/www.manquepierda.com\/historiarealbetis\/files\/2018\/06\/Entrevista-Garc%C3%ADa-Traid-NMP-Don-Bal%C3%B3n-24-04-1979.jpg?resize=342%2C600&amp;ssl=1 342w, https:\/\/i0.wp.com\/www.manquepierda.com\/historiarealbetis\/files\/2018\/06\/Entrevista-Garc%C3%ADa-Traid-NMP-Don-Bal%C3%B3n-24-04-1979.jpg?resize=125%2C220&amp;ssl=1 125w, https:\/\/i0.wp.com\/www.manquepierda.com\/historiarealbetis\/files\/2018\/06\/Entrevista-Garc%C3%ADa-Traid-NMP-Don-Bal%C3%B3n-24-04-1979.jpg?resize=399%2C700&amp;ssl=1 399w, https:\/\/i0.wp.com\/www.manquepierda.com\/historiarealbetis\/files\/2018\/06\/Entrevista-Garc%C3%ADa-Traid-NMP-Don-Bal%C3%B3n-24-04-1979.jpg?w=455&amp;ssl=1 455w\" sizes=\"auto, (max-width: 342px) 100vw, 342px\" \/><\/a><\/p>\n<p>Al poco tiempo de consumarse el dram\u00e1tico descenso de categor\u00eda en 1978 el Betis confirm\u00f3 el fichaje de Jos\u00e9 Luis Garc\u00eda Traid como t\u00e9cnido para la campa\u00f1a 1978-79. Se trataba de un hombre joven, 42 a\u00f1os, que limitaba su carrera profesional en los banquillos a su exitosa trayectoria con la Uni\u00f3n Deportiva Salamanca, a la que cogi\u00f3 en Tercera Divisi\u00f3n y la ascendi\u00f3 a Primera Divisi\u00f3n en solo 2 temporadas. Luego, durante 4 campa\u00f1as m\u00e1s, hab\u00eda entrenado al conjunto charro en\u00a0 la m\u00e1xima categor\u00eda, manteniendo de forma muy digna al equipo en la Primera Divisi\u00f3n sin pasar apuro alguno.<\/p>\n<p>Se trataba de un hombre con ideas renovadas, pues recordemos que los dos t\u00e9cnicos anteriores del equipo verdiblanco, Ferenc Szusza y Rafael Iriondo, eran de una generaci\u00f3n anterior a la suya. Se pretend\u00eda as\u00ed una renovaci\u00f3n en el estilo, la mentalidad y la forma de dirigir al grupo, que era una de las cosas que m\u00e1s se pon\u00edan en el debe de los t\u00e9cnicos anteriores.<\/p>\n<p>Las prestaciones de Garc\u00eda Traid al frente de la nave verdiblanca fueron buenas durante la primera vuelta de la campa\u00f1a. El equipo se mantuvo al frente de la clasificaci\u00f3n, en ciertos momentos hasta se hizo buen juego, y nada parec\u00eda que fuera a alterar el objetivo primordial de recuperar la categor\u00eda perdida.<\/p>\n<p>Pero en los meses de marzo y abril comenzaron a torcerse las cosas. Una serie de malos resultados fuera de casa complicaron la trayectoria b\u00e9tica, las lesiones parecieron cebarse con el conjunto y empezaron a aflorar los nervios ante la presi\u00f3n de los equipos perseguidores en la tabla clasificatoria. Un empate en casa frente al Getafe, una estrepitosa derrota en M\u00e1laga y perder en casa ante el Ja\u00e9n, uno de los colistas del grupo, propiciaron la destituci\u00f3n de Jos\u00e9 Luis Garc\u00eda Traid tras disputarse 29 de las 38 jornadas, con el equipo fuera de los puestos de ascenso por primera vez en la temporada.<\/p>\n<p>En este entrevista publicada en el semanario deportivo Don Bal\u00f3n el 24 de abril de 1979, una semana despu\u00e9s de su cese, Garc\u00eda Traid analiza muchos de los aspectos que propiciaron la crisis, como la mala preparaci\u00f3n f\u00edsica y su especial empe\u00f1o en dotar de un fondo f\u00edsico al conjunto de la plantilla, su fama de t\u00e9cnico severo y castigador, la poca implicaci\u00f3n de algunos jugadores, o sus enfrentamientos con determinados directivos.<\/p>\n<p><span style=\"color: #008000\"><em>Lleg\u00f3 a Heli\u00f3polis por la puerta grande y ha tenido que marcharse por la falsa, por la de los ceses. Jos\u00e9 Luis Garc\u00eda Traid no ha podido reeditar en el Betis sus triunfos en el Salamanca. No ha podido, no ha sabido o no le han dejado. Eso es lo de menos. El caso es que se va de Sevilla con la amargura de no conseguir sus prop\u00f3sitos y con la tristeza de haber manchado as\u00ed un limpio y brillante historial en el que hasta ahora todo hab\u00edan sido rosas. Pero la espina de los caprichos de los directivos, de los nervios de una afici\u00f3n, del desentendimiento de algunos jugadores y evidentemente de sus propios errores le ha hecho da\u00f1o al popular t\u00e9cnico aragon\u00e9s.<\/em><\/span><\/p>\n<p><span style=\"color: #008000\"><em>Creemos que es el momento de sentar a Garc\u00eda Traid en nuestro \u201cbanquillo\u201d. Para \u00e9l y para su circunstancia hemos confeccionado una serie de acusaciones que le iremos lanzando: Garc\u00eda Traid acepta el juego y se defiende as\u00ed.<\/em><\/span><\/p>\n<p><span style=\"color: #008000\"><em>DON BAL\u00d3N acusa a Jos\u00e9 Luis Garc\u00eda Traid de\u2026<\/em><\/span><\/p>\n<ul>\n<li><span style=\"color: #008000\"><em>Haber fracasado en el Betis<\/em><\/span><\/li>\n<\/ul>\n<p><span style=\"color: #008000\"><em>&#8211; Cuando un entrenador no llega al final de la temporada en su equipo es porque no le han salido bien las cosas. A esto se le puede denominar de muchas maneras entre las que puede estar la palabra fracaso. En todo caso, yo asumo la parte de culpa que me corresponde lo que significa que quiz\u00e1s haya otros que tambi\u00e9n hayan fracasado en esta causa del Betis<\/em><\/span><\/p>\n<ul>\n<li><span style=\"color: #008000\"><em>Que ten\u00eda a los jugadores en contra<\/em><\/span><\/li>\n<\/ul>\n<p><span style=\"color: #008000\"><em>&#8211; Ser\u00eda cuesti\u00f3n de pregunt\u00e1rselo a ellos. Yo le puedo decir que cuando me desped\u00ed, algunos se echaron a llorar. He intentado ser justo con ellos y si me equivoqu\u00e9 con algunos luego les ped\u00ed perd\u00f3n; no, no creo que \u00e9ste haya sido el motivo de mi cese<\/em><\/span><\/p>\n<ul>\n<li><span style=\"color: #008000\"><em>Que con usted no estaban contentos ni los titulares<\/em><\/span><\/li>\n<\/ul>\n<p><span style=\"color: #008000\"><em>&#8211; No es verdad. Puedo asegurar que un noventa por ciento de los jugadores de la plantilla estaban conmigo<\/em><\/span><\/p>\n<p><span style=\"color: #008000\"><em>(Garc\u00eda Traid habla con claridad y convicci\u00f3n. Medita las acusaciones; la que no le gusta la recibe con arqueo de cejas pero con serenidad y la que le parece \u201cbuena\u201d o acertada tiene su m\u00e1s c\u00e1lido asentimiento)<\/em><\/span><\/p>\n<p><span style=\"color: #008000\"><em>. No gozar de buena prensa en Sevilla<\/em><\/span><\/p>\n<p><span style=\"color: #008000\"><em>&#8211; Tampoco es exacto. Creo que dejo varios y buenos amigos entre los periodistas sevillanos. Lo que pasa es que siempre hay sectores de la prensa que s\u00f3lo saben dar palo tras palo; claro que esto no s\u00f3lo ocurre en Sevilla<\/em><\/span><\/p>\n<ul>\n<li><span style=\"color: #008000\"><em>Haber dividido a la afici\u00f3n b\u00e9tica<\/em><\/span><\/li>\n<\/ul>\n<p><span style=\"color: #008000\"><em>&#8211; Llegu\u00e9 al Betis en olor de multitudes. La gente esperaba a un equipo arrollador, invencible; la afici\u00f3n estaba todav\u00eda traumatizada con el drama del descenso despu\u00e9s de haber ganado la Copa del Rey y de haber sido el equipo de moda en Espa\u00f1a y hasta en Europa. Fue un golpe muy duro verse de pronto en Segunda pero todos pensaban que iba a ser un paseo. Sin embargo, la realidad empez\u00f3 a ser algo distinto. Hubo muchas lesiones, enfermedades y complicaciones de todo tipo. Los jugadores ten\u00edan que mentalizarse para sufrir m\u00e1s, para trabajar m\u00e1s. No era f\u00e1cil, pero durante la primera vuelta el Betis estuvo siempre en cabeza y cuando yo me fui, antes de perder ante el Ja\u00e9n en el Villamar\u00edn, estaba en posici\u00f3n de ascenso. S\u00ed, la afici\u00f3n se dividi\u00f3\u2026 Lo comprendo pero desear\u00eda que ellos comprendiesen tambi\u00e9n esas realidades que he expuesto<\/em><\/span><\/p>\n<ul>\n<li><span style=\"color: #008000\"><em>No haber sabido aprovechar el talento de Carde\u00f1osa<\/em><\/span><\/li>\n<\/ul>\n<p><span style=\"color: #008000\"><em>&#8211; Carde\u00f1osa lleva toda la temporada renqueante, cuando no con molestias musculares, con anginas o con principio de hepatitis. Ha tenido muchos problemas f\u00edsicos y ello se ha de acusar en el campo<\/em><\/span><\/p>\n<ul>\n<li><span style=\"color: #008000\"><em>Ni el de Megido<\/em><\/span><\/li>\n<\/ul>\n<p><span style=\"color: #008000\"><em>&#8211; Hombre, por Dios. Precisamente creo que he sido de los pocos entrenadores con los que este jugador no ha tenido conflicto alguno. Bueno, s\u00ed, un hombre de sus cualidades deber\u00eda lucir mucho m\u00e1s pero el chico tambi\u00e9n tuvo problemas f\u00edsicos, estuvo dos meses convaleciente de una operaci\u00f3n. Adem\u00e1s ni yo ni nadie puede cambiar su mentalidad\u2026<\/em><\/span><\/p>\n<p><span style=\"color: #008000\"><em>(Hace calor en el Villamar\u00edn. Le\u00f3n Lasa, el nuevo m\u00edster, anda por all\u00ed a vueltas con los jugadores. Rogelio observa. Algunos curiosos vagabundean por los grader\u00edos. El ambiente es denso, cargado. Garc\u00eda Traid contin\u00faa tranquilo).<\/em><\/span><\/p>\n<ul>\n<li><span style=\"color: #008000\"><em>Dejar al Betis fuera de una de las tres plazas de ascenso<\/em><\/span><\/li>\n<li><span style=\"color: #008000\"><em>S\u00ed, eso es matem\u00e1ticamente cierto. He dejado al equipo en el cuarto lugar\u2026 aunque con m\u00e1s positivos que el tercero (Elche) y a igualdad con el primero (Granada). Por un partido, por perder ante el Ja\u00e9n. El f\u00fatbol es as\u00ed; nos metieron dos goles extra\u00f1os, poco frecuentes, y el segundo por un fallo lamentable de un defensa nuestro que se qued\u00f3 atr\u00e1s en la aplicaci\u00f3n de la t\u00e1ctica del fuera de juego. Luego nos expulsaron a Killer y fallamos un penalti. En fin, todo en contra. Pero el f\u00fatbol es as\u00ed, por un partido se le da la patada al entrenador. Eso es lo m\u00e1s c\u00f3modo\u2026<\/em><\/span><\/li>\n<li><span style=\"color: #008000\"><em>Que \u201csu Betis\u201d hac\u00eda mal f\u00fatbol con doce internacionales en la plantilla<\/em><\/span><\/li>\n<li><span style=\"color: #008000\"><em>\u00bfDoce internacionales? Bueno, s\u00ed\u2026quiz\u00e1 sean doce en total aunque alguno lo fue hace ya tiempo. De acuerdo, correcto su apunte. Mire, al principio hac\u00edamos buen f\u00fatbol pero poco a poco fueron cayendo lesionados y nunca pod\u00eda hacer la alineaci\u00f3n que yo quer\u00eda. Un equipo juega bien cuando act\u00faan siempre los mismos o la mayor\u00eda. Adem\u00e1s, la Segunda es un infierno, se \u201cescapan\u201d muchas patadas y as\u00ed es dif\u00edcil practicar buen f\u00fatbol<\/em><\/span><\/li>\n<li><span style=\"color: #008000\"><em>Presumir de \u201ccastigador\u201d<\/em><\/span><\/li>\n<\/ul>\n<p><span style=\"color: #008000\"><em>(Se queda un tanto perplejo. Niega, rechaza y al final justifica)<\/em><\/span><\/p>\n<ul>\n<li><span style=\"color: #008000\"><em>Creo que un entrenador tiene que serlo en ocasiones, cuando hay motivos para ello. Yo castigu\u00e9 a Cobo y a Bizcocho porque me contestaron de mala manera, me levantaron la voz. A uno le ech\u00e9 de un entrenamiento, s\u00ed. Yo no tengo la mala cualidad de ser grosero con nadie y por eso no me gusta que nadie lo sea conmigo<\/em><\/span><\/li>\n<li><span style=\"color: #008000\"><em>Abusar de las sanciones econ\u00f3micas<\/em><\/span><\/li>\n<li><span style=\"color: #008000\"><em>En toda la temporada el importe de las multas impuestas por m\u00ed creo que ha sido de 17.000 pesetas, siempre por causas menores y corrientes en el f\u00fatbol como lo son llegar tarde a un entrenamiento. He tenido motivos para sancionar pero he sabido perdonar y comprender. Me parece una acusaci\u00f3n falsa<\/em><\/span><\/li>\n<li><span style=\"color: #008000\"><em>Ser un mal psic\u00f3logo<\/em><\/span><\/li>\n<li><span style=\"color: #008000\"><em>Puede ser. No tengo carnet de psic\u00f3logo\u2026<\/em><\/span><\/li>\n<li><span style=\"color: #008000\"><em>Haber confundido al Betis con el Salamanca<\/em><\/span><\/li>\n<li><span style=\"color: #008000\"><em>Quiz\u00e1 tenga raz\u00f3n. En Salamanca estuve seis temporadas y la gente trabajaba mucho en los entrenamientos; no hab\u00eda figuras en el equipo y ten\u00edamos implantado un m\u00e9todo que todos cumpl\u00edamos y respet\u00e1bamos. El Betis es distinto, hay otra mentalidad. Y hace m\u00e1s calor, lo cual se nota much\u00edsimo a la hora de trabajar. S\u00ed, quiz\u00e1 tenga usted raz\u00f3n, quiz\u00e1 no haya sabido amoldarme a las caracter\u00edsticas b\u00e9ticas y he cometido el error de pretender utilizar el mismo sistema que en el Salamanca sin darme cuenta de que los jugadores eran otros con distintas peculiaridades. En fin, espero que me sirva de lecci\u00f3n para el futuro aunque mi estilo seguir\u00e1 siendo el mismo<\/em><\/span><\/li>\n<li><span style=\"color: #008000\"><em>Hacer correr y solo correr a jugadores eminentemente t\u00e9cnicos<\/em><\/span><\/li>\n<li><span style=\"color: #008000\"><em>Bueno, aqu\u00ed conviene matizar bien. En primer lugar, quiero decir que cuando yo llegu\u00e9 al Betis observ\u00e9 que la condici\u00f3n f\u00edsica de los jugadores era mala, floja, deficiente. En parte es comprensible porque la temporada anterior hab\u00eda sido muy cargada, pues estaban en tres frentes como eran la Liga, la Recopa y la Copa. Pero lo cierto es que los encontr\u00e9 f\u00edsicamente bastante bajos. Entonces, l\u00f3gicamente, dediqu\u00e9 atenci\u00f3n preferente a este aspecto de la preparaci\u00f3n. Pienso que si un jugador tiene cualidades t\u00e9cnicas poco m\u00e1s se le puede ense\u00f1ar al respecto por lo que hay que trabajar con \u00e9l bajo el enfoque f\u00edsico; eso es lo que intento hacer, dotarles de fuerza y fondo para equilibrar as\u00ed ambas cosas, condici\u00f3n t\u00e9cnica y condici\u00f3n f\u00edsica. En Segunda se ha de correr, esto es incuestionable. Ese era mi af\u00e1n. No lo consegu\u00ed, no dio resultado, lo s\u00e9. Lo s\u00e9\u2026<\/em><\/span><\/li>\n<\/ul>\n<p><span style=\"color: #008000\"><em>(Haciendo un lapsus, una an\u00e9cdota que el interesado desea aclarar: \u201cHe le\u00eddo por ah\u00ed que los jugadores del Betis no me han perdonado unas palabras que les dirig\u00ed en San Fernando, en un partido de Copa. Sucedi\u00f3 que pasamos muchos apuros para eliminar a aquel equipo de Tercera Divisi\u00f3n, tanto es as\u00ed que lo conseguimos gracias al lanzamiento de penaltis\u2026, y yo, para picar el amor propio de mis jugadores, les pregunt\u00e9 si es que no ten\u00edan cojones para ganar al San Fernando. Para m\u00ed eso no es motivo de que se me pongan en contra. Vamos, ser\u00eda infantil. Es algo que se dice en confianza, buscando un revulsivo, por lo menos esa era mi intenci\u00f3n. O sea, que no pronunci\u00e9 la frase como un insulto o un desprecio. En fin, vuelvo a lo de antes: si hacen una encuesta entre los jugadores comprobar\u00e1n que la mayor\u00eda estaban de mi parte\u201d.)<\/em><\/span><\/p>\n<p><span style=\"color: #008000\"><em>La \u00faltima acusaci\u00f3n:<\/em><\/span><\/p>\n<p><span style=\"color: #008000\"><em>. No tener mano izquierda con los directivos<\/em><\/span><\/p>\n<ul>\n<li><span style=\"color: #008000\"><em>Con algunos desde luego que no. No, porque no son ni hombres. Con los directivos de verdad, los que yo llamo se\u00f1ores, no hace falta mano izquierda; basta con decir las cosas claras y en la cara. S\u00e9 que a otros hay que \u201ctorearles\u201d pero yo no he nacido para eso. A veces pienso que ser\u00eda conveniente pero no es mi estilo.<\/em><\/span><\/li>\n<\/ul>\n<p><span style=\"color: #008000\"><em>Hasta aqu\u00ed el \u201cproceso\u201d a Garc\u00eda Traid. Para el final hemos dejado lo mejor, las \u201crazones\u201d que le dio al cesado el presidente del Betis, se\u00f1or N\u00fa\u00f1ez Naranjo: \u201cCon todo el dolor m\u00edo y el de la junta, nos vemos obligados a prescindir de sus servicios como director t\u00e9cnico del Real Betis. Es lo m\u00e1s f\u00e1cil. No podemos echar a parte de la directiva ni a media plantilla que, por las causas que sean, no est\u00e1 rindiendo lo que se esperaba\u201d.<\/em><\/span><\/p>\n<p><span style=\"color: #008000\"><em>Muchos lo malquer\u00edan. Otros le defendieron. Algunos lloraron su marcha. Entre todos consiguieron echarle. \u00bfPor qu\u00e9? Al margen de que el entra\u00f1able club verdiblanco vuelva a Primera o se quede en Segunda, el episodio de Jos\u00e9 Luis Garc\u00eda Traid evidencia que en Heli\u00f3polis hay muchas puertas grandes que se han convertido en falsas\u2026 \u00a0\u00a0\u00a0\u00a0\u00a0<\/em><\/span><\/p>\n<p><span style=\"color: #008000\"><em>\u00a0\u00a0\u00a0 \u00a0\u00a0\u00a0\u00a0<\/em><\/span><\/p>\n","protected":false},"excerpt":{"rendered":"<p>Al poco tiempo de consumarse el dram\u00e1tico descenso de categor\u00eda en 1978 el Betis confirm\u00f3 el fichaje de Jos\u00e9 Luis Garc\u00eda Traid como t\u00e9cnido para la campa\u00f1a 1978-79. Se trataba de un hombre joven, 42 a\u00f1os, que limitaba su carrera profesional en los banquillos a su exitosa trayectoria con la Uni\u00f3n Deportiva Salamanca, a la&#8230;<\/p>\n","protected":false},"author":5,"featured_media":65391,"comment_status":"open","ping_status":"open","sticky":false,"template":"","format":"standard","meta":{"_kad_post_transparent":"","_kad_post_title":"","_kad_post_layout":"","_kad_post_sidebar_id":"","_kad_post_content_style":"","_kad_post_vertical_padding":"","_kad_post_feature":"","_kad_post_feature_position":"","_kad_post_header":false,"_kad_post_footer":false,"_kad_post_classname":"","_jetpack_memberships_contains_paid_content":false,"footnotes":"","jetpack_publicize_message":"","jetpack_publicize_feature_enabled":true,"jetpack_social_post_already_shared":true,"jetpack_social_options":{"image_generator_settings":{"template":"highway","default_image_id":0,"font":"","enabled":false},"version":2}},"categories":[903,892,1],"tags":[2227,1033,1098],"class_list":["post-65390","post","type-post","status-publish","format-standard","has-post-thumbnail","hentry","category-1970-1979","category-entrenadores-temas","category-portada","tag-1978-79","tag-1033","tag-jose-luis-garcia-traid"],"jetpack_publicize_connections":[],"jetpack_featured_media_url":"https:\/\/i0.wp.com\/www.manquepierda.com\/historiarealbetis\/files\/2018\/06\/Entrevista-Garc%C3%ADa-Traid-NMP-Don-Bal%C3%B3n-24-04-1979.jpg?fit=455%2C799&ssl=1","jetpack_sharing_enabled":true,"jetpack_shortlink":"https:\/\/wp.me\/p1ij08-h0G","jetpack-related-posts":[],"_links":{"self":[{"href":"https:\/\/www.manquepierda.com\/historiarealbetis\/wp-json\/wp\/v2\/posts\/65390","targetHints":{"allow":["GET"]}}],"collection":[{"href":"https:\/\/www.manquepierda.com\/historiarealbetis\/wp-json\/wp\/v2\/posts"}],"about":[{"href":"https:\/\/www.manquepierda.com\/historiarealbetis\/wp-json\/wp\/v2\/types\/post"}],"author":[{"embeddable":true,"href":"https:\/\/www.manquepierda.com\/historiarealbetis\/wp-json\/wp\/v2\/users\/5"}],"replies":[{"embeddable":true,"href":"https:\/\/www.manquepierda.com\/historiarealbetis\/wp-json\/wp\/v2\/comments?post=65390"}],"version-history":[{"count":0,"href":"https:\/\/www.manquepierda.com\/historiarealbetis\/wp-json\/wp\/v2\/posts\/65390\/revisions"}],"wp:featuredmedia":[{"embeddable":true,"href":"https:\/\/www.manquepierda.com\/historiarealbetis\/wp-json\/wp\/v2\/media\/65391"}],"wp:attachment":[{"href":"https:\/\/www.manquepierda.com\/historiarealbetis\/wp-json\/wp\/v2\/media?parent=65390"}],"wp:term":[{"taxonomy":"category","embeddable":true,"href":"https:\/\/www.manquepierda.com\/historiarealbetis\/wp-json\/wp\/v2\/categories?post=65390"},{"taxonomy":"post_tag","embeddable":true,"href":"https:\/\/www.manquepierda.com\/historiarealbetis\/wp-json\/wp\/v2\/tags?post=65390"}],"curies":[{"name":"wp","href":"https:\/\/api.w.org\/{rel}","templated":true}]}}