{"id":65464,"date":"2018-07-04T14:21:53","date_gmt":"2018-07-04T12:21:53","guid":{"rendered":"http:\/\/www.manquepierda.com\/historiarealbetis\/?p=65464"},"modified":"2024-09-16T18:59:36","modified_gmt":"2024-09-16T16:59:36","slug":"1922-junio-gira-por-el-norte-de-espana-real-betis-balompie-recortes-de-prensa","status":"publish","type":"post","link":"https:\/\/www.manquepierda.com\/historiarealbetis\/1922-junio-gira-por-el-norte-de-espana-real-betis-balompie-recortes-de-prensa\/","title":{"rendered":"1922-Junio.-Gira por el Norte de Espa\u00f1a.-Real Betis Balompi\u00e9.-Recortes de Prensa."},"content":{"rendered":"<p><img data-recalc-dims=\"1\" loading=\"lazy\" decoding=\"async\" class=\"aligncenter size-medium wp-image-65465\" src=\"https:\/\/i0.wp.com\/www.manquepierda.com\/historiarealbetis\/files\/2018\/07\/RBB1922.jpeg?resize=680%2C396&#038;ssl=1\" alt=\"\" width=\"680\" height=\"396\" srcset=\"https:\/\/i0.wp.com\/www.manquepierda.com\/historiarealbetis\/files\/2018\/07\/RBB1922.jpeg?resize=680%2C396&amp;ssl=1 680w, https:\/\/i0.wp.com\/www.manquepierda.com\/historiarealbetis\/files\/2018\/07\/RBB1922.jpeg?resize=220%2C128&amp;ssl=1 220w, https:\/\/i0.wp.com\/www.manquepierda.com\/historiarealbetis\/files\/2018\/07\/RBB1922.jpeg?resize=768%2C448&amp;ssl=1 768w, https:\/\/i0.wp.com\/www.manquepierda.com\/historiarealbetis\/files\/2018\/07\/RBB1922.jpeg?resize=960%2C559&amp;ssl=1 960w, https:\/\/i0.wp.com\/www.manquepierda.com\/historiarealbetis\/files\/2018\/07\/RBB1922.jpeg?w=1788&amp;ssl=1 1788w\" sizes=\"auto, (max-width: 680px) 100vw, 680px\" \/><\/p>\n<p><strong><em>\u00abEquipo del Real Betis Balompi\u00e9 que acaba de hacer una tourn\u00e9e por el Norte de Espa\u00f1a, habiendo dejado muy bien sentado su nombre en cuantas poblaciones ha jugado\u00bb.<\/em><\/strong><\/p>\n<p style=\"text-align: center\">\u00abLa Semana Gr\u00e1fica\u00bb-Sevilla, s\u00e1bado 24-VI-1922.-Fot\u00f3grafo S\u00e1nchez del Pando.<\/p>\n<p style=\"text-align: center\"><img data-recalc-dims=\"1\" loading=\"lazy\" decoding=\"async\" class=\"aligncenter size-medium wp-image-65466\" src=\"https:\/\/i0.wp.com\/www.manquepierda.com\/historiarealbetis\/files\/2018\/07\/ABC1958.jpeg?resize=680%2C462&#038;ssl=1\" alt=\"\" width=\"680\" height=\"462\" srcset=\"https:\/\/i0.wp.com\/www.manquepierda.com\/historiarealbetis\/files\/2018\/07\/ABC1958.jpeg?resize=680%2C462&amp;ssl=1 680w, https:\/\/i0.wp.com\/www.manquepierda.com\/historiarealbetis\/files\/2018\/07\/ABC1958.jpeg?resize=220%2C149&amp;ssl=1 220w, https:\/\/i0.wp.com\/www.manquepierda.com\/historiarealbetis\/files\/2018\/07\/ABC1958.jpeg?resize=768%2C522&amp;ssl=1 768w, https:\/\/i0.wp.com\/www.manquepierda.com\/historiarealbetis\/files\/2018\/07\/ABC1958.jpeg?resize=960%2C652&amp;ssl=1 960w, https:\/\/i0.wp.com\/www.manquepierda.com\/historiarealbetis\/files\/2018\/07\/ABC1958.jpeg?resize=75%2C52&amp;ssl=1 75w, https:\/\/i0.wp.com\/www.manquepierda.com\/historiarealbetis\/files\/2018\/07\/ABC1958.jpeg?w=1424&amp;ssl=1 1424w\" sizes=\"auto, (max-width: 680px) 100vw, 680px\" \/><\/p>\n<p style=\"text-align: center\"><em><strong>\u00abPresentaci\u00f3n del equipo del Betis en Bilbao, a\u00f1o 1.922\u00bb.<\/strong><\/em><\/p>\n<p style=\"text-align: left\">\u00abA. B. C.\u00bb-Sevilla, mi\u00e9rcoles 17-XII-1958.-N\u00famero extraordinario.-Bodas de Oro del Real Betis Balompi\u00e9.-PVP 2 Pesetas.<\/p>\n<p style=\"text-align: center\">\n","protected":false},"excerpt":{"rendered":"<p>\u00abEquipo del Real Betis Balompi\u00e9 que acaba de hacer una tourn\u00e9e por el Norte de Espa\u00f1a, habiendo dejado muy bien sentado su nombre en cuantas poblaciones ha jugado\u00bb. \u00abLa Semana Gr\u00e1fica\u00bb-Sevilla, s\u00e1bado 24-VI-1922.-Fot\u00f3grafo S\u00e1nchez del Pando. \u00abPresentaci\u00f3n del equipo del Betis en Bilbao, a\u00f1o 1.922\u00bb. \u00abA. B. C.\u00bb-Sevilla, mi\u00e9rcoles 17-XII-1958.-N\u00famero extraordinario.-Bodas de Oro del Real&#8230;<\/p>\n","protected":false},"author":48,"featured_media":65466,"comment_status":"open","ping_status":"open","sticky":false,"template":"","format":"standard","meta":{"_kad_post_transparent":"","_kad_post_title":"","_kad_post_layout":"","_kad_post_sidebar_id":"","_kad_post_content_style":"","_kad_post_vertical_padding":"","_kad_post_feature":"","_kad_post_feature_position":"","_kad_post_header":false,"_kad_post_footer":false,"_kad_post_classname":"","_jetpack_memberships_contains_paid_content":false,"footnotes":"","jetpack_publicize_message":"","jetpack_publicize_feature_enabled":true,"jetpack_social_post_already_shared":true,"jetpack_social_options":{"image_generator_settings":{"template":"highway","default_image_id":0,"font":"","enabled":false},"version":2}},"categories":[898,1],"tags":[17734,43,124],"class_list":["post-65464","post","type-post","status-publish","format-standard","has-post-thumbnail","hentry","category-1920-1929","category-portada","tag-1921-22","tag-43","tag-athletic-club"],"jetpack_publicize_connections":[],"jetpack_featured_media_url":"https:\/\/i0.wp.com\/www.manquepierda.com\/historiarealbetis\/files\/2018\/07\/ABC1958.jpeg?fit=1424%2C967&ssl=1","jetpack_sharing_enabled":true,"jetpack_shortlink":"https:\/\/wp.me\/p1ij08-h1S","jetpack-related-posts":[],"_links":{"self":[{"href":"https:\/\/www.manquepierda.com\/historiarealbetis\/wp-json\/wp\/v2\/posts\/65464","targetHints":{"allow":["GET"]}}],"collection":[{"href":"https:\/\/www.manquepierda.com\/historiarealbetis\/wp-json\/wp\/v2\/posts"}],"about":[{"href":"https:\/\/www.manquepierda.com\/historiarealbetis\/wp-json\/wp\/v2\/types\/post"}],"author":[{"embeddable":true,"href":"https:\/\/www.manquepierda.com\/historiarealbetis\/wp-json\/wp\/v2\/users\/48"}],"replies":[{"embeddable":true,"href":"https:\/\/www.manquepierda.com\/historiarealbetis\/wp-json\/wp\/v2\/comments?post=65464"}],"version-history":[{"count":1,"href":"https:\/\/www.manquepierda.com\/historiarealbetis\/wp-json\/wp\/v2\/posts\/65464\/revisions"}],"predecessor-version":[{"id":95094,"href":"https:\/\/www.manquepierda.com\/historiarealbetis\/wp-json\/wp\/v2\/posts\/65464\/revisions\/95094"}],"wp:featuredmedia":[{"embeddable":true,"href":"https:\/\/www.manquepierda.com\/historiarealbetis\/wp-json\/wp\/v2\/media\/65466"}],"wp:attachment":[{"href":"https:\/\/www.manquepierda.com\/historiarealbetis\/wp-json\/wp\/v2\/media?parent=65464"}],"wp:term":[{"taxonomy":"category","embeddable":true,"href":"https:\/\/www.manquepierda.com\/historiarealbetis\/wp-json\/wp\/v2\/categories?post=65464"},{"taxonomy":"post_tag","embeddable":true,"href":"https:\/\/www.manquepierda.com\/historiarealbetis\/wp-json\/wp\/v2\/tags?post=65464"}],"curies":[{"name":"wp","href":"https:\/\/api.w.org\/{rel}","templated":true}]}}