{"id":65476,"date":"2018-07-07T08:50:15","date_gmt":"2018-07-07T06:50:15","guid":{"rendered":"http:\/\/www.manquepierda.com\/historiarealbetis\/?p=65476"},"modified":"2018-07-06T23:25:28","modified_gmt":"2018-07-06T21:25:28","slug":"trofeo-luis-otero-1962","status":"publish","type":"post","link":"https:\/\/www.manquepierda.com\/historiarealbetis\/trofeo-luis-otero-1962\/","title":{"rendered":"Trofeo Luis Otero 1962"},"content":{"rendered":"<p><a href=\"https:\/\/i0.wp.com\/www.manquepierda.com\/historiarealbetis\/files\/2018\/07\/Trofeo-Luis-Otero-1962-La-Noche-25-08-1962.jpg?ssl=1\"><img data-recalc-dims=\"1\" loading=\"lazy\" decoding=\"async\" class=\"aligncenter size-full wp-image-65477\" src=\"https:\/\/i0.wp.com\/www.manquepierda.com\/historiarealbetis\/files\/2018\/07\/Trofeo-Luis-Otero-1962-La-Noche-25-08-1962.jpg?resize=641%2C438&#038;ssl=1\" alt=\"\" width=\"641\" height=\"438\" srcset=\"https:\/\/i0.wp.com\/www.manquepierda.com\/historiarealbetis\/files\/2018\/07\/Trofeo-Luis-Otero-1962-La-Noche-25-08-1962.jpg?w=641&amp;ssl=1 641w, https:\/\/i0.wp.com\/www.manquepierda.com\/historiarealbetis\/files\/2018\/07\/Trofeo-Luis-Otero-1962-La-Noche-25-08-1962.jpg?resize=220%2C150&amp;ssl=1 220w, https:\/\/i0.wp.com\/www.manquepierda.com\/historiarealbetis\/files\/2018\/07\/Trofeo-Luis-Otero-1962-La-Noche-25-08-1962.jpg?resize=75%2C52&amp;ssl=1 75w\" sizes=\"auto, (max-width: 641px) 100vw, 641px\" \/><\/a><\/p>\n<p>El Trofeo Luis Otero se juega en la ciudad de Pontevedra desde el a\u00f1o 1959\u00a0 organizado por el Pontevedra CF, por entonces en Segunda Divisi\u00f3n. El Betis fue invitado a participar en su tercera edici\u00f3n en agosto de 1962, debi\u00e9ndose enfrentar al FC Porto, subcamp\u00e9n de la Liga portuguesa, para dilucidar qu\u00e9 equipo disputar\u00eda en la final el trofeo con el club local.<\/p>\n<p>El conjunto verdiblanco, a quien adiestraba Fernando Daucik en su tercera campa\u00f1a, inici\u00f3 los entrenamientos el 1 de agosto, como ya vimos <a href=\"https:\/\/www.manquepierda.com\/historiarealbetis\/64995-nuevos-fichajes-1962\/\"><strong>aqu\u00ed<\/strong><\/a>,\u00a0 y este compromiso en Galicia fue el primer partido que iba a jugar el equipo en toda la pretemporada.<\/p>\n<p>Para jugar el viernes 24 de agosto el Betis parti\u00f3 de Sevilla el martes 21, desplazando Daucik 20 jugadores , y realizando el trayecto en autob\u00fas a trav\u00e9s de M\u00e9rida y Salamanca, donde se hizo parada en la primera noche.<\/p>\n<p>En Galicia el Betis se aloj\u00f3 en la poblaci\u00f3n de O Grove en el Hostal del Besugo, adonde lleg\u00f3 el mi\u00e9rcoles por la tarde. El d\u00eda anterior del partido, el jueves, los jugadores b\u00e9ticos se ejercitaron en un campo de f\u00fatbol situado en la isla de La Toja, entre la expectaci\u00f3n de la poblaci\u00f3n local y de los numerosos turistas que poblaban la zona.<\/p>\n<p>El FC Porto lleg\u00f3 el mismo jueves, acompa\u00f1ado de una caravana de autobuses con medio millar de aficionados portistas. El jueves por la tarde Betis y Porto participaron en una recepci\u00f3n ofrecida por el Ayuntamiento de Pontevedra.<\/p>\n<p>En el partido disputado en el estadio de Pasar\u00f3n se impuso el conjunto blanquiazul por 2 goles a 1.<\/p>\n<p>El Betis form\u00f3 con Corral; Colo, R\u00edos, Areta (Montaner); Lasa (Mart\u00edn Esperanza), Bosch (Castro); Senekowitsch, Luis, Ansola (Pallar\u00e9s), Cort\u00e9s y Portilla. El FC Porto, entrenado por el h\u00fangaro Janos Kalmar, form\u00f3 con Rui; Virgilio, Miguel, Mesquita; Atraca, Paula; Carlos Duarte, Pinto, Azumir, Hernani y Serafim.<\/p>\n<p><a href=\"https:\/\/i0.wp.com\/www.manquepierda.com\/historiarealbetis\/files\/2018\/07\/27-Betis-Oporto-cr%C3%B3nica.jpg?ssl=1\"><img data-recalc-dims=\"1\" loading=\"lazy\" decoding=\"async\" class=\"aligncenter size-medium wp-image-65480\" src=\"https:\/\/i0.wp.com\/www.manquepierda.com\/historiarealbetis\/files\/2018\/07\/27-Betis-Oporto-cr%C3%B3nica.jpg?resize=680%2C438&#038;ssl=1\" alt=\"\" width=\"680\" height=\"438\" srcset=\"https:\/\/i0.wp.com\/www.manquepierda.com\/historiarealbetis\/files\/2018\/07\/27-Betis-Oporto-cr%C3%B3nica.jpg?resize=680%2C438&amp;ssl=1 680w, https:\/\/i0.wp.com\/www.manquepierda.com\/historiarealbetis\/files\/2018\/07\/27-Betis-Oporto-cr%C3%B3nica.jpg?resize=220%2C142&amp;ssl=1 220w, https:\/\/i0.wp.com\/www.manquepierda.com\/historiarealbetis\/files\/2018\/07\/27-Betis-Oporto-cr%C3%B3nica.jpg?resize=768%2C494&amp;ssl=1 768w, https:\/\/i0.wp.com\/www.manquepierda.com\/historiarealbetis\/files\/2018\/07\/27-Betis-Oporto-cr%C3%B3nica.jpg?resize=960%2C618&amp;ssl=1 960w, https:\/\/i0.wp.com\/www.manquepierda.com\/historiarealbetis\/files\/2018\/07\/27-Betis-Oporto-cr%C3%B3nica.jpg?w=1055&amp;ssl=1 1055w\" sizes=\"auto, (max-width: 680px) 100vw, 680px\" \/><\/a><\/p>\n<p>&nbsp;<\/p>\n<p>En el minuto 38 Hernani, en posici\u00f3n m\u00e1s que dudosa, adelanto a lo portugueses, incrementado la ventaja Azumir en el 43. A los 83 Cort\u00e9s acortaba distancias de cabeza, pero el colegiado gallego Garc\u00eda Rodr\u00edguez anul\u00f3 el tanto, siendo Luis el autor del \u00fanico tanto verdiblanco en el 87.<\/p>\n<p>En la actuaci\u00f3n de los jugadores b\u00e9ticos el m\u00e1s destacado fue Luis Aragon\u00e9s, quien termin\u00f3 jugando de delantero centro ante una lesi\u00f3n de Fernando Ansola que se retir\u00f3 conmocionado del terreno de juego en el minuto 20 al chocar de cabeza con un futbolista del Porto.<\/p>\n<p>Con esta derrota terminaba la participaci\u00f3n del Betis en el trofeo Luis Otero. A\u00fan permanecer\u00eda el Betis unos d\u00edas m\u00e1s en la zona para disputar un amistoso en Le\u00f3n y participar en el Trofeo Concepci\u00f3n Arenal en Ferrol.<\/p>\n<p>En la final del III Trofeo Luis Otero el FC Porto se impuso 2-0 al Pontevedra.<\/p>\n<p><a href=\"https:\/\/i0.wp.com\/www.manquepierda.com\/historiarealbetis\/files\/2018\/07\/Trofeo-Luis-Otero-1962-Entrega-Trofeo-La-Noche-25-08-1962.jpg?ssl=1\"><img data-recalc-dims=\"1\" loading=\"lazy\" decoding=\"async\" class=\"aligncenter size-full wp-image-65481\" src=\"https:\/\/i0.wp.com\/www.manquepierda.com\/historiarealbetis\/files\/2018\/07\/Trofeo-Luis-Otero-1962-Entrega-Trofeo-La-Noche-25-08-1962.jpg?resize=570%2C358&#038;ssl=1\" alt=\"\" width=\"570\" height=\"358\" srcset=\"https:\/\/i0.wp.com\/www.manquepierda.com\/historiarealbetis\/files\/2018\/07\/Trofeo-Luis-Otero-1962-Entrega-Trofeo-La-Noche-25-08-1962.jpg?w=570&amp;ssl=1 570w, https:\/\/i0.wp.com\/www.manquepierda.com\/historiarealbetis\/files\/2018\/07\/Trofeo-Luis-Otero-1962-Entrega-Trofeo-La-Noche-25-08-1962.jpg?resize=220%2C138&amp;ssl=1 220w\" sizes=\"auto, (max-width: 570px) 100vw, 570px\" \/><\/a><\/p>\n<p>&nbsp;<\/p>\n","protected":false},"excerpt":{"rendered":"<p>El Trofeo Luis Otero se juega en la ciudad de Pontevedra desde el a\u00f1o 1959\u00a0 organizado por el Pontevedra CF, por entonces en Segunda Divisi\u00f3n. El Betis fue invitado a participar en su tercera edici\u00f3n en agosto de 1962, debi\u00e9ndose enfrentar al FC Porto, subcamp\u00e9n de la Liga portuguesa, para dilucidar qu\u00e9 equipo disputar\u00eda en&#8230;<\/p>\n","protected":false},"author":5,"featured_media":65477,"comment_status":"open","ping_status":"open","sticky":false,"template":"","format":"standard","meta":{"_kad_post_transparent":"","_kad_post_title":"","_kad_post_layout":"","_kad_post_sidebar_id":"","_kad_post_content_style":"","_kad_post_vertical_padding":"","_kad_post_feature":"","_kad_post_feature_position":"","_kad_post_header":false,"_kad_post_footer":false,"_kad_post_classname":"","_jetpack_memberships_contains_paid_content":false,"footnotes":"","jetpack_publicize_message":"","jetpack_publicize_feature_enabled":true,"jetpack_social_post_already_shared":true,"jetpack_social_options":{"image_generator_settings":{"template":"highway","default_image_id":0,"font":"","enabled":false},"version":2}},"categories":[902,1,2064],"tags":[5369,4280,9079,16796],"class_list":["post-65476","post","type-post","status-publish","format-standard","has-post-thumbnail","hentry","category-1960-1969","category-portada","category-trofeos-de-verano","tag-5369","tag-1962-63","tag-fc-porto","tag-iii-trofeo-luis-otero"],"jetpack_publicize_connections":[],"jetpack_featured_media_url":"https:\/\/i0.wp.com\/www.manquepierda.com\/historiarealbetis\/files\/2018\/07\/Trofeo-Luis-Otero-1962-La-Noche-25-08-1962.jpg?fit=641%2C438&ssl=1","jetpack_sharing_enabled":true,"jetpack_shortlink":"https:\/\/wp.me\/p1ij08-h24","jetpack-related-posts":[],"_links":{"self":[{"href":"https:\/\/www.manquepierda.com\/historiarealbetis\/wp-json\/wp\/v2\/posts\/65476","targetHints":{"allow":["GET"]}}],"collection":[{"href":"https:\/\/www.manquepierda.com\/historiarealbetis\/wp-json\/wp\/v2\/posts"}],"about":[{"href":"https:\/\/www.manquepierda.com\/historiarealbetis\/wp-json\/wp\/v2\/types\/post"}],"author":[{"embeddable":true,"href":"https:\/\/www.manquepierda.com\/historiarealbetis\/wp-json\/wp\/v2\/users\/5"}],"replies":[{"embeddable":true,"href":"https:\/\/www.manquepierda.com\/historiarealbetis\/wp-json\/wp\/v2\/comments?post=65476"}],"version-history":[{"count":0,"href":"https:\/\/www.manquepierda.com\/historiarealbetis\/wp-json\/wp\/v2\/posts\/65476\/revisions"}],"wp:featuredmedia":[{"embeddable":true,"href":"https:\/\/www.manquepierda.com\/historiarealbetis\/wp-json\/wp\/v2\/media\/65477"}],"wp:attachment":[{"href":"https:\/\/www.manquepierda.com\/historiarealbetis\/wp-json\/wp\/v2\/media?parent=65476"}],"wp:term":[{"taxonomy":"category","embeddable":true,"href":"https:\/\/www.manquepierda.com\/historiarealbetis\/wp-json\/wp\/v2\/categories?post=65476"},{"taxonomy":"post_tag","embeddable":true,"href":"https:\/\/www.manquepierda.com\/historiarealbetis\/wp-json\/wp\/v2\/tags?post=65476"}],"curies":[{"name":"wp","href":"https:\/\/api.w.org\/{rel}","templated":true}]}}