{"id":65526,"date":"2018-07-12T07:27:35","date_gmt":"2018-07-12T05:27:35","guid":{"rendered":"http:\/\/www.manquepierda.com\/historiarealbetis\/?p=65526"},"modified":"2024-09-26T23:25:42","modified_gmt":"2024-09-26T21:25:42","slug":"alineacion-betis-homenaje-a-jesus-y-enrique-1934","status":"publish","type":"post","link":"https:\/\/www.manquepierda.com\/historiarealbetis\/alineacion-betis-homenaje-a-jesus-y-enrique-1934\/","title":{"rendered":"Alineaci\u00f3n Betis Homenaje a Jes\u00fas y Enrique 1934"},"content":{"rendered":"<p><a href=\"https:\/\/i0.wp.com\/www.manquepierda.com\/historiarealbetis\/files\/2018\/07\/Alineaci%C3%B3n-Betis-Selecci%C3%B3n-Sevillana-1934.jpg?ssl=1\"><img data-recalc-dims=\"1\" loading=\"lazy\" decoding=\"async\" class=\"aligncenter size-medium wp-image-65527\" src=\"https:\/\/i0.wp.com\/www.manquepierda.com\/historiarealbetis\/files\/2018\/07\/Alineaci%C3%B3n-Betis-Selecci%C3%B3n-Sevillana-1934.jpg?resize=680%2C444&#038;ssl=1\" alt=\"\" width=\"680\" height=\"444\" srcset=\"https:\/\/i0.wp.com\/www.manquepierda.com\/historiarealbetis\/files\/2018\/07\/Alineaci%C3%B3n-Betis-Selecci%C3%B3n-Sevillana-1934.jpg?resize=680%2C444&amp;ssl=1 680w, https:\/\/i0.wp.com\/www.manquepierda.com\/historiarealbetis\/files\/2018\/07\/Alineaci%C3%B3n-Betis-Selecci%C3%B3n-Sevillana-1934.jpg?resize=220%2C144&amp;ssl=1 220w, https:\/\/i0.wp.com\/www.manquepierda.com\/historiarealbetis\/files\/2018\/07\/Alineaci%C3%B3n-Betis-Selecci%C3%B3n-Sevillana-1934.jpg?resize=768%2C501&amp;ssl=1 768w, https:\/\/i0.wp.com\/www.manquepierda.com\/historiarealbetis\/files\/2018\/07\/Alineaci%C3%B3n-Betis-Selecci%C3%B3n-Sevillana-1934.jpg?resize=960%2C627&amp;ssl=1 960w, https:\/\/i0.wp.com\/www.manquepierda.com\/historiarealbetis\/files\/2018\/07\/Alineaci%C3%B3n-Betis-Selecci%C3%B3n-Sevillana-1934.jpg?w=1155&amp;ssl=1 1155w\" sizes=\"auto, (max-width: 680px) 100vw, 680px\" \/><\/a><\/p>\n<p>2 de septiembre de 1934 en el Patronato Betis 5 Selecci\u00f3n Sevillana 1; partido amistoso de homenaje a Jes\u00fas y Enrique.<\/p>\n<p>En la imagen arriba Valera, Jes\u00fas, Areso, Unamuno, Aedo, Lecue, Peral y Telera; abajo Timimi, Rancel, Fern\u00e1ndez, Larrinoa y Aurelio.<\/p>\n<p>En el Patronato el Betis se enfrent\u00f3 a una selecci\u00f3n de jugadores del Sevilla y Betis en un partido homenaje a Jes\u00fas Bern\u00e1ldez y Enrique Garrido. El primero se aline\u00f3 de portero con el titular b\u00e9tico, mientras que Enrique integr\u00f3 el equipo de la selecci\u00f3n junto a otros jugadores b\u00e9ticos como Espinosa, Aranda, Paquirri, Adolfo y Adolfito y sevillistas como Eizaguirre, Iglesias, Sede\u00f1o, Caballero, Segura y Brand.<\/p>\n<p>Jes\u00fas te\u00f3ricamente se retiraba del f\u00fatbol profesional en este partido, pero a\u00fan tuvo que vestirse para disputar 3 partidos del Campeonato Regional entre esta temporada y la siguiente en situaciones de emergencia para la porter\u00eda b\u00e9tica.\u00a0 Enrique a\u00fan permanecer\u00eda en activo esta temporada, jugando en el Gimn\u00e1stico de Valencia.<\/p>\n<p>Los jugadores b\u00e9ticos portan brazalete negro por el fallecimiento del ex presidente verdiblanco Ignacio S\u00e1nchez Mej\u00edas, suceso acaecido tres semanas antes y que conmocion\u00f3 a la entidad b\u00e9tica.<\/p>\n<p>Agradecer a los aficionados b\u00e9ticos Miguel S\u00e1nchez Garc\u00eda y Reyes Aguilar su colaboraci\u00f3n con la imagen de hoy.<\/p>\n<p>&nbsp;<\/p>\n","protected":false},"excerpt":{"rendered":"<p>2 de septiembre de 1934 en el Patronato Betis 5 Selecci\u00f3n Sevillana 1; partido amistoso de homenaje a Jes\u00fas y Enrique. En la imagen arriba Valera, Jes\u00fas, Areso, Unamuno, Aedo, Lecue, Peral y Telera; abajo Timimi, Rancel, Fern\u00e1ndez, Larrinoa y Aurelio. En el Patronato el Betis se enfrent\u00f3 a una selecci\u00f3n de jugadores del Sevilla&#8230;<\/p>\n","protected":false},"author":5,"featured_media":65527,"comment_status":"open","ping_status":"open","sticky":false,"template":"","format":"standard","meta":{"_kad_post_transparent":"","_kad_post_title":"","_kad_post_layout":"","_kad_post_sidebar_id":"","_kad_post_content_style":"","_kad_post_vertical_padding":"","_kad_post_feature":"","_kad_post_feature_position":"","_kad_post_header":false,"_kad_post_footer":false,"_kad_post_classname":"","_jetpack_memberships_contains_paid_content":false,"footnotes":"","jetpack_publicize_message":"","jetpack_publicize_feature_enabled":true,"jetpack_social_post_already_shared":true,"jetpack_social_options":{"image_generator_settings":{"template":"highway","default_image_id":0,"font":"","enabled":false},"version":2}},"categories":[899,1],"tags":[1536,2267,16799,1407,1473,1482,17913,3495,1016,1113,2020,2268,1017,1043,983],"class_list":["post-65526","post","type-post","status-publish","format-standard","has-post-thumbnail","hentry","category-1930-1939","category-portada","tag-1536","tag-1934-35","tag-antonio-luque-telera","tag-aurelio-navarro","tag-jesus-bernaldez","tag-jose-rancel","tag-jose-suarez-peral","tag-luis-fernandez","tag-pedro-areso","tag-pedro-gonzalez-timimi","tag-pepe-valera","tag-rufino-larrinoa","tag-serafin-aedo","tag-simon-lecue","tag-victorio-unamuno"],"jetpack_publicize_connections":[],"jetpack_featured_media_url":"https:\/\/i0.wp.com\/www.manquepierda.com\/historiarealbetis\/files\/2018\/07\/Alineaci%C3%B3n-Betis-Selecci%C3%B3n-Sevillana-1934.jpg?fit=1155%2C754&ssl=1","jetpack_sharing_enabled":true,"jetpack_shortlink":"https:\/\/wp.me\/p1ij08-h2S","jetpack-related-posts":[],"_links":{"self":[{"href":"https:\/\/www.manquepierda.com\/historiarealbetis\/wp-json\/wp\/v2\/posts\/65526","targetHints":{"allow":["GET"]}}],"collection":[{"href":"https:\/\/www.manquepierda.com\/historiarealbetis\/wp-json\/wp\/v2\/posts"}],"about":[{"href":"https:\/\/www.manquepierda.com\/historiarealbetis\/wp-json\/wp\/v2\/types\/post"}],"author":[{"embeddable":true,"href":"https:\/\/www.manquepierda.com\/historiarealbetis\/wp-json\/wp\/v2\/users\/5"}],"replies":[{"embeddable":true,"href":"https:\/\/www.manquepierda.com\/historiarealbetis\/wp-json\/wp\/v2\/comments?post=65526"}],"version-history":[{"count":1,"href":"https:\/\/www.manquepierda.com\/historiarealbetis\/wp-json\/wp\/v2\/posts\/65526\/revisions"}],"predecessor-version":[{"id":99104,"href":"https:\/\/www.manquepierda.com\/historiarealbetis\/wp-json\/wp\/v2\/posts\/65526\/revisions\/99104"}],"wp:featuredmedia":[{"embeddable":true,"href":"https:\/\/www.manquepierda.com\/historiarealbetis\/wp-json\/wp\/v2\/media\/65527"}],"wp:attachment":[{"href":"https:\/\/www.manquepierda.com\/historiarealbetis\/wp-json\/wp\/v2\/media?parent=65526"}],"wp:term":[{"taxonomy":"category","embeddable":true,"href":"https:\/\/www.manquepierda.com\/historiarealbetis\/wp-json\/wp\/v2\/categories?post=65526"},{"taxonomy":"post_tag","embeddable":true,"href":"https:\/\/www.manquepierda.com\/historiarealbetis\/wp-json\/wp\/v2\/tags?post=65526"}],"curies":[{"name":"wp","href":"https:\/\/api.w.org\/{rel}","templated":true}]}}