{"id":65549,"date":"2018-07-15T09:08:28","date_gmt":"2018-07-15T07:08:28","guid":{"rendered":"http:\/\/www.manquepierda.com\/historiarealbetis\/?p=65549"},"modified":"2024-08-26T07:46:02","modified_gmt":"2024-08-26T05:46:02","slug":"ni-luis-ni-clemente-ni-griguol-ni-juande-ni-victor-serra-de-manuel-fernandez-de-cordoba","status":"publish","type":"post","link":"https:\/\/www.manquepierda.com\/historiarealbetis\/ni-luis-ni-clemente-ni-griguol-ni-juande-ni-victor-serra-de-manuel-fernandez-de-cordoba\/","title":{"rendered":"Ni Luis, ni Clemente, ni Griguol, ni Juande, ni V\u00edctor&#8230;Serra, de Manuel Fern\u00e1ndez de C\u00f3rdoba"},"content":{"rendered":"<p><a href=\"https:\/\/i0.wp.com\/www.manquepierda.com\/historiarealbetis\/files\/2018\/07\/Lorenzo-Serra.jpg?ssl=1\"><img data-recalc-dims=\"1\" loading=\"lazy\" decoding=\"async\" class=\"aligncenter size-full wp-image-65550\" src=\"https:\/\/i0.wp.com\/www.manquepierda.com\/historiarealbetis\/files\/2018\/07\/Lorenzo-Serra.jpg?resize=389%2C389&#038;ssl=1\" alt=\"\" width=\"389\" height=\"389\" srcset=\"https:\/\/i0.wp.com\/www.manquepierda.com\/historiarealbetis\/files\/2018\/07\/Lorenzo-Serra.jpg?w=389&amp;ssl=1 389w, https:\/\/i0.wp.com\/www.manquepierda.com\/historiarealbetis\/files\/2018\/07\/Lorenzo-Serra.jpg?resize=220%2C220&amp;ssl=1 220w, https:\/\/i0.wp.com\/www.manquepierda.com\/historiarealbetis\/files\/2018\/07\/Lorenzo-Serra.jpg?resize=150%2C150&amp;ssl=1 150w\" sizes=\"auto, (max-width: 389px) 100vw, 389px\" \/><\/a><\/p>\n<p>Lorenzo Serra Ferrer vive actualmente su tercera etapa en el Real Betis Balompi\u00e9. Desde su llegada en el verano pasado el equipo y el club presentan un balance tremendamente positivo, con una implicaci\u00f3n en todos los estamentos que se echaba muy en falta.<\/p>\n<p>La profesionalidad, el rigor y el trabajo son caracter\u00edsticas de las tres ocasiones en las que Lorenzo Serra ha estado al frente de la nave verdiblanca, ya sea desde el banquillo, como en las dos anteriores, o en la vicepresidencia deportiva que desempe\u00f1a en la actualidad.<\/p>\n<p>El relato que hoy traemos tiene ya 13 a\u00f1os. Lo public\u00f3 el periodista Manuel Fern\u00e1ndez de C\u00f3rdoba en ABC el 23 de febrero de 2005 en ABC, tres d\u00edas despu\u00e9s de vencer en Heli\u00f3polis al Deportivo de La Coru\u00f1a con 2 goles de Assun\u00e7ao y colocar al Betis en la tercera posici\u00f3n de la Liga. No obstante, lo mejor a\u00fan estaba por venir, en esa maravillosa nube en que vivimos los b\u00e9ticos en los meses de mayo y junio de ese 2005, con la conquista de la cuarta plaza, la clasificaci\u00f3n para la Liga de Campeones y la victoria en la Copa frente a Osasuna en el Calder\u00f3n.<\/p>\n<p>No obstante, Manuel Fern\u00e1ndez de C\u00f3rdoba ya ten\u00eda muy claro lo que el equipo pod\u00eda dar de s\u00ed bajo la direcci\u00f3n de Lorenzo Serra, y el comparativo con los que le antecedieron en el banquillo verdiblanco era brutal a su favor.<\/p>\n<p>Qu\u00e9 pena que el m\u00e1ximo accionista en ese a\u00f1o 2005 no lo hubiera tenido tan claro, qu\u00e9 oportunidad perdimos.<\/p>\n<p>&nbsp;<\/p>\n<p>&nbsp;<\/p>\n<p><span style=\"color: #008000\"><em>Cuando lleg\u00f3 a Heli\u00f3polis en su primera etapa, cogi\u00f3 a un equipo adormecido y aletargado en Segunda y, en doce partidos, escribo de memoria, lo meti\u00f3 en Primera para asombro de una afici\u00f3n casi tan acostumbrada a perder que, cuando ganaba, casi se enfadaba. Lleg\u00f3 a Primera y form\u00f3 un alboroto. Lleg\u00f3 a una final de la Copa del Rey y no la gan\u00f3 casi de milagro para el Bar\u00e7a. Se fue y ahora ha vuelto. Y lo ha hecho como cuando lleg\u00f3: imponiendo su ley en el plantel. Hablando claro como el agua clara a los profesionales, en esos momentos en que un uno-cuatro ante el Espa\u00f1ol pon\u00eda el proyecto contra las cuerdas, para venir a decirles que, o con ellos o sin ellos, el Betis ten\u00eda que salir adelante y volver a empezar mentalizando a su gente y alentando a sus hombres y, al mismo tiempo, dejando bien claro tambi\u00e9n que, quien no estuviera por la causa verdiblanca, sobraba en el grupo.<\/em><\/span><\/p>\n<p><span style=\"color: #008000\"><em>Partido a partido, erre que erre, resultado a resultado, ah\u00ed est\u00e1 el Betis en puesto de privilegio con una plantilla en la que, entre lesiones, desmotivados y despistados, ha tenido que jugar con el tercer portero que ya parece el primero, con un central, o mediocentro, como Melli que juega de lateral como si all\u00ed hubiera jugado siempre, con Tais, defensa derecho, por la izquierda y recuperando a Assun\u00e7ao para ser el que es, haci\u00e9ndole ver a Joaqu\u00edn, me lo imagino, que tiene en sus botas el Banco de Espa\u00f1a y demostrando, con los fichajes de Edu y Oliveira, que apostaba a ganador cuando tantos tuercebotas le hab\u00edan endosado al Betis en los \u00faltimos tiempos. O dicho, como escrib\u00eda ayer Eduardo Barba en su informe Serra-Betis, ni Luis (el llamado Sabio), ni Clemente (el que se cree Sabio), ni Griguol(que no se sab\u00eda por qu\u00e9 vino), ni Juande (que s\u00ed que sab\u00eda, pero que se fue) ni V\u00edctor (que se fue sin enterarse) para que volviera Serra y convertir aquel 1-4 contra los periquitos, que sembr\u00f3 incertidumbres en quienes no conocen a Lorenzo, en ese tercer puesto que, entonces, ni siquiera pod\u00eda so\u00f1arse. Modestia aparte, con lo hecho y lo que pueda hacer, no est\u00e1bamos equivocados los que, ah\u00ed est\u00e1n las hemerotecas, apost\u00e1bamos por \u00e9l.<\/em><\/span><\/p>\n","protected":false},"excerpt":{"rendered":"<p>Lorenzo Serra Ferrer vive actualmente su tercera etapa en el Real Betis Balompi\u00e9. Desde su llegada en el verano pasado el equipo y el club presentan un balance tremendamente positivo, con una implicaci\u00f3n en todos los estamentos que se echaba muy en falta. La profesionalidad, el rigor y el trabajo son caracter\u00edsticas de las tres&#8230;<\/p>\n","protected":false},"author":5,"featured_media":65550,"comment_status":"open","ping_status":"open","sticky":false,"template":"","format":"standard","meta":{"_kad_post_transparent":"","_kad_post_title":"","_kad_post_layout":"","_kad_post_sidebar_id":"","_kad_post_content_style":"","_kad_post_vertical_padding":"","_kad_post_feature":"","_kad_post_feature_position":"","_kad_post_header":false,"_kad_post_footer":false,"_kad_post_classname":"","_jetpack_memberships_contains_paid_content":false,"footnotes":"","jetpack_publicize_message":"","jetpack_publicize_feature_enabled":true,"jetpack_social_post_already_shared":true,"jetpack_social_options":{"image_generator_settings":{"template":"highway","default_image_id":0,"font":"","enabled":false},"version":2}},"categories":[1,1176],"tags":[1457,12767],"class_list":["post-65549","post","type-post","status-publish","format-standard","has-post-thumbnail","hentry","category-portada","category-relatos-de-futbol","tag-lorenzo-serra","tag-manuel-fernandez-de-cordoba"],"jetpack_publicize_connections":[],"jetpack_featured_media_url":"https:\/\/i0.wp.com\/www.manquepierda.com\/historiarealbetis\/files\/2018\/07\/Lorenzo-Serra.jpg?fit=389%2C389&ssl=1","jetpack_sharing_enabled":true,"jetpack_shortlink":"https:\/\/wp.me\/p1ij08-h3f","jetpack-related-posts":[],"_links":{"self":[{"href":"https:\/\/www.manquepierda.com\/historiarealbetis\/wp-json\/wp\/v2\/posts\/65549","targetHints":{"allow":["GET"]}}],"collection":[{"href":"https:\/\/www.manquepierda.com\/historiarealbetis\/wp-json\/wp\/v2\/posts"}],"about":[{"href":"https:\/\/www.manquepierda.com\/historiarealbetis\/wp-json\/wp\/v2\/types\/post"}],"author":[{"embeddable":true,"href":"https:\/\/www.manquepierda.com\/historiarealbetis\/wp-json\/wp\/v2\/users\/5"}],"replies":[{"embeddable":true,"href":"https:\/\/www.manquepierda.com\/historiarealbetis\/wp-json\/wp\/v2\/comments?post=65549"}],"version-history":[{"count":1,"href":"https:\/\/www.manquepierda.com\/historiarealbetis\/wp-json\/wp\/v2\/posts\/65549\/revisions"}],"predecessor-version":[{"id":97877,"href":"https:\/\/www.manquepierda.com\/historiarealbetis\/wp-json\/wp\/v2\/posts\/65549\/revisions\/97877"}],"wp:featuredmedia":[{"embeddable":true,"href":"https:\/\/www.manquepierda.com\/historiarealbetis\/wp-json\/wp\/v2\/media\/65550"}],"wp:attachment":[{"href":"https:\/\/www.manquepierda.com\/historiarealbetis\/wp-json\/wp\/v2\/media?parent=65549"}],"wp:term":[{"taxonomy":"category","embeddable":true,"href":"https:\/\/www.manquepierda.com\/historiarealbetis\/wp-json\/wp\/v2\/categories?post=65549"},{"taxonomy":"post_tag","embeddable":true,"href":"https:\/\/www.manquepierda.com\/historiarealbetis\/wp-json\/wp\/v2\/tags?post=65549"}],"curies":[{"name":"wp","href":"https:\/\/api.w.org\/{rel}","templated":true}]}}