{"id":65573,"date":"2023-07-19T11:00:00","date_gmt":"2023-07-19T09:00:00","guid":{"rendered":"http:\/\/www.manquepierda.com\/historiarealbetis\/?p=65573"},"modified":"2023-06-26T07:25:41","modified_gmt":"2023-06-26T05:25:41","slug":"hoy-hace-40-anos-7","status":"publish","type":"post","link":"https:\/\/www.manquepierda.com\/historiarealbetis\/hoy-hace-40-anos-7\/","title":{"rendered":"Hoy hace 45 a\u00f1os. Presentaci\u00f3n de la primera plantilla del Betis."},"content":{"rendered":"<p><a href=\"https:\/\/i0.wp.com\/www.manquepierda.com\/historiarealbetis\/files\/2018\/07\/19-1978-Presentaci%C3%B3n.jpg?ssl=1\"><img data-recalc-dims=\"1\" loading=\"lazy\" decoding=\"async\" class=\"aligncenter size-medium wp-image-65574\" src=\"https:\/\/i0.wp.com\/www.manquepierda.com\/historiarealbetis\/files\/2018\/07\/19-1978-Presentaci%C3%B3n.jpg?resize=680%2C440&#038;ssl=1\" alt=\"\" width=\"680\" height=\"440\" srcset=\"https:\/\/i0.wp.com\/www.manquepierda.com\/historiarealbetis\/files\/2018\/07\/19-1978-Presentaci%C3%B3n.jpg?resize=680%2C440&amp;ssl=1 680w, https:\/\/i0.wp.com\/www.manquepierda.com\/historiarealbetis\/files\/2018\/07\/19-1978-Presentaci%C3%B3n.jpg?resize=220%2C142&amp;ssl=1 220w, https:\/\/i0.wp.com\/www.manquepierda.com\/historiarealbetis\/files\/2018\/07\/19-1978-Presentaci%C3%B3n.jpg?resize=768%2C497&amp;ssl=1 768w, https:\/\/i0.wp.com\/www.manquepierda.com\/historiarealbetis\/files\/2018\/07\/19-1978-Presentaci%C3%B3n.jpg?w=864&amp;ssl=1 864w\" sizes=\"auto, (max-width: 680px) 100vw, 680px\" \/><\/a><\/p>\n<p><span style=\"color: #008000\">El 19 de julio de 1978 se presenta la primera plantilla del Real Betis Balompi\u00e9 en el estadio Benito Villamar\u00edn. La principal novedad es el nuevo entrenador Jos\u00e9 Luis Garc\u00eda Traid, quien se dirigi\u00f3 a la plantilla y a los medios presentes, como hizo igualmente el vicepresidente verdiblanco Juan Mauduit.<\/span><\/p>\n<p><span style=\"color: #008000\">Un total de 32 jugadores asistieron a esta presentaci\u00f3n y posterior entrenamiento dirigido por Garc\u00eda Traid con la colaboraci\u00f3n del preparador f\u00edsico Felipe Del Valle: los porteros Esnaola, Campos, Agust\u00edn, Pedro y Javier; los defensas Bizcocho, Sabat\u00e9, Cobo, Killer, Oca\u00f1a, Mar\u00edn, Alex, R\u00edos y Selu; los centrocampistas Ortega, Alabanda, L\u00f3pez, Muhren, Pozo y Cort\u00e9s y los delanteros Del Pozo, Ben\u00edtez, Eulate, Garc\u00eda Soriano, Megido, Hugo Cabezas, Anzarda, Gordillo, Arana, Villalba, Zorrilla y Willi.&nbsp;<\/span><\/p>\n<p><span style=\"color: #008000\">Faltaron a la cita Biosca y Carde\u00f1osa, a\u00fan en periodo vacacional por haber disputado el Mundial de Argentina, y Peruena, al que se esperaba unos d\u00edas m\u00e1s tarde.&nbsp;<\/span><\/p>\n","protected":false},"excerpt":{"rendered":"<p>El 19 de julio de 1978 se presenta la primera plantilla del Real Betis Balompi\u00e9 en el estadio Benito Villamar\u00edn. La principal novedad es el nuevo entrenador Jos\u00e9 Luis Garc\u00eda Traid, quien se dirigi\u00f3 a la plantilla y a los medios presentes, como hizo igualmente el vicepresidente verdiblanco Juan Mauduit. Un total de 32 jugadores&#8230;<\/p>\n","protected":false},"author":5,"featured_media":65574,"comment_status":"open","ping_status":"open","sticky":false,"template":"","format":"standard","meta":{"_kad_post_transparent":"","_kad_post_title":"","_kad_post_layout":"","_kad_post_sidebar_id":"","_kad_post_content_style":"","_kad_post_vertical_padding":"","_kad_post_feature":"","_kad_post_feature_position":"","_kad_post_header":false,"_kad_post_footer":false,"_kad_post_classname":"","_jetpack_memberships_contains_paid_content":false,"footnotes":"","jetpack_publicize_message":"","jetpack_publicize_feature_enabled":true,"jetpack_social_post_already_shared":true,"jetpack_social_options":{"image_generator_settings":{"template":"highway","default_image_id":0,"font":"","enabled":false},"version":2}},"categories":[903,14583,1],"tags":[59],"class_list":["post-65573","post","type-post","status-publish","format-standard","has-post-thumbnail","hentry","category-1970-1979","category-efemerides","category-portada","tag-59"],"jetpack_publicize_connections":[],"jetpack_featured_media_url":"https:\/\/i0.wp.com\/www.manquepierda.com\/historiarealbetis\/files\/2018\/07\/19-1978-Presentaci%C3%B3n.jpg?fit=864%2C559&ssl=1","jetpack_sharing_enabled":true,"jetpack_shortlink":"https:\/\/wp.me\/p1ij08-h3D","jetpack-related-posts":[],"_links":{"self":[{"href":"https:\/\/www.manquepierda.com\/historiarealbetis\/wp-json\/wp\/v2\/posts\/65573","targetHints":{"allow":["GET"]}}],"collection":[{"href":"https:\/\/www.manquepierda.com\/historiarealbetis\/wp-json\/wp\/v2\/posts"}],"about":[{"href":"https:\/\/www.manquepierda.com\/historiarealbetis\/wp-json\/wp\/v2\/types\/post"}],"author":[{"embeddable":true,"href":"https:\/\/www.manquepierda.com\/historiarealbetis\/wp-json\/wp\/v2\/users\/5"}],"replies":[{"embeddable":true,"href":"https:\/\/www.manquepierda.com\/historiarealbetis\/wp-json\/wp\/v2\/comments?post=65573"}],"version-history":[{"count":1,"href":"https:\/\/www.manquepierda.com\/historiarealbetis\/wp-json\/wp\/v2\/posts\/65573\/revisions"}],"predecessor-version":[{"id":89576,"href":"https:\/\/www.manquepierda.com\/historiarealbetis\/wp-json\/wp\/v2\/posts\/65573\/revisions\/89576"}],"wp:featuredmedia":[{"embeddable":true,"href":"https:\/\/www.manquepierda.com\/historiarealbetis\/wp-json\/wp\/v2\/media\/65574"}],"wp:attachment":[{"href":"https:\/\/www.manquepierda.com\/historiarealbetis\/wp-json\/wp\/v2\/media?parent=65573"}],"wp:term":[{"taxonomy":"category","embeddable":true,"href":"https:\/\/www.manquepierda.com\/historiarealbetis\/wp-json\/wp\/v2\/categories?post=65573"},{"taxonomy":"post_tag","embeddable":true,"href":"https:\/\/www.manquepierda.com\/historiarealbetis\/wp-json\/wp\/v2\/tags?post=65573"}],"curies":[{"name":"wp","href":"https:\/\/api.w.org\/{rel}","templated":true}]}}