{"id":65622,"date":"2023-07-24T11:00:00","date_gmt":"2023-07-24T09:00:00","guid":{"rendered":"http:\/\/www.manquepierda.com\/historiarealbetis\/?p=65622"},"modified":"2024-12-20T07:59:48","modified_gmt":"2024-12-20T06:59:48","slug":"hoy-hace-47-anos-4-2","status":"publish","type":"post","link":"https:\/\/www.manquepierda.com\/historiarealbetis\/hoy-hace-47-anos-4-2\/","title":{"rendered":"Hoy hace 50 a\u00f1os. Fichaje de Jos\u00e9 Ram\u00f3n Esnaola."},"content":{"rendered":"<p><a href=\"https:\/\/i0.wp.com\/www.manquepierda.com\/historiarealbetis\/files\/2018\/07\/24-1973-Fichaje-de-Esnaola.jpg?ssl=1\"><img data-recalc-dims=\"1\" loading=\"lazy\" decoding=\"async\" class=\"aligncenter size-full wp-image-65623\" src=\"https:\/\/i0.wp.com\/www.manquepierda.com\/historiarealbetis\/files\/2018\/07\/24-1973-Fichaje-de-Esnaola.jpg?resize=431%2C556&#038;ssl=1\" alt=\"\" width=\"431\" height=\"556\" srcset=\"https:\/\/i0.wp.com\/www.manquepierda.com\/historiarealbetis\/files\/2018\/07\/24-1973-Fichaje-de-Esnaola.jpg?w=431&amp;ssl=1 431w, https:\/\/i0.wp.com\/www.manquepierda.com\/historiarealbetis\/files\/2018\/07\/24-1973-Fichaje-de-Esnaola.jpg?resize=171%2C220&amp;ssl=1 171w\" sizes=\"auto, (max-width: 431px) 100vw, 431px\" \/><\/a><\/p>\n<p><span style=\"color: #008000\">El 24 de julio de 1973 estampaba su firma como jugador del Real Betis Balompi\u00e9 Jos\u00e9 Ram\u00f3n Esnaola Larburu, un portero consagrado de 27 a\u00f1os que llegaba procedente de la Real Sociedad, el equipo de su tierra donde hab\u00eda jugado las 8 temporadas anteriores.<\/span><\/p>\n<p><span style=\"color: #008000\">Jos\u00e9 Ram\u00f3n Esnaola comenzaba ese d\u00eda una aventura futbol\u00edstica que le unir\u00eda al Betis durante los 12 a\u00f1os siguientes, convirti\u00e9ndose en uno de los jugadores m\u00e1s importantes de la historia verdiblanca.\u00a0\u00a0<\/span><\/p>\n<p><span style=\"color: #008000\">Para saber m\u00e1s de su trayectoria b\u00e9tica ver <a href=\"https:\/\/www.manquepierda.com\/historiarealbetis\/jose-ramon-esnaola\/\"><strong>aqu\u00ed.\u00a0<\/strong><\/a><\/span><\/p>\n","protected":false},"excerpt":{"rendered":"<p>El 24 de julio de 1973 estampaba su firma como jugador del Real Betis Balompi\u00e9 Jos\u00e9 Ram\u00f3n Esnaola Larburu, un portero consagrado de 27 a\u00f1os que llegaba procedente de la Real Sociedad, el equipo de su tierra donde hab\u00eda jugado las 8 temporadas anteriores. Jos\u00e9 Ram\u00f3n Esnaola comenzaba ese d\u00eda una aventura futbol\u00edstica que le&#8230;<\/p>\n","protected":false},"author":5,"featured_media":65623,"comment_status":"open","ping_status":"open","sticky":false,"template":"","format":"standard","meta":{"_kad_post_transparent":"","_kad_post_title":"","_kad_post_layout":"","_kad_post_sidebar_id":"","_kad_post_content_style":"","_kad_post_vertical_padding":"","_kad_post_feature":"","_kad_post_feature_position":"","_kad_post_header":false,"_kad_post_footer":false,"_kad_post_classname":"","_jetpack_memberships_contains_paid_content":false,"footnotes":"","jetpack_publicize_message":"","jetpack_publicize_feature_enabled":true,"jetpack_social_post_already_shared":true,"jetpack_social_options":{"image_generator_settings":{"template":"highway","default_image_id":0,"font":"","enabled":false},"version":2}},"categories":[903,14583,1],"tags":[56,1302,15912],"class_list":["post-65622","post","type-post","status-publish","format-standard","has-post-thumbnail","hentry","category-1970-1979","category-efemerides","category-portada","tag-56","tag-jose-ramon-esnaola","tag-real-sociedad-de-futbol"],"jetpack_publicize_connections":[],"jetpack_featured_media_url":"https:\/\/i0.wp.com\/www.manquepierda.com\/historiarealbetis\/files\/2018\/07\/24-1973-Fichaje-de-Esnaola.jpg?fit=431%2C556&ssl=1","jetpack_sharing_enabled":true,"jetpack_shortlink":"https:\/\/wp.me\/p1ij08-h4q","jetpack-related-posts":[],"_links":{"self":[{"href":"https:\/\/www.manquepierda.com\/historiarealbetis\/wp-json\/wp\/v2\/posts\/65622","targetHints":{"allow":["GET"]}}],"collection":[{"href":"https:\/\/www.manquepierda.com\/historiarealbetis\/wp-json\/wp\/v2\/posts"}],"about":[{"href":"https:\/\/www.manquepierda.com\/historiarealbetis\/wp-json\/wp\/v2\/types\/post"}],"author":[{"embeddable":true,"href":"https:\/\/www.manquepierda.com\/historiarealbetis\/wp-json\/wp\/v2\/users\/5"}],"replies":[{"embeddable":true,"href":"https:\/\/www.manquepierda.com\/historiarealbetis\/wp-json\/wp\/v2\/comments?post=65622"}],"version-history":[{"count":2,"href":"https:\/\/www.manquepierda.com\/historiarealbetis\/wp-json\/wp\/v2\/posts\/65622\/revisions"}],"predecessor-version":[{"id":89583,"href":"https:\/\/www.manquepierda.com\/historiarealbetis\/wp-json\/wp\/v2\/posts\/65622\/revisions\/89583"}],"wp:featuredmedia":[{"embeddable":true,"href":"https:\/\/www.manquepierda.com\/historiarealbetis\/wp-json\/wp\/v2\/media\/65623"}],"wp:attachment":[{"href":"https:\/\/www.manquepierda.com\/historiarealbetis\/wp-json\/wp\/v2\/media?parent=65622"}],"wp:term":[{"taxonomy":"category","embeddable":true,"href":"https:\/\/www.manquepierda.com\/historiarealbetis\/wp-json\/wp\/v2\/categories?post=65622"},{"taxonomy":"post_tag","embeddable":true,"href":"https:\/\/www.manquepierda.com\/historiarealbetis\/wp-json\/wp\/v2\/tags?post=65622"}],"curies":[{"name":"wp","href":"https:\/\/api.w.org\/{rel}","templated":true}]}}