{"id":65774,"date":"2024-08-13T12:00:00","date_gmt":"2024-08-13T10:00:00","guid":{"rendered":"http:\/\/www.manquepierda.com\/historiarealbetis\/?p=65774"},"modified":"2024-07-17T14:30:41","modified_gmt":"2024-07-17T12:30:41","slug":"hoy-hace-86-anos-2","status":"publish","type":"post","link":"https:\/\/www.manquepierda.com\/historiarealbetis\/hoy-hace-86-anos-2\/","title":{"rendered":"Hoy hace 90 a\u00f1os. Fallece Ignacio S\u00e1nchez Mej\u00edas."},"content":{"rendered":"<p><a href=\"https:\/\/i0.wp.com\/www.manquepierda.com\/historiarealbetis\/files\/2018\/08\/13-1934-Fallece-Ignacio-S%C3%A1nchez-Mej%C3%ADas.jpg?ssl=1\"><img data-recalc-dims=\"1\" loading=\"lazy\" decoding=\"async\" class=\"aligncenter size-full wp-image-65775\" src=\"https:\/\/i0.wp.com\/www.manquepierda.com\/historiarealbetis\/files\/2018\/08\/13-1934-Fallece-Ignacio-S%C3%A1nchez-Mej%C3%ADas.jpg?resize=636%2C351&#038;ssl=1\" alt=\"\" width=\"636\" height=\"351\" srcset=\"https:\/\/i0.wp.com\/www.manquepierda.com\/historiarealbetis\/files\/2018\/08\/13-1934-Fallece-Ignacio-S%C3%A1nchez-Mej%C3%ADas.jpg?w=636&amp;ssl=1 636w, https:\/\/i0.wp.com\/www.manquepierda.com\/historiarealbetis\/files\/2018\/08\/13-1934-Fallece-Ignacio-S%C3%A1nchez-Mej%C3%ADas.jpg?resize=220%2C121&amp;ssl=1 220w\" sizes=\"auto, (max-width: 636px) 100vw, 636px\" \/><\/a><\/p>\n<p><span style=\"color: #008000\">El 13 de agosto de 1934 fallece a los 43 a\u00f1os en Madrid Ignacio S\u00e1nchez Mej\u00edas, quien fuera presidente del Real Betis Balompi\u00e9 entre mayo de 1928 y septiembre de 1929.<\/span><\/p>\n<p><span style=\"color: #008000\">Su presidencia represent\u00f3 un momento de despegue en lo social y econ\u00f3mico, y sent\u00f3 las bases de los triunfos deportivos de los a\u00f1os siguientes.<\/span><\/p>\n<p><span style=\"color: #008000\">Falleci\u00f3 a consecuencia de las heridas producidas por el toro \u201cGrana\u00edno\u201d en la plaza de toros de Manzanares el 11 de agosto.<\/span><\/p>\n","protected":false},"excerpt":{"rendered":"<p>El 13 de agosto de 1934 fallece a los 43 a\u00f1os en Madrid Ignacio S\u00e1nchez Mej\u00edas, quien fuera presidente del Real Betis Balompi\u00e9 entre mayo de 1928 y septiembre de 1929. Su presidencia represent\u00f3 un momento de despegue en lo social y econ\u00f3mico, y sent\u00f3 las bases de los triunfos deportivos de los a\u00f1os siguientes&#8230;.<\/p>\n","protected":false},"author":5,"featured_media":65775,"comment_status":"open","ping_status":"open","sticky":false,"template":"","format":"standard","meta":{"_kad_post_transparent":"","_kad_post_title":"","_kad_post_layout":"","_kad_post_sidebar_id":"","_kad_post_content_style":"","_kad_post_vertical_padding":"","_kad_post_feature":"","_kad_post_feature_position":"","_kad_post_header":false,"_kad_post_footer":false,"_kad_post_classname":"","_jetpack_memberships_contains_paid_content":false,"footnotes":"","jetpack_publicize_message":"","jetpack_publicize_feature_enabled":true,"jetpack_social_post_already_shared":true,"jetpack_social_options":{"image_generator_settings":{"template":"highway","default_image_id":0,"font":"","enabled":false},"version":2}},"categories":[899,14583,1],"tags":[1701],"class_list":["post-65774","post","type-post","status-publish","format-standard","has-post-thumbnail","hentry","category-1930-1939","category-efemerides","category-portada","tag-ignacio-sanchez-mejias"],"jetpack_publicize_connections":[],"jetpack_featured_media_url":"https:\/\/i0.wp.com\/www.manquepierda.com\/historiarealbetis\/files\/2018\/08\/13-1934-Fallece-Ignacio-S%C3%A1nchez-Mej%C3%ADas.jpg?fit=636%2C351&ssl=1","jetpack_sharing_enabled":true,"jetpack_shortlink":"https:\/\/wp.me\/p1ij08-h6S","jetpack-related-posts":[],"_links":{"self":[{"href":"https:\/\/www.manquepierda.com\/historiarealbetis\/wp-json\/wp\/v2\/posts\/65774","targetHints":{"allow":["GET"]}}],"collection":[{"href":"https:\/\/www.manquepierda.com\/historiarealbetis\/wp-json\/wp\/v2\/posts"}],"about":[{"href":"https:\/\/www.manquepierda.com\/historiarealbetis\/wp-json\/wp\/v2\/types\/post"}],"author":[{"embeddable":true,"href":"https:\/\/www.manquepierda.com\/historiarealbetis\/wp-json\/wp\/v2\/users\/5"}],"replies":[{"embeddable":true,"href":"https:\/\/www.manquepierda.com\/historiarealbetis\/wp-json\/wp\/v2\/comments?post=65774"}],"version-history":[{"count":2,"href":"https:\/\/www.manquepierda.com\/historiarealbetis\/wp-json\/wp\/v2\/posts\/65774\/revisions"}],"predecessor-version":[{"id":94851,"href":"https:\/\/www.manquepierda.com\/historiarealbetis\/wp-json\/wp\/v2\/posts\/65774\/revisions\/94851"}],"wp:featuredmedia":[{"embeddable":true,"href":"https:\/\/www.manquepierda.com\/historiarealbetis\/wp-json\/wp\/v2\/media\/65775"}],"wp:attachment":[{"href":"https:\/\/www.manquepierda.com\/historiarealbetis\/wp-json\/wp\/v2\/media?parent=65774"}],"wp:term":[{"taxonomy":"category","embeddable":true,"href":"https:\/\/www.manquepierda.com\/historiarealbetis\/wp-json\/wp\/v2\/categories?post=65774"},{"taxonomy":"post_tag","embeddable":true,"href":"https:\/\/www.manquepierda.com\/historiarealbetis\/wp-json\/wp\/v2\/tags?post=65774"}],"curies":[{"name":"wp","href":"https:\/\/api.w.org\/{rel}","templated":true}]}}