{"id":65778,"date":"2023-08-11T11:00:00","date_gmt":"2023-08-11T09:00:00","guid":{"rendered":"http:\/\/www.manquepierda.com\/historiarealbetis\/?p=65778"},"modified":"2024-09-17T00:01:09","modified_gmt":"2024-09-16T22:01:09","slug":"hoy-hace-60-anos-11","status":"publish","type":"post","link":"https:\/\/www.manquepierda.com\/historiarealbetis\/hoy-hace-60-anos-11\/","title":{"rendered":"Hoy hace 65 a\u00f1os. Comienzan los entrenamientos de la temporada 1958-59."},"content":{"rendered":"<p><a href=\"https:\/\/i0.wp.com\/www.manquepierda.com\/historiarealbetis\/files\/2018\/08\/11-1958-Entrenamientos-1958-.jpg?ssl=1\"><img data-recalc-dims=\"1\" loading=\"lazy\" decoding=\"async\" class=\"aligncenter size-medium wp-image-65779\" src=\"https:\/\/i0.wp.com\/www.manquepierda.com\/historiarealbetis\/files\/2018\/08\/11-1958-Entrenamientos-1958-.jpg?resize=680%2C439&#038;ssl=1\" alt=\"\" width=\"680\" height=\"439\" srcset=\"https:\/\/i0.wp.com\/www.manquepierda.com\/historiarealbetis\/files\/2018\/08\/11-1958-Entrenamientos-1958-.jpg?resize=680%2C439&amp;ssl=1 680w, https:\/\/i0.wp.com\/www.manquepierda.com\/historiarealbetis\/files\/2018\/08\/11-1958-Entrenamientos-1958-.jpg?resize=220%2C142&amp;ssl=1 220w, https:\/\/i0.wp.com\/www.manquepierda.com\/historiarealbetis\/files\/2018\/08\/11-1958-Entrenamientos-1958-.jpg?resize=768%2C496&amp;ssl=1 768w, https:\/\/i0.wp.com\/www.manquepierda.com\/historiarealbetis\/files\/2018\/08\/11-1958-Entrenamientos-1958-.jpg?resize=960%2C620&amp;ssl=1 960w, https:\/\/i0.wp.com\/www.manquepierda.com\/historiarealbetis\/files\/2018\/08\/11-1958-Entrenamientos-1958-.jpg?w=1114&amp;ssl=1 1114w\" sizes=\"auto, (max-width: 680px) 100vw, 680px\" \/><\/a><\/p>\n<p><span style=\"color: #008000\">El 11 de agosto de 1958 en Heli\u00f3polis comienzan los entrenamientos para la temporada 1958-59.&nbsp; Benito Villamar\u00edn y Antonio Barrios se dirigen a la plantilla, resaltando la importancia del momento que se viv\u00eda, el de la reaparici\u00f3n del Betis en Primera Divisi\u00f3n tras 15 a\u00f1os de ausencia.<\/span><\/p>\n<p><span style=\"color: #008000\">A la sesi\u00f3n acudieron los siguientes jugadores:&nbsp;&nbsp;Am\u00e9rico, Kuszmann, Areta, Rodri, Oliet, Otero, Paqui, Casta\u00f1o, Santos, Dom\u00ednguez, Vila, Henni,&nbsp; Men\u00e9ndez, Valderas, Lasa, Portu, Del Sol, Eugenio, Ordaz e Isidro.<\/span><\/p>\n","protected":false},"excerpt":{"rendered":"<p>El 11 de agosto de 1958 en Heli\u00f3polis comienzan los entrenamientos para la temporada 1958-59.&nbsp; Benito Villamar\u00edn y Antonio Barrios se dirigen a la plantilla, resaltando la importancia del momento que se viv\u00eda, el de la reaparici\u00f3n del Betis en Primera Divisi\u00f3n tras 15 a\u00f1os de ausencia. A la sesi\u00f3n acudieron los siguientes jugadores:&nbsp;&nbsp;Am\u00e9rico, Kuszmann,&#8230;<\/p>\n","protected":false},"author":5,"featured_media":65779,"comment_status":"open","ping_status":"open","sticky":false,"template":"","format":"standard","meta":{"_kad_post_transparent":"","_kad_post_title":"","_kad_post_layout":"","_kad_post_sidebar_id":"","_kad_post_content_style":"","_kad_post_vertical_padding":"","_kad_post_feature":"","_kad_post_feature_position":"","_kad_post_header":false,"_kad_post_footer":false,"_kad_post_classname":"","_jetpack_memberships_contains_paid_content":false,"footnotes":"","jetpack_publicize_message":"","jetpack_publicize_feature_enabled":true,"jetpack_social_post_already_shared":true,"jetpack_social_options":{"image_generator_settings":{"template":"highway","default_image_id":0,"font":"","enabled":false},"version":2}},"categories":[901,14583,1],"tags":[1237,340],"class_list":["post-65778","post","type-post","status-publish","format-standard","has-post-thumbnail","hentry","category-1950-1959","category-efemerides","category-portada","tag-1237","tag-entrenamientos"],"jetpack_publicize_connections":[],"jetpack_featured_media_url":"https:\/\/i0.wp.com\/www.manquepierda.com\/historiarealbetis\/files\/2018\/08\/11-1958-Entrenamientos-1958-.jpg?fit=1114%2C720&ssl=1","jetpack_sharing_enabled":true,"jetpack_shortlink":"https:\/\/wp.me\/p1ij08-h6W","jetpack-related-posts":[],"_links":{"self":[{"href":"https:\/\/www.manquepierda.com\/historiarealbetis\/wp-json\/wp\/v2\/posts\/65778","targetHints":{"allow":["GET"]}}],"collection":[{"href":"https:\/\/www.manquepierda.com\/historiarealbetis\/wp-json\/wp\/v2\/posts"}],"about":[{"href":"https:\/\/www.manquepierda.com\/historiarealbetis\/wp-json\/wp\/v2\/types\/post"}],"author":[{"embeddable":true,"href":"https:\/\/www.manquepierda.com\/historiarealbetis\/wp-json\/wp\/v2\/users\/5"}],"replies":[{"embeddable":true,"href":"https:\/\/www.manquepierda.com\/historiarealbetis\/wp-json\/wp\/v2\/comments?post=65778"}],"version-history":[{"count":1,"href":"https:\/\/www.manquepierda.com\/historiarealbetis\/wp-json\/wp\/v2\/posts\/65778\/revisions"}],"predecessor-version":[{"id":90067,"href":"https:\/\/www.manquepierda.com\/historiarealbetis\/wp-json\/wp\/v2\/posts\/65778\/revisions\/90067"}],"wp:featuredmedia":[{"embeddable":true,"href":"https:\/\/www.manquepierda.com\/historiarealbetis\/wp-json\/wp\/v2\/media\/65779"}],"wp:attachment":[{"href":"https:\/\/www.manquepierda.com\/historiarealbetis\/wp-json\/wp\/v2\/media?parent=65778"}],"wp:term":[{"taxonomy":"category","embeddable":true,"href":"https:\/\/www.manquepierda.com\/historiarealbetis\/wp-json\/wp\/v2\/categories?post=65778"},{"taxonomy":"post_tag","embeddable":true,"href":"https:\/\/www.manquepierda.com\/historiarealbetis\/wp-json\/wp\/v2\/tags?post=65778"}],"curies":[{"name":"wp","href":"https:\/\/api.w.org\/{rel}","templated":true}]}}