{"id":65821,"date":"2025-08-16T12:00:00","date_gmt":"2025-08-16T10:00:00","guid":{"rendered":"http:\/\/www.manquepierda.com\/historiarealbetis\/?p=65821"},"modified":"2025-08-16T09:41:37","modified_gmt":"2025-08-16T07:41:37","slug":"hoy-hace-25-anos-2-2","status":"publish","type":"post","link":"https:\/\/www.manquepierda.com\/historiarealbetis\/hoy-hace-25-anos-2-2\/","title":{"rendered":"Hoy hace 30 a\u00f1os. Presentaci\u00f3n de Alfonso y Jos\u00e9 Mari."},"content":{"rendered":"<p><a href=\"https:\/\/i0.wp.com\/www.manquepierda.com\/historiarealbetis\/files\/2018\/08\/16-1995-Presentaci%C3%B3n-de-Jose-Mari-y-Alfonso-.jpg?ssl=1\"><img data-recalc-dims=\"1\" loading=\"lazy\" decoding=\"async\" class=\"aligncenter size-medium wp-image-65822\" src=\"https:\/\/i0.wp.com\/www.manquepierda.com\/historiarealbetis\/files\/2018\/08\/16-1995-Presentaci%C3%B3n-de-Jose-Mari-y-Alfonso-.jpg?resize=680%2C475&#038;ssl=1\" alt=\"\" width=\"680\" height=\"475\" srcset=\"https:\/\/i0.wp.com\/www.manquepierda.com\/historiarealbetis\/files\/2018\/08\/16-1995-Presentaci%C3%B3n-de-Jose-Mari-y-Alfonso-.jpg?resize=680%2C475&amp;ssl=1 680w, https:\/\/i0.wp.com\/www.manquepierda.com\/historiarealbetis\/files\/2018\/08\/16-1995-Presentaci%C3%B3n-de-Jose-Mari-y-Alfonso-.jpg?resize=220%2C154&amp;ssl=1 220w, https:\/\/i0.wp.com\/www.manquepierda.com\/historiarealbetis\/files\/2018\/08\/16-1995-Presentaci%C3%B3n-de-Jose-Mari-y-Alfonso-.jpg?resize=768%2C536&amp;ssl=1 768w, https:\/\/i0.wp.com\/www.manquepierda.com\/historiarealbetis\/files\/2018\/08\/16-1995-Presentaci%C3%B3n-de-Jose-Mari-y-Alfonso-.jpg?resize=960%2C670&amp;ssl=1 960w, https:\/\/i0.wp.com\/www.manquepierda.com\/historiarealbetis\/files\/2018\/08\/16-1995-Presentaci%C3%B3n-de-Jose-Mari-y-Alfonso-.jpg?resize=75%2C52&amp;ssl=1 75w, https:\/\/i0.wp.com\/www.manquepierda.com\/historiarealbetis\/files\/2018\/08\/16-1995-Presentaci%C3%B3n-de-Jose-Mari-y-Alfonso-.jpg?w=1767&amp;ssl=1 1767w\" sizes=\"auto, (max-width: 680px) 100vw, 680px\" \/><\/a><\/p>\n<p><span style=\"color: #008000\">El 16 de agosto de 1995 son presentados en el Benito Villamar\u00edn Alfonso P\u00e9rez Mu\u00f1oz y Jos\u00e9 Mari Garc\u00eda Lafuente.<\/span><\/p>\n<p><span style=\"color: #008000\">El primero llega procedente del Real Madrid y es, sin duda alguna, el gran refuerzo para la delantera b\u00e9tica. Su contrato es por 8 a\u00f1os, aunque el conjunto blanco tiene la posibilidad de repescarlo durante las dos primeras. El segundo se incorpora desde el FC Barcelona y ficha por 6 a\u00f1os.<\/span><\/p>\n","protected":false},"excerpt":{"rendered":"<p>El 16 de agosto de 1995 son presentados en el Benito Villamar\u00edn Alfonso P\u00e9rez Mu\u00f1oz y Jos\u00e9 Mari Garc\u00eda Lafuente. El primero llega procedente del Real Madrid y es, sin duda alguna, el gran refuerzo para la delantera b\u00e9tica. Su contrato es por 8 a\u00f1os, aunque el conjunto blanco tiene la posibilidad de repescarlo durante&#8230;<\/p>\n","protected":false},"author":5,"featured_media":65822,"comment_status":"open","ping_status":"open","sticky":false,"template":"","format":"standard","meta":{"_kad_post_transparent":"","_kad_post_title":"","_kad_post_layout":"","_kad_post_sidebar_id":"","_kad_post_content_style":"","_kad_post_vertical_padding":"","_kad_post_feature":"","_kad_post_feature_position":"","_kad_post_header":false,"_kad_post_footer":false,"_kad_post_classname":"","_jetpack_memberships_contains_paid_content":false,"footnotes":"","jetpack_publicize_message":"","jetpack_publicize_feature_enabled":true,"jetpack_social_post_already_shared":true,"jetpack_social_options":{"image_generator_settings":{"template":"highway","default_image_id":0,"font":"","enabled":false},"version":2}},"categories":[905,14583,1],"tags":[2459,1441,1445],"class_list":["post-65821","post","type-post","status-publish","format-standard","has-post-thumbnail","hentry","category-1990-1999","category-efemerides","category-portada","tag-2459","tag-alfonso-perez","tag-jose-mari-garcia"],"jetpack_publicize_connections":[],"jetpack_featured_media_url":"https:\/\/i0.wp.com\/www.manquepierda.com\/historiarealbetis\/files\/2018\/08\/16-1995-Presentaci%C3%B3n-de-Jose-Mari-y-Alfonso-.jpg?fit=1767%2C1234&ssl=1","jetpack_sharing_enabled":true,"jetpack_shortlink":"https:\/\/wp.me\/p1ij08-h7D","jetpack-related-posts":[],"_links":{"self":[{"href":"https:\/\/www.manquepierda.com\/historiarealbetis\/wp-json\/wp\/v2\/posts\/65821","targetHints":{"allow":["GET"]}}],"collection":[{"href":"https:\/\/www.manquepierda.com\/historiarealbetis\/wp-json\/wp\/v2\/posts"}],"about":[{"href":"https:\/\/www.manquepierda.com\/historiarealbetis\/wp-json\/wp\/v2\/types\/post"}],"author":[{"embeddable":true,"href":"https:\/\/www.manquepierda.com\/historiarealbetis\/wp-json\/wp\/v2\/users\/5"}],"replies":[{"embeddable":true,"href":"https:\/\/www.manquepierda.com\/historiarealbetis\/wp-json\/wp\/v2\/comments?post=65821"}],"version-history":[{"count":1,"href":"https:\/\/www.manquepierda.com\/historiarealbetis\/wp-json\/wp\/v2\/posts\/65821\/revisions"}],"predecessor-version":[{"id":103708,"href":"https:\/\/www.manquepierda.com\/historiarealbetis\/wp-json\/wp\/v2\/posts\/65821\/revisions\/103708"}],"wp:featuredmedia":[{"embeddable":true,"href":"https:\/\/www.manquepierda.com\/historiarealbetis\/wp-json\/wp\/v2\/media\/65822"}],"wp:attachment":[{"href":"https:\/\/www.manquepierda.com\/historiarealbetis\/wp-json\/wp\/v2\/media?parent=65821"}],"wp:term":[{"taxonomy":"category","embeddable":true,"href":"https:\/\/www.manquepierda.com\/historiarealbetis\/wp-json\/wp\/v2\/categories?post=65821"},{"taxonomy":"post_tag","embeddable":true,"href":"https:\/\/www.manquepierda.com\/historiarealbetis\/wp-json\/wp\/v2\/tags?post=65821"}],"curies":[{"name":"wp","href":"https:\/\/api.w.org\/{rel}","templated":true}]}}