{"id":65831,"date":"2018-08-15T09:10:25","date_gmt":"2018-08-15T07:10:25","guid":{"rendered":"http:\/\/www.manquepierda.com\/historiarealbetis\/?p=65831"},"modified":"2024-08-13T11:45:18","modified_gmt":"2024-08-13T09:45:18","slug":"oselito-y-el-betis-1946-2","status":"publish","type":"post","link":"https:\/\/www.manquepierda.com\/historiarealbetis\/oselito-y-el-betis-1946-2\/","title":{"rendered":"Oselito y el Betis. 1946"},"content":{"rendered":"<p><a href=\"https:\/\/i0.wp.com\/www.manquepierda.com\/historiarealbetis\/files\/2018\/08\/Oselito-y-el-Betis-1946.jpg?ssl=1\"><img data-recalc-dims=\"1\" loading=\"lazy\" decoding=\"async\" class=\"aligncenter size-medium wp-image-65832\" src=\"https:\/\/i0.wp.com\/www.manquepierda.com\/historiarealbetis\/files\/2018\/08\/Oselito-y-el-Betis-1946.jpg?resize=463%2C600&#038;ssl=1\" alt=\"\" width=\"463\" height=\"600\" srcset=\"https:\/\/i0.wp.com\/www.manquepierda.com\/historiarealbetis\/files\/2018\/08\/Oselito-y-el-Betis-1946.jpg?resize=463%2C600&amp;ssl=1 463w, https:\/\/i0.wp.com\/www.manquepierda.com\/historiarealbetis\/files\/2018\/08\/Oselito-y-el-Betis-1946.jpg?resize=170%2C220&amp;ssl=1 170w, https:\/\/i0.wp.com\/www.manquepierda.com\/historiarealbetis\/files\/2018\/08\/Oselito-y-el-Betis-1946.jpg?resize=540%2C700&amp;ssl=1 540w, https:\/\/i0.wp.com\/www.manquepierda.com\/historiarealbetis\/files\/2018\/08\/Oselito-y-el-Betis-1946.jpg?w=652&amp;ssl=1 652w\" sizes=\"auto, (max-width: 463px) 100vw, 463px\" \/><\/a><\/p>\n<p>Retomamos hoy nuevamente un dibujo de Andr\u00e9s Mart\u00ednez de Le\u00f3n y de su popular personaje Oselito.<\/p>\n<p>La de esta ocasi\u00f3n se public\u00f3 en la revista deportiva Trofeo el 28 de septiembre de 1946, despu\u00e9s de la primera jornada del reci\u00e9n iniciado Campeonato de Liga de Segunda Divisi\u00f3n, y en la que el Betis derrot\u00f3 ampliamente al Mallorca en Heli\u00f3polis por 6 goles a 0, lo que le vali\u00f3 auparse al primer puesto de la clasificaci\u00f3n.<\/p>\n<p>As\u00ed se representa al Oselito b\u00e9tico pescando ese primer puesto, y a la espera del segundo partido de Liga en casa del Levante, donde el equipo caer\u00eda derrotado por un contundente 5-1.<\/p>\n<p>&nbsp;<\/p>\n","protected":false},"excerpt":{"rendered":"<p>Retomamos hoy nuevamente un dibujo de Andr\u00e9s Mart\u00ednez de Le\u00f3n y de su popular personaje Oselito. La de esta ocasi\u00f3n se public\u00f3 en la revista deportiva Trofeo el 28 de septiembre de 1946, despu\u00e9s de la primera jornada del reci\u00e9n iniciado Campeonato de Liga de Segunda Divisi\u00f3n, y en la que el Betis derrot\u00f3 ampliamente&#8230;<\/p>\n","protected":false},"author":5,"featured_media":65832,"comment_status":"open","ping_status":"open","sticky":false,"template":"","format":"standard","meta":{"_kad_post_transparent":"","_kad_post_title":"","_kad_post_layout":"","_kad_post_sidebar_id":"","_kad_post_content_style":"","_kad_post_vertical_padding":"","_kad_post_feature":"","_kad_post_feature_position":"","_kad_post_header":false,"_kad_post_footer":false,"_kad_post_classname":"","_jetpack_memberships_contains_paid_content":false,"footnotes":"","jetpack_publicize_message":"","jetpack_publicize_feature_enabled":true,"jetpack_social_post_already_shared":true,"jetpack_social_options":{"image_generator_settings":{"template":"highway","default_image_id":0,"font":"","enabled":false},"version":2}},"categories":[900,1],"tags":[1283,2458,17850,3578,2240],"class_list":["post-65831","post","type-post","status-publish","format-standard","has-post-thumbnail","hentry","category-1940-1949","category-portada","tag-1283","tag-1946-47","tag-liga-segunda-1946-47","tag-oselito","tag-rcd-mallorca"],"jetpack_publicize_connections":[],"jetpack_featured_media_url":"https:\/\/i0.wp.com\/www.manquepierda.com\/historiarealbetis\/files\/2018\/08\/Oselito-y-el-Betis-1946.jpg?fit=652%2C845&ssl=1","jetpack_sharing_enabled":true,"jetpack_shortlink":"https:\/\/wp.me\/p1ij08-h7N","jetpack-related-posts":[],"_links":{"self":[{"href":"https:\/\/www.manquepierda.com\/historiarealbetis\/wp-json\/wp\/v2\/posts\/65831","targetHints":{"allow":["GET"]}}],"collection":[{"href":"https:\/\/www.manquepierda.com\/historiarealbetis\/wp-json\/wp\/v2\/posts"}],"about":[{"href":"https:\/\/www.manquepierda.com\/historiarealbetis\/wp-json\/wp\/v2\/types\/post"}],"author":[{"embeddable":true,"href":"https:\/\/www.manquepierda.com\/historiarealbetis\/wp-json\/wp\/v2\/users\/5"}],"replies":[{"embeddable":true,"href":"https:\/\/www.manquepierda.com\/historiarealbetis\/wp-json\/wp\/v2\/comments?post=65831"}],"version-history":[{"count":1,"href":"https:\/\/www.manquepierda.com\/historiarealbetis\/wp-json\/wp\/v2\/posts\/65831\/revisions"}],"predecessor-version":[{"id":96550,"href":"https:\/\/www.manquepierda.com\/historiarealbetis\/wp-json\/wp\/v2\/posts\/65831\/revisions\/96550"}],"wp:featuredmedia":[{"embeddable":true,"href":"https:\/\/www.manquepierda.com\/historiarealbetis\/wp-json\/wp\/v2\/media\/65832"}],"wp:attachment":[{"href":"https:\/\/www.manquepierda.com\/historiarealbetis\/wp-json\/wp\/v2\/media?parent=65831"}],"wp:term":[{"taxonomy":"category","embeddable":true,"href":"https:\/\/www.manquepierda.com\/historiarealbetis\/wp-json\/wp\/v2\/categories?post=65831"},{"taxonomy":"post_tag","embeddable":true,"href":"https:\/\/www.manquepierda.com\/historiarealbetis\/wp-json\/wp\/v2\/tags?post=65831"}],"curies":[{"name":"wp","href":"https:\/\/api.w.org\/{rel}","templated":true}]}}