{"id":65841,"date":"2018-08-18T08:33:27","date_gmt":"2018-08-18T06:33:27","guid":{"rendered":"http:\/\/www.manquepierda.com\/historiarealbetis\/?p=65841"},"modified":"2019-09-06T08:07:21","modified_gmt":"2019-09-06T06:07:21","slug":"toni-prats","status":"publish","type":"post","link":"https:\/\/www.manquepierda.com\/historiarealbetis\/toni-prats\/","title":{"rendered":"Toni Prats"},"content":{"rendered":"<p><a href=\"https:\/\/i0.wp.com\/www.manquepierda.com\/historiarealbetis\/files\/2018\/08\/Prats.jpg?ssl=1\"><img data-recalc-dims=\"1\" loading=\"lazy\" decoding=\"async\" class=\"aligncenter size-full wp-image-65842\" src=\"https:\/\/i0.wp.com\/www.manquepierda.com\/historiarealbetis\/files\/2018\/08\/Prats.jpg?resize=381%2C373&#038;ssl=1\" alt=\"\" width=\"381\" height=\"373\" srcset=\"https:\/\/i0.wp.com\/www.manquepierda.com\/historiarealbetis\/files\/2018\/08\/Prats.jpg?w=381&amp;ssl=1 381w, https:\/\/i0.wp.com\/www.manquepierda.com\/historiarealbetis\/files\/2018\/08\/Prats.jpg?resize=220%2C215&amp;ssl=1 220w\" sizes=\"auto, (max-width: 381px) 100vw, 381px\" \/><\/a><\/p>\n<p><strong>Antonio Prats Cervera<\/strong>, nacido en Capdepera (Baleres) el 9 de septiembre de 1971.<\/p>\n<p>Portero.<\/p>\n<p>Formado en la cantera mallorquinista debut\u00f3 con el primer equipo en la temporada 1991-92, con Lorenzo Serra en el banquillo bermell\u00f3n.<\/p>\n<p>Se convirti\u00f3 en el titular indiscutible de la porter\u00eda insular, siendo traspasado al Celta en 1995. Su buena actuaci\u00f3n en el conjunto vigu\u00e9s propici\u00f3 su fichaje por el Betis a cambio de 500 millones de pesetas, y en donde volvi\u00f3 a coincidir con Serra.\u00a0 En el Mallorca hab\u00eda sido internacional sub-21 y estaba considerado como uno de los porteros jovenes con m\u00e1s futuro.<\/p>\n<p>El 28 de julio de 1996 debuto en la porter\u00eda verdiblanca en el partido amistoso que el Betis jug\u00f3 contra el conjunto holand\u00e9s del ASV Zwarteschapen, sustituyendo en la segunda parte a Pedro Jaro. Su debut en partido oficial fue el 1 de septiembre de 1996 en el Villamar\u00edn contra el Athletic Club, en la primera jornada liguera. Se convirti\u00f3 en el guardameta titular del equipo verdiblanco a lo largo de las 7 temporadas siguientes, destacando por su estilo sobrio y buena colocaci\u00f3n bajo los palos. Lleg\u00f3 a ser convocado para la selecci\u00f3n en la temporada 1998-99, quedando en el banquillo en el partido en que Chipre derrot\u00f3 a Espa\u00f1a y que supuso el fin de la etapa de Javier Clemente al mando del combinado nacional.<\/p>\n<p>En la temporada 1999-00 gan\u00f3 gran notoriedad medi\u00e1tica al ser el autor de dos goles de falta directa contra el Atl\u00e9tico y el Real Madrid.<\/p>\n<p>Fue en la temporada 2003-04 cuando su protagonismo en la porter\u00eda b\u00e9tica comenz\u00f3 a declinar con la llegada de Contreras, pero una lesi\u00f3n en diciembre de 2004 por una entrada de Zidane contra el Real Madrid le apart\u00f3 del primer equipo durante muchos meses. No volvi\u00f3 a jugar hasta mayo de 2005, en que ocup\u00f3 la porter\u00eda verdiblanca en los dos \u00faltimos compromisos ligueros. Ese 2005 conclu\u00eda su contrato con el Betis, que le ofreci\u00f3 una renovaci\u00f3n por otro a\u00f1o, pero opt\u00f3 por volver al Mallorca por 2 a\u00f1os m\u00e1s.<\/p>\n<p>En 2007 fich\u00f3 por el H\u00e9rcules, pero no pudo concluir la temporada por unos problemas fisicos de espalda.<\/p>\n<p>Historial<\/p>\n<table style=\"border-collapse: collapse;width: 180pt\" border=\"0\" width=\"240\" cellspacing=\"0\" cellpadding=\"0\">\n<colgroup>\n<col style=\"width: 60pt\" span=\"3\" width=\"80\" \/> <\/colgroup>\n<tbody>\n<tr style=\"height: 12.75pt\">\n<td class=\"xl70\" style=\"height: 12.75pt;width: 60pt\" width=\"80\" height=\"17\">1990-91<\/td>\n<td class=\"xl71\" style=\"border-left: none;width: 60pt\" width=\"80\">Mallorca B<\/td>\n<td class=\"xl68\" style=\"border-left: none;width: 60pt\" width=\"80\">Segunda B<\/td>\n<\/tr>\n<tr style=\"height: 12.75pt\">\n<td class=\"xl74\" style=\"height: 12.75pt;border-top: none\" height=\"17\">1991-92<\/td>\n<td class=\"xl74\" style=\"border-top: none;border-left: none\">Mallorca B<\/td>\n<td class=\"xl68\" style=\"border-top: none;border-left: none\">Tercera<\/td>\n<\/tr>\n<tr style=\"height: 12.75pt\">\n<td class=\"xl72\" style=\"height: 12.75pt;border-top: none\" height=\"17\">1991-92<\/td>\n<td class=\"xl72\" style=\"border-top: none;border-left: none\">Mallorca<\/td>\n<td class=\"xl68\" style=\"border-top: none;border-left: none\">Primera<\/td>\n<\/tr>\n<tr style=\"height: 13.5pt\">\n<td class=\"xl73\" style=\"height: 13.5pt;border-top: none\" height=\"18\">1992-93<\/td>\n<td class=\"xl73\" style=\"border-top: none;border-left: none\">Mallorca<\/td>\n<td class=\"xl68\" style=\"border-top: none;border-left: none\">Segunda<\/td>\n<\/tr>\n<tr style=\"height: 12.75pt\">\n<td class=\"xl73\" style=\"height: 12.75pt;border-top: none\" height=\"17\">1993-94<\/td>\n<td class=\"xl73\" style=\"border-top: none;border-left: none\">Mallorca<\/td>\n<td class=\"xl68\" style=\"border-top: none;border-left: none\">Segunda<\/td>\n<\/tr>\n<tr style=\"height: 12.75pt\">\n<td class=\"xl73\" style=\"height: 12.75pt;border-top: none\" height=\"17\">1994-95<\/td>\n<td class=\"xl73\" style=\"border-top: none;border-left: none\">Mallorca<\/td>\n<td class=\"xl68\" style=\"border-top: none;border-left: none\">Segunda<\/td>\n<\/tr>\n<tr style=\"height: 12.75pt\">\n<td class=\"xl72\" style=\"height: 12.75pt;border-top: none\" height=\"17\">1995-96<\/td>\n<td class=\"xl72\" style=\"border-top: none;border-left: none\">Celta<\/td>\n<td class=\"xl68\" style=\"border-top: none;border-left: none\">Primera<\/td>\n<\/tr>\n<tr style=\"height: 12.75pt\">\n<td class=\"xl72\" style=\"height: 12.75pt;border-top: none\" height=\"17\">1996-97<\/td>\n<td class=\"xl72\" style=\"border-top: none;border-left: none\">Betis<\/td>\n<td class=\"xl68\" style=\"border-top: none;border-left: none\">Primera<\/td>\n<\/tr>\n<tr style=\"height: 12.75pt\">\n<td class=\"xl72\" style=\"height: 12.75pt;border-top: none\" height=\"17\">1997-98<\/td>\n<td class=\"xl72\" style=\"border-top: none;border-left: none\">Betis<\/td>\n<td class=\"xl68\" style=\"border-top: none;border-left: none\">Primera<\/td>\n<\/tr>\n<tr style=\"height: 12.75pt\">\n<td class=\"xl72\" style=\"height: 12.75pt;border-top: none\" height=\"17\">1998-99<\/td>\n<td class=\"xl72\" style=\"border-top: none;border-left: none\">Betis<\/td>\n<td class=\"xl68\" style=\"border-top: none;border-left: none\">Primera<\/td>\n<\/tr>\n<tr style=\"height: 12.75pt\">\n<td class=\"xl72\" style=\"height: 12.75pt;border-top: none\" height=\"17\">1999-00<\/td>\n<td class=\"xl72\" style=\"border-top: none;border-left: none\">Betis<\/td>\n<td class=\"xl68\" style=\"border-top: none;border-left: none\">Primera<\/td>\n<\/tr>\n<tr style=\"height: 13.5pt\">\n<td class=\"xl73\" style=\"height: 13.5pt;border-top: none\" height=\"18\">2000-01<\/td>\n<td class=\"xl73\" style=\"border-top: none;border-left: none\">Betis<\/td>\n<td class=\"xl68\" style=\"border-top: none;border-left: none\">Primera<\/td>\n<\/tr>\n<tr style=\"height: 12.75pt\">\n<td class=\"xl72\" style=\"height: 12.75pt;border-top: none\" height=\"17\">2001-02<\/td>\n<td class=\"xl72\" style=\"border-top: none;border-left: none\">Betis<\/td>\n<td class=\"xl68\" style=\"border-top: none;border-left: none\">Primera<\/td>\n<\/tr>\n<tr style=\"height: 12.75pt\">\n<td class=\"xl72\" style=\"height: 12.75pt;border-top: none\" height=\"17\">2002-03<\/td>\n<td class=\"xl72\" style=\"border-top: none;border-left: none\">Betis<\/td>\n<td class=\"xl68\" style=\"border-top: none;border-left: none\">Primera<\/td>\n<\/tr>\n<tr style=\"height: 12.75pt\">\n<td class=\"xl72\" style=\"height: 12.75pt;border-top: none\" height=\"17\">2003-04<\/td>\n<td class=\"xl72\" style=\"border-top: none;border-left: none\">Betis<\/td>\n<td class=\"xl68\" style=\"border-top: none;border-left: none\">Primera<\/td>\n<\/tr>\n<tr style=\"height: 12.75pt\">\n<td class=\"xl72\" style=\"height: 12.75pt;border-top: none\" height=\"17\">2004-05<\/td>\n<td class=\"xl72\" style=\"border-top: none;border-left: none\">Betis<\/td>\n<td class=\"xl68\" style=\"border-top: none;border-left: none\">Primera<\/td>\n<\/tr>\n<tr style=\"height: 12.75pt\">\n<td class=\"xl72\" style=\"height: 12.75pt;border-top: none\" height=\"17\">2005-06<\/td>\n<td class=\"xl72\" style=\"border-top: none;border-left: none\">Mallorca<\/td>\n<td class=\"xl68\" style=\"border-top: none;border-left: none\">Primera<\/td>\n<\/tr>\n<tr style=\"height: 12.75pt\">\n<td class=\"xl72\" style=\"height: 12.75pt;border-top: none\" height=\"17\">2006-07<\/td>\n<td class=\"xl72\" style=\"border-top: none;border-left: none\">Mallorca<\/td>\n<td class=\"xl68\" style=\"border-top: none;border-left: none\">Primera<\/td>\n<\/tr>\n<tr style=\"height: 12.75pt\">\n<td class=\"xl73\" style=\"height: 12.75pt;border-top: none\" height=\"17\">2007-08<\/td>\n<td class=\"xl73\" style=\"border-top: none;border-left: none\">H\u00e9rcules<\/td>\n<td class=\"xl68\" style=\"border-top: none;border-left: none\">Segunda<\/td>\n<\/tr>\n<\/tbody>\n<\/table>\n<p>En sus 9 temporadas en el Betis Toni Prats jug\u00f3 282 partidos de Liga, marcando 2 goles, 12 de Copa, 6 de la Recopa, 11 de la Copa de la Uefa y 68 amistosos.<\/p>\n","protected":false},"excerpt":{"rendered":"<p>Antonio Prats Cervera, nacido en Capdepera (Baleres) el 9 de septiembre de 1971. Portero. Formado en la cantera mallorquinista debut\u00f3 con el primer equipo en la temporada 1991-92, con Lorenzo Serra en el banquillo bermell\u00f3n. Se convirti\u00f3 en el titular indiscutible de la porter\u00eda insular, siendo traspasado al Celta en 1995. Su buena actuaci\u00f3n en&#8230;<\/p>\n","protected":false},"author":5,"featured_media":65842,"comment_status":"open","ping_status":"open","sticky":false,"template":"","format":"standard","meta":{"_kad_post_transparent":"","_kad_post_title":"","_kad_post_layout":"","_kad_post_sidebar_id":"","_kad_post_content_style":"","_kad_post_vertical_padding":"","_kad_post_feature":"","_kad_post_feature_position":"","_kad_post_header":false,"_kad_post_footer":false,"_kad_post_classname":"","_jetpack_memberships_contains_paid_content":false,"footnotes":"","jetpack_publicize_message":"","jetpack_publicize_feature_enabled":true,"jetpack_social_post_already_shared":true,"jetpack_social_options":{"image_generator_settings":{"template":"highway","default_image_id":0,"font":"","enabled":false},"version":2}},"categories":[893,1],"tags":[16815],"class_list":["post-65841","post","type-post","status-publish","format-standard","has-post-thumbnail","hentry","category-jugadores-temas","category-portada","tag-toni-prats"],"jetpack_publicize_connections":[],"jetpack_featured_media_url":"https:\/\/i0.wp.com\/www.manquepierda.com\/historiarealbetis\/files\/2018\/08\/Prats.jpg?fit=381%2C373&ssl=1","jetpack_sharing_enabled":true,"jetpack_shortlink":"https:\/\/wp.me\/p1ij08-h7X","jetpack-related-posts":[],"_links":{"self":[{"href":"https:\/\/www.manquepierda.com\/historiarealbetis\/wp-json\/wp\/v2\/posts\/65841","targetHints":{"allow":["GET"]}}],"collection":[{"href":"https:\/\/www.manquepierda.com\/historiarealbetis\/wp-json\/wp\/v2\/posts"}],"about":[{"href":"https:\/\/www.manquepierda.com\/historiarealbetis\/wp-json\/wp\/v2\/types\/post"}],"author":[{"embeddable":true,"href":"https:\/\/www.manquepierda.com\/historiarealbetis\/wp-json\/wp\/v2\/users\/5"}],"replies":[{"embeddable":true,"href":"https:\/\/www.manquepierda.com\/historiarealbetis\/wp-json\/wp\/v2\/comments?post=65841"}],"version-history":[{"count":0,"href":"https:\/\/www.manquepierda.com\/historiarealbetis\/wp-json\/wp\/v2\/posts\/65841\/revisions"}],"wp:featuredmedia":[{"embeddable":true,"href":"https:\/\/www.manquepierda.com\/historiarealbetis\/wp-json\/wp\/v2\/media\/65842"}],"wp:attachment":[{"href":"https:\/\/www.manquepierda.com\/historiarealbetis\/wp-json\/wp\/v2\/media?parent=65841"}],"wp:term":[{"taxonomy":"category","embeddable":true,"href":"https:\/\/www.manquepierda.com\/historiarealbetis\/wp-json\/wp\/v2\/categories?post=65841"},{"taxonomy":"post_tag","embeddable":true,"href":"https:\/\/www.manquepierda.com\/historiarealbetis\/wp-json\/wp\/v2\/tags?post=65841"}],"curies":[{"name":"wp","href":"https:\/\/api.w.org\/{rel}","templated":true}]}}