{"id":65846,"date":"2023-08-19T11:00:00","date_gmt":"2023-08-19T09:00:00","guid":{"rendered":"http:\/\/www.manquepierda.com\/historiarealbetis\/?p=65846"},"modified":"2023-07-21T00:04:44","modified_gmt":"2023-07-20T22:04:44","slug":"hoy-hace-92-anos-9","status":"publish","type":"post","link":"https:\/\/www.manquepierda.com\/historiarealbetis\/hoy-hace-92-anos-9\/","title":{"rendered":"Hoy hace 95 a\u00f1os. Festival taurino en la Maestranza organizado por el Real Betis Balompi\u00e9."},"content":{"rendered":"<p><a href=\"https:\/\/i0.wp.com\/www.manquepierda.com\/historiarealbetis\/files\/2018\/08\/Festival-taurino-1928-Anuncio-NMP-La-Uni%C3%B3n-17-8-1928.jpg?ssl=1\"><img data-recalc-dims=\"1\" loading=\"lazy\" decoding=\"async\" class=\"aligncenter size-full wp-image-65847\" src=\"https:\/\/i0.wp.com\/www.manquepierda.com\/historiarealbetis\/files\/2018\/08\/Festival-taurino-1928-Anuncio-NMP-La-Uni%C3%B3n-17-8-1928.jpg?resize=329%2C342&#038;ssl=1\" alt=\"\" width=\"329\" height=\"342\" srcset=\"https:\/\/i0.wp.com\/www.manquepierda.com\/historiarealbetis\/files\/2018\/08\/Festival-taurino-1928-Anuncio-NMP-La-Uni%C3%B3n-17-8-1928.jpg?w=329&amp;ssl=1 329w, https:\/\/i0.wp.com\/www.manquepierda.com\/historiarealbetis\/files\/2018\/08\/Festival-taurino-1928-Anuncio-NMP-La-Uni%C3%B3n-17-8-1928.jpg?resize=212%2C220&amp;ssl=1 212w\" sizes=\"auto, (max-width: 329px) 100vw, 329px\" \/><\/a><\/p>\n<p><span style=\"color: #008000\">El 19 de agosto de 1928 se celebra en la Plaza de la Real Maestranza un festival taurino organizado por el Real Betis Balompi\u00e9.<\/span><\/p>\n<p><span style=\"color: #008000\">El evento est\u00e1 destinado a los socios verdiblancos y fue anunciado el asamblea del club celebrada el 25 de julio. L\u00f3gicamente la mano de Ignacio S\u00e1nchez Mej\u00edas, presidente en ese momento, estaba detr\u00e1s de todo el asunto, destacando la presencia de Juan Belmonte como rejoneador.<\/span><\/p>\n<p><span style=\"color: #008000\">Para saber m\u00e1s del tema ver&nbsp; <a href=\"https:\/\/www.manquepierda.com\/historiarealbetis\/festival-taurino-1928\/\"><strong>aqu\u00ed.&nbsp;<\/strong><\/a><\/span><\/p>\n","protected":false},"excerpt":{"rendered":"<p>El 19 de agosto de 1928 se celebra en la Plaza de la Real Maestranza un festival taurino organizado por el Real Betis Balompi\u00e9. El evento est\u00e1 destinado a los socios verdiblancos y fue anunciado el asamblea del club celebrada el 25 de julio. L\u00f3gicamente la mano de Ignacio S\u00e1nchez Mej\u00edas, presidente en ese momento,&#8230;<\/p>\n","protected":false},"author":5,"featured_media":65847,"comment_status":"open","ping_status":"open","sticky":false,"template":"","format":"standard","meta":{"_kad_post_transparent":"","_kad_post_title":"","_kad_post_layout":"","_kad_post_sidebar_id":"","_kad_post_content_style":"","_kad_post_vertical_padding":"","_kad_post_feature":"","_kad_post_feature_position":"","_kad_post_header":false,"_kad_post_footer":false,"_kad_post_classname":"","_jetpack_memberships_contains_paid_content":false,"footnotes":"","jetpack_publicize_message":"","jetpack_publicize_feature_enabled":true,"jetpack_social_post_already_shared":true,"jetpack_social_options":{"image_generator_settings":{"template":"highway","default_image_id":0,"font":"","enabled":false},"version":2}},"categories":[898,14583,1],"tags":[2499,4244],"class_list":["post-65846","post","type-post","status-publish","format-standard","has-post-thumbnail","hentry","category-1920-1929","category-efemerides","category-portada","tag-2499","tag-plaza-de-toros-real-maestranza"],"jetpack_publicize_connections":[],"jetpack_featured_media_url":"https:\/\/i0.wp.com\/www.manquepierda.com\/historiarealbetis\/files\/2018\/08\/Festival-taurino-1928-Anuncio-NMP-La-Uni%C3%B3n-17-8-1928.jpg?fit=329%2C342&ssl=1","jetpack_sharing_enabled":true,"jetpack_shortlink":"https:\/\/wp.me\/p1ij08-h82","jetpack-related-posts":[],"_links":{"self":[{"href":"https:\/\/www.manquepierda.com\/historiarealbetis\/wp-json\/wp\/v2\/posts\/65846","targetHints":{"allow":["GET"]}}],"collection":[{"href":"https:\/\/www.manquepierda.com\/historiarealbetis\/wp-json\/wp\/v2\/posts"}],"about":[{"href":"https:\/\/www.manquepierda.com\/historiarealbetis\/wp-json\/wp\/v2\/types\/post"}],"author":[{"embeddable":true,"href":"https:\/\/www.manquepierda.com\/historiarealbetis\/wp-json\/wp\/v2\/users\/5"}],"replies":[{"embeddable":true,"href":"https:\/\/www.manquepierda.com\/historiarealbetis\/wp-json\/wp\/v2\/comments?post=65846"}],"version-history":[{"count":1,"href":"https:\/\/www.manquepierda.com\/historiarealbetis\/wp-json\/wp\/v2\/posts\/65846\/revisions"}],"predecessor-version":[{"id":90076,"href":"https:\/\/www.manquepierda.com\/historiarealbetis\/wp-json\/wp\/v2\/posts\/65846\/revisions\/90076"}],"wp:featuredmedia":[{"embeddable":true,"href":"https:\/\/www.manquepierda.com\/historiarealbetis\/wp-json\/wp\/v2\/media\/65847"}],"wp:attachment":[{"href":"https:\/\/www.manquepierda.com\/historiarealbetis\/wp-json\/wp\/v2\/media?parent=65846"}],"wp:term":[{"taxonomy":"category","embeddable":true,"href":"https:\/\/www.manquepierda.com\/historiarealbetis\/wp-json\/wp\/v2\/categories?post=65846"},{"taxonomy":"post_tag","embeddable":true,"href":"https:\/\/www.manquepierda.com\/historiarealbetis\/wp-json\/wp\/v2\/tags?post=65846"}],"curies":[{"name":"wp","href":"https:\/\/api.w.org\/{rel}","templated":true}]}}