{"id":65868,"date":"2018-08-21T08:15:14","date_gmt":"2018-08-21T06:15:14","guid":{"rendered":"http:\/\/www.manquepierda.com\/historiarealbetis\/?p=65868"},"modified":"2024-11-04T18:37:56","modified_gmt":"2024-11-04T17:37:56","slug":"betis-manchego-liga-1947","status":"publish","type":"post","link":"https:\/\/www.manquepierda.com\/historiarealbetis\/betis-manchego-liga-1947\/","title":{"rendered":"Betis-Manchego Liga 1947"},"content":{"rendered":"<p><a href=\"https:\/\/i0.wp.com\/www.manquepierda.com\/historiarealbetis\/files\/2018\/08\/Betis-Manchego-Liga-1947.jpg?ssl=1\"><img data-recalc-dims=\"1\" loading=\"lazy\" decoding=\"async\" class=\"aligncenter size-medium wp-image-65869\" src=\"https:\/\/i0.wp.com\/www.manquepierda.com\/historiarealbetis\/files\/2018\/08\/Betis-Manchego-Liga-1947.jpg?resize=574%2C600&#038;ssl=1\" alt=\"\" width=\"574\" height=\"600\" srcset=\"https:\/\/i0.wp.com\/www.manquepierda.com\/historiarealbetis\/files\/2018\/08\/Betis-Manchego-Liga-1947.jpg?resize=574%2C600&amp;ssl=1 574w, https:\/\/i0.wp.com\/www.manquepierda.com\/historiarealbetis\/files\/2018\/08\/Betis-Manchego-Liga-1947.jpg?resize=211%2C220&amp;ssl=1 211w, https:\/\/i0.wp.com\/www.manquepierda.com\/historiarealbetis\/files\/2018\/08\/Betis-Manchego-Liga-1947.jpg?w=606&amp;ssl=1 606w\" sizes=\"auto, (max-width: 574px) 100vw, 574px\" \/><\/a><\/p>\n<p>2 de noviembre de 1947 en Heli\u00f3polis\u00a0 Betis\u00a0 3 Manchego 0; jornada 6 del Campeonato de Liga de Tercera Divisi\u00f3n.<\/p>\n<p>En la imagen el capit\u00e1n b\u00e9tico Guillermo Coll hace entrega de un bander\u00edn del club a Solana, capit\u00e1n del Manchego antes del inicio del partido y ante la presencia del colegiado D\u00edaz.<\/p>\n<p>Dos goles de Pe\u00f1a y 1 gol de Mart\u00ednez materializaron la c\u00f3moda victoria verdiblanca ante el equipo de Ciudad Real.<\/p>\n<p>Jos\u00e9 Quirante entrenaba al Betis y Rey al Manchego.<\/p>\n<p>Agradecer al aficionado Jos\u00e9 Vicente Lara la cesi\u00f3n de esta imagen para p\u00fablico conocimiento de los lectores de Manquepierda.<\/p>\n","protected":false},"excerpt":{"rendered":"<p>2 de noviembre de 1947 en Heli\u00f3polis\u00a0 Betis\u00a0 3 Manchego 0; jornada 6 del Campeonato de Liga de Tercera Divisi\u00f3n. En la imagen el capit\u00e1n b\u00e9tico Guillermo Coll hace entrega de un bander\u00edn del club a Solana, capit\u00e1n del Manchego antes del inicio del partido y ante la presencia del colegiado D\u00edaz. Dos goles de&#8230;<\/p>\n","protected":false},"author":5,"featured_media":65869,"comment_status":"open","ping_status":"open","sticky":false,"template":"","format":"standard","meta":{"_kad_post_transparent":"","_kad_post_title":"","_kad_post_layout":"","_kad_post_sidebar_id":"","_kad_post_content_style":"","_kad_post_vertical_padding":"","_kad_post_feature":"","_kad_post_feature_position":"","_kad_post_header":false,"_kad_post_footer":false,"_kad_post_classname":"","_jetpack_memberships_contains_paid_content":false,"footnotes":"","jetpack_publicize_message":"","jetpack_publicize_feature_enabled":true,"jetpack_social_post_already_shared":true,"jetpack_social_options":{"image_generator_settings":{"template":"highway","default_image_id":0,"font":"","enabled":false},"version":2}},"categories":[900,1],"tags":[52,10150,16477,1932,17781],"class_list":["post-65868","post","type-post","status-publish","format-standard","has-post-thumbnail","hentry","category-1940-1949","category-portada","tag-52","tag-1947-48","tag-cd-manchego","tag-guillermo-coll","tag-liga-tercera-1947-48"],"jetpack_publicize_connections":[],"jetpack_featured_media_url":"https:\/\/i0.wp.com\/www.manquepierda.com\/historiarealbetis\/files\/2018\/08\/Betis-Manchego-Liga-1947.jpg?fit=606%2C633&ssl=1","jetpack_sharing_enabled":true,"jetpack_shortlink":"https:\/\/wp.me\/p1ij08-h8o","jetpack-related-posts":[],"_links":{"self":[{"href":"https:\/\/www.manquepierda.com\/historiarealbetis\/wp-json\/wp\/v2\/posts\/65868","targetHints":{"allow":["GET"]}}],"collection":[{"href":"https:\/\/www.manquepierda.com\/historiarealbetis\/wp-json\/wp\/v2\/posts"}],"about":[{"href":"https:\/\/www.manquepierda.com\/historiarealbetis\/wp-json\/wp\/v2\/types\/post"}],"author":[{"embeddable":true,"href":"https:\/\/www.manquepierda.com\/historiarealbetis\/wp-json\/wp\/v2\/users\/5"}],"replies":[{"embeddable":true,"href":"https:\/\/www.manquepierda.com\/historiarealbetis\/wp-json\/wp\/v2\/comments?post=65868"}],"version-history":[{"count":1,"href":"https:\/\/www.manquepierda.com\/historiarealbetis\/wp-json\/wp\/v2\/posts\/65868\/revisions"}],"predecessor-version":[{"id":100692,"href":"https:\/\/www.manquepierda.com\/historiarealbetis\/wp-json\/wp\/v2\/posts\/65868\/revisions\/100692"}],"wp:featuredmedia":[{"embeddable":true,"href":"https:\/\/www.manquepierda.com\/historiarealbetis\/wp-json\/wp\/v2\/media\/65869"}],"wp:attachment":[{"href":"https:\/\/www.manquepierda.com\/historiarealbetis\/wp-json\/wp\/v2\/media?parent=65868"}],"wp:term":[{"taxonomy":"category","embeddable":true,"href":"https:\/\/www.manquepierda.com\/historiarealbetis\/wp-json\/wp\/v2\/categories?post=65868"},{"taxonomy":"post_tag","embeddable":true,"href":"https:\/\/www.manquepierda.com\/historiarealbetis\/wp-json\/wp\/v2\/tags?post=65868"}],"curies":[{"name":"wp","href":"https:\/\/api.w.org\/{rel}","templated":true}]}}