{"id":65937,"date":"2018-08-30T08:20:13","date_gmt":"2018-08-30T06:20:13","guid":{"rendered":"http:\/\/www.manquepierda.com\/historiarealbetis\/?p=65937"},"modified":"2025-04-08T15:33:50","modified_gmt":"2025-04-08T13:33:50","slug":"presentacion-de-la-plantilla-1972","status":"publish","type":"post","link":"https:\/\/www.manquepierda.com\/historiarealbetis\/presentacion-de-la-plantilla-1972\/","title":{"rendered":"Presentaci\u00f3n de la plantilla 1972"},"content":{"rendered":"<div class=\"wp-block-image\">\n<figure class=\"aligncenter size-full\"><img data-recalc-dims=\"1\" loading=\"lazy\" decoding=\"async\" width=\"740\" height=\"292\" src=\"https:\/\/i0.wp.com\/www.manquepierda.com\/historiarealbetis\/files\/2018\/08\/Presentacion-de-la-plantilla-1972-NMP-Sevilla-17-07-1972.jpg?resize=740%2C292&#038;ssl=1\" alt=\"\" class=\"wp-image-102704\" srcset=\"https:\/\/i0.wp.com\/www.manquepierda.com\/historiarealbetis\/files\/2018\/08\/Presentacion-de-la-plantilla-1972-NMP-Sevilla-17-07-1972.jpg?w=740&amp;ssl=1 740w, https:\/\/i0.wp.com\/www.manquepierda.com\/historiarealbetis\/files\/2018\/08\/Presentacion-de-la-plantilla-1972-NMP-Sevilla-17-07-1972.jpg?resize=680%2C268&amp;ssl=1 680w, https:\/\/i0.wp.com\/www.manquepierda.com\/historiarealbetis\/files\/2018\/08\/Presentacion-de-la-plantilla-1972-NMP-Sevilla-17-07-1972.jpg?resize=220%2C87&amp;ssl=1 220w\" sizes=\"auto, (max-width: 740px) 100vw, 740px\" \/><\/figure>\n<\/div>\n\n<p>\u00a0<\/p>\n<p>El 17 de julio de 1972 en el estadio Benito Villamar\u00edn a las 9 de la ma\u00f1ana tiene lugar la presentaci\u00f3n de la primera plantilla b\u00e9tica.<\/p>\n<p>En primer lugar fue el presidente Jos\u00e9 N\u00fa\u00f1ez Naranjo quien se dirigi\u00f3 a los asistentes, recomendando esp\u00edritu de trabajo y superaci\u00f3n respecto a la temporada anterior, para no pasar los apuros que se sufrieron. Estaba adem\u00e1s presente el orgullo por ser el \u00fanico equipo de Sevilla presente en la Primera Divisi\u00f3n.<\/p>\n<p>A continuaci\u00f3n fue el preparador Ferenc Szusza quien se dirigi\u00f3 en castellano y sin int\u00e9rprete a los jugadores, dedicando un aliento cari\u00f1oso y recomendando un comportamiento intachable tanto dentro como fuera del terreno de juego.<\/p>\n<p>Posteriormente el entrenador y el presidente fueron saludando uno a uno a los componentes de la plantilla, especialmente a las nuevas incorporaciones: Del Sol, que volv\u00eda su club desde la Roma, Jenaro, llegado del Sabadell y Mellado, tras su cesi\u00f3n en el Logro\u00f1\u00e9s.<\/p>\n<p>Finalmente la junta directiva visit\u00f3 las obras que se estaban efectuando de ampliaci\u00f3n del estadio, con la construcci\u00f3n del nuevo Gol Sur,\u00a0 que se esperaba estuviera finalizado a tiempo para la inauguraci\u00f3n de la temporada el 10 de septiembre frente a la UD Las Palmas.<\/p>","protected":false},"excerpt":{"rendered":"<p>\u00a0 El 17 de julio de 1972 en el estadio Benito Villamar\u00edn a las 9 de la ma\u00f1ana tiene lugar la presentaci\u00f3n de la primera plantilla b\u00e9tica. En primer lugar fue el presidente Jos\u00e9 N\u00fa\u00f1ez Naranjo quien se dirigi\u00f3 a los asistentes, recomendando esp\u00edritu de trabajo y superaci\u00f3n respecto a la temporada anterior, para no&#8230;<\/p>\n","protected":false},"author":5,"featured_media":102704,"comment_status":"open","ping_status":"open","sticky":false,"template":"","format":"standard","meta":{"_kad_post_transparent":"","_kad_post_title":"","_kad_post_layout":"","_kad_post_sidebar_id":"","_kad_post_content_style":"","_kad_post_vertical_padding":"","_kad_post_feature":"","_kad_post_feature_position":"","_kad_post_header":false,"_kad_post_footer":false,"_kad_post_classname":"","_jetpack_memberships_contains_paid_content":false,"footnotes":"","jetpack_publicize_message":"","jetpack_publicize_feature_enabled":true,"jetpack_social_post_already_shared":true,"jetpack_social_options":{"image_generator_settings":{"template":"highway","default_image_id":0,"font":"","enabled":false},"version":2}},"categories":[903,1],"tags":[1091,2309,9557],"class_list":["post-65937","post","type-post","status-publish","format-standard","has-post-thumbnail","hentry","category-1970-1979","category-portada","tag-1091","tag-1972-73","tag-estadio-benito-villamarin-presentacion"],"jetpack_publicize_connections":[],"jetpack_featured_media_url":"https:\/\/i0.wp.com\/www.manquepierda.com\/historiarealbetis\/files\/2018\/08\/Presentacion-de-la-plantilla-1972-NMP-Sevilla-17-07-1972.jpg?fit=740%2C292&ssl=1","jetpack_sharing_enabled":true,"jetpack_shortlink":"https:\/\/wp.me\/p1ij08-h9v","jetpack-related-posts":[],"_links":{"self":[{"href":"https:\/\/www.manquepierda.com\/historiarealbetis\/wp-json\/wp\/v2\/posts\/65937","targetHints":{"allow":["GET"]}}],"collection":[{"href":"https:\/\/www.manquepierda.com\/historiarealbetis\/wp-json\/wp\/v2\/posts"}],"about":[{"href":"https:\/\/www.manquepierda.com\/historiarealbetis\/wp-json\/wp\/v2\/types\/post"}],"author":[{"embeddable":true,"href":"https:\/\/www.manquepierda.com\/historiarealbetis\/wp-json\/wp\/v2\/users\/5"}],"replies":[{"embeddable":true,"href":"https:\/\/www.manquepierda.com\/historiarealbetis\/wp-json\/wp\/v2\/comments?post=65937"}],"version-history":[{"count":2,"href":"https:\/\/www.manquepierda.com\/historiarealbetis\/wp-json\/wp\/v2\/posts\/65937\/revisions"}],"predecessor-version":[{"id":102705,"href":"https:\/\/www.manquepierda.com\/historiarealbetis\/wp-json\/wp\/v2\/posts\/65937\/revisions\/102705"}],"wp:featuredmedia":[{"embeddable":true,"href":"https:\/\/www.manquepierda.com\/historiarealbetis\/wp-json\/wp\/v2\/media\/102704"}],"wp:attachment":[{"href":"https:\/\/www.manquepierda.com\/historiarealbetis\/wp-json\/wp\/v2\/media?parent=65937"}],"wp:term":[{"taxonomy":"category","embeddable":true,"href":"https:\/\/www.manquepierda.com\/historiarealbetis\/wp-json\/wp\/v2\/categories?post=65937"},{"taxonomy":"post_tag","embeddable":true,"href":"https:\/\/www.manquepierda.com\/historiarealbetis\/wp-json\/wp\/v2\/tags?post=65937"}],"curies":[{"name":"wp","href":"https:\/\/api.w.org\/{rel}","templated":true}]}}