{"id":65995,"date":"2018-09-04T08:11:39","date_gmt":"2018-09-04T06:11:39","guid":{"rendered":"http:\/\/www.manquepierda.com\/historiarealbetis\/?p=65995"},"modified":"2024-11-04T18:42:41","modified_gmt":"2024-11-04T17:42:41","slug":"el-gol-mas-longevo","status":"publish","type":"post","link":"https:\/\/www.manquepierda.com\/historiarealbetis\/el-gol-mas-longevo\/","title":{"rendered":"El gol m\u00e1s longevo"},"content":{"rendered":"<p><a href=\"https:\/\/i0.wp.com\/www.manquepierda.com\/historiarealbetis\/files\/2018\/09\/El-gol-m%C3%A1s-longevo.jpg?ssl=1\"><img data-recalc-dims=\"1\" loading=\"lazy\" decoding=\"async\" class=\"aligncenter size-medium wp-image-65996\" src=\"https:\/\/i0.wp.com\/www.manquepierda.com\/historiarealbetis\/files\/2018\/09\/El-gol-m%C3%A1s-longevo.jpg?resize=680%2C463&#038;ssl=1\" alt=\"\" width=\"680\" height=\"463\" srcset=\"https:\/\/i0.wp.com\/www.manquepierda.com\/historiarealbetis\/files\/2018\/09\/El-gol-m%C3%A1s-longevo.jpg?resize=680%2C463&amp;ssl=1 680w, https:\/\/i0.wp.com\/www.manquepierda.com\/historiarealbetis\/files\/2018\/09\/El-gol-m%C3%A1s-longevo.jpg?resize=220%2C150&amp;ssl=1 220w, https:\/\/i0.wp.com\/www.manquepierda.com\/historiarealbetis\/files\/2018\/09\/El-gol-m%C3%A1s-longevo.jpg?resize=768%2C523&amp;ssl=1 768w, https:\/\/i0.wp.com\/www.manquepierda.com\/historiarealbetis\/files\/2018\/09\/El-gol-m%C3%A1s-longevo.jpg?resize=960%2C654&amp;ssl=1 960w, https:\/\/i0.wp.com\/www.manquepierda.com\/historiarealbetis\/files\/2018\/09\/El-gol-m%C3%A1s-longevo.jpg?resize=75%2C52&amp;ssl=1 75w, https:\/\/i0.wp.com\/www.manquepierda.com\/historiarealbetis\/files\/2018\/09\/El-gol-m%C3%A1s-longevo.jpg?w=1149&amp;ssl=1 1149w\" sizes=\"auto, (max-width: 680px) 100vw, 680px\" \/><\/a><\/p>\n<p>El gol que marc\u00f3 Joaqu\u00edn S\u00e1nchez este pasado domingo y que sirvi\u00f3 para obtener la victoria ante el Sevilla, ha sido calificado en algunos medios de comunicaci\u00f3n y en diversos comentarios en las redes sociales como el gol conseguido por un futbolista del Real Betis Balompi\u00e9 con m\u00e1s edad.<\/p>\n<p>Esto es as\u00ed pero con determinadas matizaciones, pues ser\u00eda v\u00e1lido como el gol obtenido por el futbolista con m\u00e1s edad en Primera Divisi\u00f3n.\u00a0 Joaqu\u00edn naci\u00f3 un 21 de julio de 1981 y marc\u00f3 el gol el 2 de septiembre de 2018, es decir, con 13.558 d\u00edas.<\/p>\n<p>Pero hay al menos hasta 3 casos de goles obtenidos por otros jugadores del Betis con m\u00e1s edad en otras competiciones oficiales.<\/p>\n<p>El caso de m\u00e1s edad es el tanto obtenido por Angel Mart\u00edn \u00abSaro\u00bb el 29 de febrero de 1948 en partido de Liga de Tercera Divisi\u00f3n contra el Cacere\u00f1o, partido que finaliz\u00f3 con empate a 1. Dado que Saro hab\u00eda nacido el 1 de marzo de 1909, estamos hablando de 14.245 d\u00edas. Saro, uno de los grandes referentes de la historia verdiblanca, ostenta por lo tanto el honor de ser el futbolista que marca un gol en partido oficial con m\u00e1s edad.<\/p>\n<p>El segundo caso es el de Luis Del Sol, que marc\u00f3 su \u00faltimo gol el 21 de febrero de 1973 en el encuentro del Campeonato Andaluz de Reservas en el que el Betis derrot\u00f3 5-2 al Recreativo de Huelva. Puesto que Del Sol naci\u00f3 el 6 de abril de 1935 obtuvo este gol con 13.837 d\u00edas.<\/p>\n<p>Rafael Gordillo es el tercer caso, con el gol marcado el 11 de enero de 1995 en el encuentro de vuelta de la tercera ronda de la Copa contra el Nastic de Tarragona, con victoria por 3 a 0. Como Gordillo hab\u00eda nacido el 24 de febrero de 1957 lo hizo con 13.836 d\u00edas.<\/p>\n<p>Otros dos casos destacables de goles con alta longevidad en partidos oficiales son los de Paquirri y Rub\u00e9n Castro, los dos grandes goleadores de la historia verdiblanca.<\/p>\n<p>Paquirri hizo su \u00faltimo gol oficial el 8 de enero de 1950 en el 1-0 con el que el Betis venci\u00f3 al San Fernando en partido de Tercera Divisi\u00f3n, con 13.459 d\u00edas, ya que naci\u00f3 el 13 de agosto de 1913, y Rub\u00e9n Castro marc\u00f3 su \u00faltimo gol el 15 de enero de 2018 en la victoria por 3 goles a 2 contra el Legan\u00e9s en encuentro de Liga de Primera Divisi\u00f3n. Puesto que Rub\u00e9n naci\u00f3 un 27 de junio de 1981 hizo el tanto con 13.352 d\u00edas.<\/p>\n","protected":false},"excerpt":{"rendered":"<p>El gol que marc\u00f3 Joaqu\u00edn S\u00e1nchez este pasado domingo y que sirvi\u00f3 para obtener la victoria ante el Sevilla, ha sido calificado en algunos medios de comunicaci\u00f3n y en diversos comentarios en las redes sociales como el gol conseguido por un futbolista del Real Betis Balompi\u00e9 con m\u00e1s edad. Esto es as\u00ed pero con determinadas&#8230;<\/p>\n","protected":false},"author":5,"featured_media":65996,"comment_status":"open","ping_status":"open","sticky":false,"template":"","format":"standard","meta":{"_kad_post_transparent":"","_kad_post_title":"","_kad_post_layout":"","_kad_post_sidebar_id":"","_kad_post_content_style":"","_kad_post_vertical_padding":"","_kad_post_feature":"","_kad_post_feature_position":"","_kad_post_header":false,"_kad_post_footer":false,"_kad_post_classname":"","_jetpack_memberships_contains_paid_content":false,"footnotes":"","jetpack_publicize_message":"","jetpack_publicize_feature_enabled":true,"jetpack_social_post_already_shared":true,"jetpack_social_options":{"image_generator_settings":{"template":"highway","default_image_id":0,"font":"","enabled":false},"version":2}},"categories":[3,1],"tags":[1057,1575,3912,541,1305,748],"class_list":["post-65995","post","type-post","status-publish","format-standard","has-post-thumbnail","hentry","category-actualidad","category-portada","tag-angel-martin-saro","tag-francisco-gonzalez-paquirri","tag-joaquin-sanchez","tag-luis-del-sol","tag-rafael-gordillo","tag-ruben-castro"],"jetpack_publicize_connections":[],"jetpack_featured_media_url":"https:\/\/i0.wp.com\/www.manquepierda.com\/historiarealbetis\/files\/2018\/09\/El-gol-m%C3%A1s-longevo.jpg?fit=1149%2C783&ssl=1","jetpack_sharing_enabled":true,"jetpack_shortlink":"https:\/\/wp.me\/p1ij08-har","jetpack-related-posts":[],"_links":{"self":[{"href":"https:\/\/www.manquepierda.com\/historiarealbetis\/wp-json\/wp\/v2\/posts\/65995","targetHints":{"allow":["GET"]}}],"collection":[{"href":"https:\/\/www.manquepierda.com\/historiarealbetis\/wp-json\/wp\/v2\/posts"}],"about":[{"href":"https:\/\/www.manquepierda.com\/historiarealbetis\/wp-json\/wp\/v2\/types\/post"}],"author":[{"embeddable":true,"href":"https:\/\/www.manquepierda.com\/historiarealbetis\/wp-json\/wp\/v2\/users\/5"}],"replies":[{"embeddable":true,"href":"https:\/\/www.manquepierda.com\/historiarealbetis\/wp-json\/wp\/v2\/comments?post=65995"}],"version-history":[{"count":1,"href":"https:\/\/www.manquepierda.com\/historiarealbetis\/wp-json\/wp\/v2\/posts\/65995\/revisions"}],"predecessor-version":[{"id":100697,"href":"https:\/\/www.manquepierda.com\/historiarealbetis\/wp-json\/wp\/v2\/posts\/65995\/revisions\/100697"}],"wp:featuredmedia":[{"embeddable":true,"href":"https:\/\/www.manquepierda.com\/historiarealbetis\/wp-json\/wp\/v2\/media\/65996"}],"wp:attachment":[{"href":"https:\/\/www.manquepierda.com\/historiarealbetis\/wp-json\/wp\/v2\/media?parent=65995"}],"wp:term":[{"taxonomy":"category","embeddable":true,"href":"https:\/\/www.manquepierda.com\/historiarealbetis\/wp-json\/wp\/v2\/categories?post=65995"},{"taxonomy":"post_tag","embeddable":true,"href":"https:\/\/www.manquepierda.com\/historiarealbetis\/wp-json\/wp\/v2\/tags?post=65995"}],"curies":[{"name":"wp","href":"https:\/\/api.w.org\/{rel}","templated":true}]}}