{"id":66000,"date":"2018-09-05T08:18:13","date_gmt":"2018-09-05T06:18:13","guid":{"rendered":"http:\/\/www.manquepierda.com\/historiarealbetis\/?p=66000"},"modified":"2024-09-03T19:23:27","modified_gmt":"2024-09-03T17:23:27","slug":"alineacion-merida-betis-liga-1994","status":"publish","type":"post","link":"https:\/\/www.manquepierda.com\/historiarealbetis\/alineacion-merida-betis-liga-1994\/","title":{"rendered":"Alineaci\u00f3n M\u00e9rida-Betis Liga 1994"},"content":{"rendered":"<p><a href=\"https:\/\/i0.wp.com\/www.manquepierda.com\/historiarealbetis\/files\/2018\/09\/Alineaci%C3%B3n-M%C3%A9rida-Betis-Liga-1994.jpg?ssl=1\"><img data-recalc-dims=\"1\" loading=\"lazy\" decoding=\"async\" class=\"aligncenter size-medium wp-image-66001\" src=\"https:\/\/i0.wp.com\/www.manquepierda.com\/historiarealbetis\/files\/2018\/09\/Alineaci%C3%B3n-M%C3%A9rida-Betis-Liga-1994.jpg?resize=680%2C354&#038;ssl=1\" alt=\"\" width=\"680\" height=\"354\" srcset=\"https:\/\/i0.wp.com\/www.manquepierda.com\/historiarealbetis\/files\/2018\/09\/Alineaci%C3%B3n-M%C3%A9rida-Betis-Liga-1994.jpg?resize=680%2C354&amp;ssl=1 680w, https:\/\/i0.wp.com\/www.manquepierda.com\/historiarealbetis\/files\/2018\/09\/Alineaci%C3%B3n-M%C3%A9rida-Betis-Liga-1994.jpg?resize=220%2C114&amp;ssl=1 220w, https:\/\/i0.wp.com\/www.manquepierda.com\/historiarealbetis\/files\/2018\/09\/Alineaci%C3%B3n-M%C3%A9rida-Betis-Liga-1994.jpg?resize=768%2C400&amp;ssl=1 768w, https:\/\/i0.wp.com\/www.manquepierda.com\/historiarealbetis\/files\/2018\/09\/Alineaci%C3%B3n-M%C3%A9rida-Betis-Liga-1994.jpg?resize=960%2C499&amp;ssl=1 960w, https:\/\/i0.wp.com\/www.manquepierda.com\/historiarealbetis\/files\/2018\/09\/Alineaci%C3%B3n-M%C3%A9rida-Betis-Liga-1994.jpg?w=1065&amp;ssl=1 1065w\" sizes=\"auto, (max-width: 680px) 100vw, 680px\" \/><\/a><\/p>\n<p>23 de enero de 1994 en el Municipal emeritense M\u00e9rida 3\u00a0 Betis 1; jornada 20 del Campeonato de Liga de Segunda Divisi\u00f3n.<\/p>\n<p>En la imagen arriba Kasumov, M\u00e1rquez, Juanlu, R\u00edos, Ol\u00edas y Diezma; abajo Tab Ramos, Ca\u00f1as, Aquino, Cu\u00e9llar y Merino.<\/p>\n<p>Tres goles locales de Pacheta dieron el triunfo al cuadro extreme\u00f1o, mientras que Aquino de penalti logr\u00f3 el \u00fanico gol verdiblamco.<\/p>\n<p>Fabricio Gonz\u00e1lez \u00abFabri\u00bb entrenaba al M\u00e9rida y Serge Kresic al Betis.<\/p>\n","protected":false},"excerpt":{"rendered":"<p>23 de enero de 1994 en el Municipal emeritense M\u00e9rida 3\u00a0 Betis 1; jornada 20 del Campeonato de Liga de Segunda Divisi\u00f3n. En la imagen arriba Kasumov, M\u00e1rquez, Juanlu, R\u00edos, Ol\u00edas y Diezma; abajo Tab Ramos, Ca\u00f1as, Aquino, Cu\u00e9llar y Merino. Tres goles locales de Pacheta dieron el triunfo al cuadro extreme\u00f1o, mientras que Aquino&#8230;<\/p>\n","protected":false},"author":5,"featured_media":66001,"comment_status":"open","ping_status":"open","sticky":false,"template":"","format":"standard","meta":{"_kad_post_transparent":"","_kad_post_title":"","_kad_post_layout":"","_kad_post_sidebar_id":"","_kad_post_content_style":"","_kad_post_vertical_padding":"","_kad_post_feature":"","_kad_post_feature_position":"","_kad_post_header":false,"_kad_post_footer":false,"_kad_post_classname":"","_jetpack_memberships_contains_paid_content":false,"footnotes":"","jetpack_publicize_message":"","jetpack_publicize_feature_enabled":true,"jetpack_social_post_already_shared":true,"jetpack_social_options":{"image_generator_settings":{"template":"highway","default_image_id":0,"font":"","enabled":false},"version":2}},"categories":[905,1],"tags":[2229,1540,1309,1052,1074,2290,1399,1420,17827,1369,16862,2289,12371,1335,1400],"class_list":["post-66000","post","type-post","status-publish","format-standard","has-post-thumbnail","hentry","category-1990-1999","category-portada","tag-1993-94","tag-1540","tag-angel-cuellar","tag-daniel-toribio-aquino","tag-jose-luis-diezma","tag-juan-jose-canas","tag-juan-luis-bernal-juanlu","tag-juan-merino","tag-liga-segunda-1993-94","tag-luis-marquez","tag-merida-club-polideportivo","tag-roberto-rios","tag-tab-ramos","tag-tomas-olias","tag-velli-kasumov"],"jetpack_publicize_connections":[],"jetpack_featured_media_url":"https:\/\/i0.wp.com\/www.manquepierda.com\/historiarealbetis\/files\/2018\/09\/Alineaci%C3%B3n-M%C3%A9rida-Betis-Liga-1994.jpg?fit=1065%2C554&ssl=1","jetpack_sharing_enabled":true,"jetpack_shortlink":"https:\/\/wp.me\/p1ij08-haw","jetpack-related-posts":[],"_links":{"self":[{"href":"https:\/\/www.manquepierda.com\/historiarealbetis\/wp-json\/wp\/v2\/posts\/66000","targetHints":{"allow":["GET"]}}],"collection":[{"href":"https:\/\/www.manquepierda.com\/historiarealbetis\/wp-json\/wp\/v2\/posts"}],"about":[{"href":"https:\/\/www.manquepierda.com\/historiarealbetis\/wp-json\/wp\/v2\/types\/post"}],"author":[{"embeddable":true,"href":"https:\/\/www.manquepierda.com\/historiarealbetis\/wp-json\/wp\/v2\/users\/5"}],"replies":[{"embeddable":true,"href":"https:\/\/www.manquepierda.com\/historiarealbetis\/wp-json\/wp\/v2\/comments?post=66000"}],"version-history":[{"count":1,"href":"https:\/\/www.manquepierda.com\/historiarealbetis\/wp-json\/wp\/v2\/posts\/66000\/revisions"}],"predecessor-version":[{"id":97859,"href":"https:\/\/www.manquepierda.com\/historiarealbetis\/wp-json\/wp\/v2\/posts\/66000\/revisions\/97859"}],"wp:featuredmedia":[{"embeddable":true,"href":"https:\/\/www.manquepierda.com\/historiarealbetis\/wp-json\/wp\/v2\/media\/66001"}],"wp:attachment":[{"href":"https:\/\/www.manquepierda.com\/historiarealbetis\/wp-json\/wp\/v2\/media?parent=66000"}],"wp:term":[{"taxonomy":"category","embeddable":true,"href":"https:\/\/www.manquepierda.com\/historiarealbetis\/wp-json\/wp\/v2\/categories?post=66000"},{"taxonomy":"post_tag","embeddable":true,"href":"https:\/\/www.manquepierda.com\/historiarealbetis\/wp-json\/wp\/v2\/tags?post=66000"}],"curies":[{"name":"wp","href":"https:\/\/api.w.org\/{rel}","templated":true}]}}