{"id":66030,"date":"2018-09-08T10:45:22","date_gmt":"2018-09-08T08:45:22","guid":{"rendered":"http:\/\/www.manquepierda.com\/historiarealbetis\/?p=66030"},"modified":"2023-10-25T20:17:30","modified_gmt":"2023-10-25T18:17:30","slug":"denilson-de-oliveira","status":"publish","type":"post","link":"https:\/\/www.manquepierda.com\/historiarealbetis\/denilson-de-oliveira\/","title":{"rendered":"Denilson de Oliveira"},"content":{"rendered":"<p><a href=\"https:\/\/i0.wp.com\/www.manquepierda.com\/historiarealbetis\/files\/2018\/09\/Denilson.jpg?ssl=1\"><img data-recalc-dims=\"1\" loading=\"lazy\" decoding=\"async\" class=\"aligncenter size-full wp-image-66031\" src=\"https:\/\/i0.wp.com\/www.manquepierda.com\/historiarealbetis\/files\/2018\/09\/Denilson.jpg?resize=407%2C596&#038;ssl=1\" alt=\"\" width=\"407\" height=\"596\" srcset=\"https:\/\/i0.wp.com\/www.manquepierda.com\/historiarealbetis\/files\/2018\/09\/Denilson.jpg?w=407&amp;ssl=1 407w, https:\/\/i0.wp.com\/www.manquepierda.com\/historiarealbetis\/files\/2018\/09\/Denilson.jpg?resize=150%2C220&amp;ssl=1 150w\" sizes=\"auto, (max-width: 407px) 100vw, 407px\" \/><\/a><\/p>\n<p><strong>Denilson de Oliveira<\/strong>, nacido en Diadema (Brasil) el 24 de agosto de 1977.<\/p>\n<p>Centrocampista ofensivo.<\/p>\n<p>Con 17 a\u00f1os lleg\u00f3 al primer equipo del Sao Paulo y su f\u00fatbol efectista y habilidoso le llev\u00f3 pronto a la selecci\u00f3n brasile\u00f1a con la que fue subcampe\u00f3n mundial sub 20 en 1995 y gan\u00f3 la Copa Am\u00e9rica en 1997 ya en categor\u00eda absoluta. Su fama hizo que pronto se lo disputasen los principales equipos espa\u00f1oles, ingleses e italianos, que pujaron al alza por su fichaje.<\/p>\n<p>En agosto de 1997 el Betis se hizo con sus servicios a cambio de 5.300 millones de pesetas, en su momento el traspaso m\u00e1s elevado del f\u00fatbol mundial. Tambi\u00e9n la cl\u00e1usula de rescisi\u00f3n fijada en su contrato (65.000 millones de pesetas) era otro motivo de asombro. El fichaje se har\u00eda efectivo en la temporada 1998-99, pues se contemplaba en \u00e9l que Denilson permaneciese un a\u00f1o m\u00e1s en el Sao Paulo y se incorporase al Betis despu\u00e9s del Mundial que se jugar\u00eda en Francia en el verano de 1998.<\/p>\n<p>Su debut con el Betis tuvo lugar el 9 de agosto de 1998 en Bala\u00eddos contra el Celta en un partido amistoso del Memorial Quinocho, donde jug\u00f3 los 62 minutos iniciales, siendo sustituido por Angel Cu\u00e9llar. Su debut oficial fue el 29 de agosto en la jornada inicial de Liga en San Mam\u00e9s contra el Deportivo Alav\u00e9s.<\/p>\n<p>El presidente Ruiz de Lopera alcanz\u00f3 con este fichaje sus m\u00e1s altas cotas de popularidad, al codearse con la \u00e9lite mundial, aunque pronto comenzar\u00edan los problemas y desequilibrios originados por este estratosf\u00e9rico fichaje. El primero deriv\u00f3 de la marcha del entrenador, Luis Aragon\u00e9s, disconforme con la gesti\u00f3n que Lopera hizo para que saliese Jarni del club a fin de hacerle hueco a Denilson. Y el segundo fue la dif\u00edcil adaptaci\u00f3n de Denilson al f\u00fatbol espa\u00f1ol. Su juego habilidoso de regates, bicicletas y malabarismos, no encajaba con el ejercicio f\u00edsico y duro que se practicaba en los campos de juego de la Liga.<\/p>\n<p>En su segunda temporada su actuaci\u00f3n se vio ensombrecida por los enfrentamientos entre el club y la Confederaci\u00f3n Brasile\u00f1a de F\u00fatbol, a ra\u00edz de las frecuentes convocatorias de Denilson para jugar con la selecci\u00f3n brasileira. El equipo b\u00e9tico descendi\u00f3 en esa campa\u00f1a a Segunda Divisi\u00f3n y Denilson fue cedido ese verano al Flamengo. Tras el incumplimiento de este equipo en los pagos acordados por la cesi\u00f3n Denilson se incorpor\u00f3 de nuevo al Betis en enero de 2001, participando en el ascenso a Primera Divisi\u00f3n.<\/p>\n<p>En sus siguientes 4 a\u00f1os en el Betis su rendimiento fue bastante irregular, alejado de la estrella que hab\u00eda deslumbrado en sus inicios en el Sao Paulo. En el verano de 2005 abandon\u00f3 el club para emprender una carrera internacional por Europa, Am\u00e9rica y Asia hasta su retirada en 2010.<\/p>\n<p>Historial<\/p>\n<p>\u00a0<\/p>\n<table width=\"296\">\n<tbody>\n<tr>\n<td width=\"80\">1994<\/td>\n<td width=\"118\">Sao Paulo<\/td>\n<td width=\"98\">Primera<\/td>\n<\/tr>\n<tr>\n<td>1995<\/td>\n<td>Sao Paulo<\/td>\n<td>Primera<\/td>\n<\/tr>\n<tr>\n<td>1996<\/td>\n<td>Sao Paulo<\/td>\n<td>Primera<\/td>\n<\/tr>\n<tr>\n<td>1997<\/td>\n<td>Sao Paulo<\/td>\n<td>Primera<\/td>\n<\/tr>\n<tr>\n<td>1998<\/td>\n<td>Sao Paulo<\/td>\n<td>Primera<\/td>\n<\/tr>\n<tr>\n<td>1998-99<\/td>\n<td>Betis<\/td>\n<td>Primera<\/td>\n<\/tr>\n<tr>\n<td>1999-00<\/td>\n<td>Betis<\/td>\n<td>Primera<\/td>\n<\/tr>\n<tr>\n<td>2000<\/td>\n<td>Flamengo<\/td>\n<td>Primera<\/td>\n<\/tr>\n<tr>\n<td>2000-01<\/td>\n<td>Betis<\/td>\n<td>Segunda<\/td>\n<\/tr>\n<tr>\n<td>2001-02<\/td>\n<td>Betis<\/td>\n<td>Primera<\/td>\n<\/tr>\n<tr>\n<td>2002-03<\/td>\n<td>Betis<\/td>\n<td>Primera<\/td>\n<\/tr>\n<tr>\n<td>2003-04<\/td>\n<td>Betis<\/td>\n<td>Primera<\/td>\n<\/tr>\n<tr>\n<td>2004-05<\/td>\n<td>Betis<\/td>\n<td>Primera<\/td>\n<\/tr>\n<tr>\n<td>2005-06<\/td>\n<td>Betis<\/td>\n<td>Primera<\/td>\n<\/tr>\n<tr>\n<td>2005-06<\/td>\n<td>Girondins<\/td>\n<td>Primera<\/td>\n<\/tr>\n<tr>\n<td>2006-07<\/td>\n<td>Al Nassr Riad<\/td>\n<td>Primera<\/td>\n<\/tr>\n<tr>\n<td>2007<\/td>\n<td>FC Dallas<\/td>\n<td>Primera<\/td>\n<\/tr>\n<tr>\n<td>2008<\/td>\n<td>Palmeiras<\/td>\n<td>Primera<\/td>\n<\/tr>\n<tr>\n<td>2009<\/td>\n<td>Itumbiara<\/td>\n<td>Primera<\/td>\n<\/tr>\n<tr>\n<td>2009<\/td>\n<td>Xi Mang Hai Phong<\/td>\n<td>Primera<\/td>\n<\/tr>\n<tr>\n<td>2009-10<\/td>\n<td>Kavala<\/td>\n<td>Primera<\/td>\n<\/tr>\n<\/tbody>\n<\/table>\n<p>En sus 7 temporadas en el Betis Denilson jug\u00f3 186 partidos de Liga marcando 13 goles, 12 de Copa haciendo 1 tanto, 9 en competiciones europeas en los que hizo 1 gol y 36 amistosos en los que marc\u00f3 7 tantos.<\/p>\n\n\n<p>Internacional A con la selecci\u00f3n de Brasil en 61 partidos, de los que en 18 ocasiones pertenec\u00eda al Betis. <\/p>\n","protected":false},"excerpt":{"rendered":"<p>Denilson de Oliveira, nacido en Diadema (Brasil) el 24 de agosto de 1977. Centrocampista ofensivo. Con 17 a\u00f1os lleg\u00f3 al primer equipo del Sao Paulo y su f\u00fatbol efectista y habilidoso le llev\u00f3 pronto a la selecci\u00f3n brasile\u00f1a con la que fue subcampe\u00f3n mundial sub 20 en 1995 y gan\u00f3 la Copa Am\u00e9rica en 1997&#8230;<\/p>\n","protected":false},"author":5,"featured_media":66031,"comment_status":"open","ping_status":"open","sticky":false,"template":"","format":"standard","meta":{"_kad_post_transparent":"","_kad_post_title":"","_kad_post_layout":"","_kad_post_sidebar_id":"","_kad_post_content_style":"","_kad_post_vertical_padding":"","_kad_post_feature":"","_kad_post_feature_position":"","_kad_post_header":false,"_kad_post_footer":false,"_kad_post_classname":"","_jetpack_memberships_contains_paid_content":false,"footnotes":"","jetpack_publicize_message":"","jetpack_publicize_feature_enabled":true,"jetpack_social_post_already_shared":true,"jetpack_social_options":{"image_generator_settings":{"template":"highway","default_image_id":0,"font":"","enabled":false},"version":2}},"categories":[893,1],"tags":[2418],"class_list":["post-66030","post","type-post","status-publish","format-standard","has-post-thumbnail","hentry","category-jugadores-temas","category-portada","tag-denilson-de-oliveira"],"jetpack_publicize_connections":[],"jetpack_featured_media_url":"https:\/\/i0.wp.com\/www.manquepierda.com\/historiarealbetis\/files\/2018\/09\/Denilson.jpg?fit=407%2C596&ssl=1","jetpack_sharing_enabled":true,"jetpack_shortlink":"https:\/\/wp.me\/p1ij08-hb0","jetpack-related-posts":[],"_links":{"self":[{"href":"https:\/\/www.manquepierda.com\/historiarealbetis\/wp-json\/wp\/v2\/posts\/66030","targetHints":{"allow":["GET"]}}],"collection":[{"href":"https:\/\/www.manquepierda.com\/historiarealbetis\/wp-json\/wp\/v2\/posts"}],"about":[{"href":"https:\/\/www.manquepierda.com\/historiarealbetis\/wp-json\/wp\/v2\/types\/post"}],"author":[{"embeddable":true,"href":"https:\/\/www.manquepierda.com\/historiarealbetis\/wp-json\/wp\/v2\/users\/5"}],"replies":[{"embeddable":true,"href":"https:\/\/www.manquepierda.com\/historiarealbetis\/wp-json\/wp\/v2\/comments?post=66030"}],"version-history":[{"count":2,"href":"https:\/\/www.manquepierda.com\/historiarealbetis\/wp-json\/wp\/v2\/posts\/66030\/revisions"}],"predecessor-version":[{"id":91433,"href":"https:\/\/www.manquepierda.com\/historiarealbetis\/wp-json\/wp\/v2\/posts\/66030\/revisions\/91433"}],"wp:featuredmedia":[{"embeddable":true,"href":"https:\/\/www.manquepierda.com\/historiarealbetis\/wp-json\/wp\/v2\/media\/66031"}],"wp:attachment":[{"href":"https:\/\/www.manquepierda.com\/historiarealbetis\/wp-json\/wp\/v2\/media?parent=66030"}],"wp:term":[{"taxonomy":"category","embeddable":true,"href":"https:\/\/www.manquepierda.com\/historiarealbetis\/wp-json\/wp\/v2\/categories?post=66030"},{"taxonomy":"post_tag","embeddable":true,"href":"https:\/\/www.manquepierda.com\/historiarealbetis\/wp-json\/wp\/v2\/tags?post=66030"}],"curies":[{"name":"wp","href":"https:\/\/api.w.org\/{rel}","templated":true}]}}