{"id":66042,"date":"2018-09-10T09:05:42","date_gmt":"2018-09-10T07:05:42","guid":{"rendered":"http:\/\/www.manquepierda.com\/historiarealbetis\/?p=66042"},"modified":"2024-09-27T18:52:38","modified_gmt":"2024-09-27T16:52:38","slug":"entrevista-jose-carlos-suarez-1983","status":"publish","type":"post","link":"https:\/\/www.manquepierda.com\/historiarealbetis\/entrevista-jose-carlos-suarez-1983\/","title":{"rendered":"Entrevista Jos\u00e9 Carlos Su\u00e1rez 1983"},"content":{"rendered":"<p><a href=\"https:\/\/i0.wp.com\/www.manquepierda.com\/historiarealbetis\/files\/2018\/09\/NENE-SUAREZ.jpg?ssl=1\"><img data-recalc-dims=\"1\" loading=\"lazy\" decoding=\"async\" class=\"aligncenter size-full wp-image-66043\" src=\"https:\/\/i0.wp.com\/www.manquepierda.com\/historiarealbetis\/files\/2018\/09\/NENE-SUAREZ.jpg?resize=285%2C400&#038;ssl=1\" alt=\"\" width=\"285\" height=\"400\" srcset=\"https:\/\/i0.wp.com\/www.manquepierda.com\/historiarealbetis\/files\/2018\/09\/NENE-SUAREZ.jpg?w=285&amp;ssl=1 285w, https:\/\/i0.wp.com\/www.manquepierda.com\/historiarealbetis\/files\/2018\/09\/NENE-SUAREZ.jpg?resize=157%2C220&amp;ssl=1 157w\" sizes=\"auto, (max-width: 285px) 100vw, 285px\" \/><\/a><\/p>\n<p>En junio de 1983 el Betis fich\u00f3 al jugador del Celta Jos\u00e9 Carlos Su\u00e1rez a cambio de 23 millones de pesetas y la participaci\u00f3n gratuita del equipo verdiblanco en el Trofeo Ciudad de Vigo en 1984.<\/p>\n<p>El Nene Su\u00e1rez, como se le conoc\u00eda por la afici\u00f3n celti\u00f1a, era el jugador m\u00e1s destacado del equipo vigu\u00e9s que esa temporada hab\u00eda descendido a Segunda Divisi\u00f3n y que opt\u00f3 por una renovaci\u00f3n de su plantilla y hacer caja con sus jugadores m\u00e1s relevantes.<\/p>\n<p>Esta entrevista publicada en El Mundo Deportivo a cargo de su corresponsal\u00a0<span style=\"color: #000000\">en Sevilla, Ricardo R\u00edos, nos pone sobre la pista de las expectativas de este fichaje, tanto para el equipo b\u00e9tico como al propio jugador<\/span><\/p>\n<p><span style=\"color: #008000\"><em>Veintitr\u00e9s millones y el compromiso de jugar el Trofeo Ciudad de Vigo en 1984, han sido las bases del primer fichaje b\u00e9tico para la pr\u00f3xima campa\u00f1a. Jos\u00e9 Carlos Su\u00e1rez, 26 a\u00f1os, vigu\u00e9s, \u201ccelti\u00f1a\u201d, licenciado en Ciencias Econ\u00f3micas por la Universidad de Santiago, es verdiblanco desde el pasado martes.<\/em><\/span><\/p>\n<p><span style=\"color: #008000\"><em>Dicen que es una perla. Y algunos le llamaban \u201cel duque de Bala\u00eddos\u201d. Ahora tratar\u00e1 de ganarse un t\u00edtulo personal a la vera de la Giralda.<\/em><\/span><\/p>\n<ul>\n<li><span style=\"color: #008000\"><em>Pues lo cierto es que usted, hasta ahora, s\u00f3lo conoci\u00f3 lo celeste<\/em><\/span><\/li>\n<li><span style=\"color: #008000\"><em>S\u00ed, siempre. He tenido como entrenador a Carmelo, a Mariano Moreno y a Pavic. Siempre mi vida futbol\u00edstica se ha desarrollado en Bala\u00eddos<\/em><\/span><\/li>\n<li><span style=\"color: #008000\"><em>F\u00fatbol y estudios. Eso es dif\u00edcil, \u00bfno?<\/em><\/span><\/li>\n<li><span style=\"color: #008000\"><em>S\u00ed, pero gracias a Dios tuve mucha fuerza de voluntad para compaginar las dos cosas. Ahora soy futbolista pero cuando lo deje ejercer\u00e9 mi carrera. Hay que tener las espaldas guardadas,<\/em><\/span><\/li>\n<li><span style=\"color: #008000\"><em>\u00bfNo le afectar\u00e1 en Sevilla la morri\u00f1a gallega?<\/em><\/span><\/li>\n<li><span style=\"color: #008000\"><em>No, no creo que me afecte. Esto de venir al Betis es para m\u00ed un reto y soy responsable para afrontarlo con todas sus consecuencias<\/em><\/span><\/li>\n<li><span style=\"color: #008000\"><em>Usted es un centrocampista que hace goles, \u00bfno?<\/em><\/span><\/li>\n<li><span style=\"color: #008000\"><em>Bueno, en Segunda Divisi\u00f3n B hice diecisiete; despu\u00e9s en Segunda quince, y esta \u00faltima temporada he marcado siete goles en Primera.<\/em><\/span><\/li>\n<li><span style=\"color: #008000\"><em>\u00bfSe considera un jugador hecho o con futuro?<\/em><\/span><\/li>\n<li><span style=\"color: #008000\"><em>Pienso que tengo que superarme a\u00fan mucho y al Betis vengo con la humildad de saber que estoy en un gran club y que habr\u00e1 que ganarse el puesto, porque hay muy buenos jugadores<\/em><\/span><\/li>\n<li><span style=\"color: #008000\"><em>\u00bfC\u00f3mo es Su\u00e1rez como futbolista?<\/em><\/span><\/li>\n<li><span style=\"color: #008000\"><em>Yo soy un centrocampista ofensivo, t\u00e9cnico dicen que tambi\u00e9n lo soy pero en el campo hay que correr; el que no corra est\u00e1 perdido. Pero lo mejor es que la afici\u00f3n b\u00e9tica me vea y me defina<\/em><\/span><\/li>\n<li><span style=\"color: #008000\"><em>\u00bfCompatible su f\u00fatbol con el de Carde\u00f1osa?<\/em><\/span><\/li>\n<li><span style=\"color: #008000\"><em>Totalmente compatible, por supuesto que s\u00ed. Es verdad que en el Celta llevaba el n\u00famero 10, que aqu\u00ed en el Betis lleva Carde\u00f1osa, pero yo jugaba siempre por la derecha mientras que Julio lo hace por la izquierda; no habr\u00e1 problemas.<\/em><\/span><\/li>\n<li><span style=\"color: #008000\"><em>Usted fue el verdugo del Betis la pasada temporada en el Benito Villamar\u00edn. \u00bfFue un \u201ccertificado\u201d?<\/em><\/span><\/li>\n<li><span style=\"color: #008000\"><em>S\u00ed, lo recuerdo. En el Villamar\u00edn marqu\u00e9 un gol, el que le vali\u00f3 al Celta los dos puntos, pues ganamos 0-1. Pero luego, en Bala\u00eddos, fui tambi\u00e9n la cruz, ya que all\u00ed fall\u00e9 un penalti que todo el mundo dice que pod\u00eda haber resultado decisivo para eludir el descenso. El Betis gan\u00f3 gracias a mi error y a Esnaola. Una vez bien y otra mal, ya ve\u2026<\/em><\/span><\/li>\n<li><span style=\"color: #008000\"><em>\u00bfDejar el Celta y venir al Betis supone un ascenso profesional?<\/em><\/span><\/li>\n<li><span style=\"color: #008000\"><em>S\u00ed, qu\u00e9 duda cabe. Yo estoy muy ilusionado con este fichaje, que se ha hecho muy r\u00e1pido y sin problemas por mi parte. Creo que el Betis es un club mucho m\u00e1s experimentado y con mayor historia que el Celta<\/em><\/span><\/li>\n<li><span style=\"color: #008000\"><em>\u00bfUn Celta que pierde a su jugador base, Su\u00e1rez?<\/em><\/span><\/li>\n<li><span style=\"color: #008000\"><em>Bueno, pienso que he quemado all\u00ed una etapa de mi vida profesional. Habl\u00e9 con Carriega, el nuevo t\u00e9cnico, y \u00e9l reconoci\u00f3 que si no iba a jugar a gusto en Segunda Divisi\u00f3n, lo mejor para todos era el cambio de aires<\/em><\/span><\/li>\n<li><span style=\"color: #008000\"><em>\u00bfPero all\u00ed Su\u00e1rez era la figura?<\/em><\/span><\/li>\n<li><span style=\"color: #008000\"><em>En Vigo me exig\u00edan m\u00e1s que a nadie, no s\u00e9 si por figura o por otras razones. En el Betis va a ser distinto y tendr\u00e9 que trabajar con humildad para ganarme el puesto.<\/em><\/span><\/li>\n<li><span style=\"color: #008000\"><em>\u00bfPor qu\u00e9 el Betis, cuando se dice que hab\u00eda otros clubs interesados por usted?<\/em><\/span><\/li>\n<li><span style=\"color: #008000\"><em>El Betis es un buen equipo con aspiraciones, tiene una gran plantilla, no voy a descubrir a jugadores como Carde\u00f1osa, Gordillo, Rinc\u00f3n, Esnaola, Canito, etc\u2026 Se hab\u00eda hablado de otros equipos, s\u00ed, de otros equipos como el Atl\u00e9tico de Madrid, el Valencia, el Sevilla, el Mallorca, pero creo que he acertado al venir al Betis y espero demostrarlo a lo largo de la temporada siendo titular. Seguro que todos quieren un t\u00edtulo el pr\u00f3ximo a\u00f1o.<\/em><\/span><\/li>\n<\/ul>\n<p><span style=\"color: #008000\"><em>El tiempo lo dir\u00e1.<\/em><\/span><\/p>\n<p>&nbsp;<\/p>\n<p>Fuente: Ricardo R\u00edos en El Mundo Deportivo 25 de junio de 1983<\/p>\n<p>&nbsp;<\/p>\n","protected":false},"excerpt":{"rendered":"<p>En junio de 1983 el Betis fich\u00f3 al jugador del Celta Jos\u00e9 Carlos Su\u00e1rez a cambio de 23 millones de pesetas y la participaci\u00f3n gratuita del equipo verdiblanco en el Trofeo Ciudad de Vigo en 1984. El Nene Su\u00e1rez, como se le conoc\u00eda por la afici\u00f3n celti\u00f1a, era el jugador m\u00e1s destacado del equipo vigu\u00e9s&#8230;<\/p>\n","protected":false},"author":5,"featured_media":66043,"comment_status":"open","ping_status":"open","sticky":false,"template":"","format":"standard","meta":{"_kad_post_transparent":"","_kad_post_title":"","_kad_post_layout":"","_kad_post_sidebar_id":"","_kad_post_content_style":"","_kad_post_vertical_padding":"","_kad_post_feature":"","_kad_post_feature_position":"","_kad_post_header":false,"_kad_post_footer":false,"_kad_post_classname":"","_jetpack_memberships_contains_paid_content":false,"footnotes":"","jetpack_publicize_message":"","jetpack_publicize_feature_enabled":true,"jetpack_social_post_already_shared":true,"jetpack_social_options":{"image_generator_settings":{"template":"highway","default_image_id":0,"font":"","enabled":false},"version":2}},"categories":[904,893,1],"tags":[4327,1085,10430],"class_list":["post-66042","post","type-post","status-publish","format-standard","has-post-thumbnail","hentry","category-1980-1989","category-jugadores-temas","category-portada","tag-4327","tag-jose-carlos-suarez","tag-ricardo-rios"],"jetpack_publicize_connections":[],"jetpack_featured_media_url":"https:\/\/i0.wp.com\/www.manquepierda.com\/historiarealbetis\/files\/2018\/09\/NENE-SUAREZ.jpg?fit=285%2C400&ssl=1","jetpack_sharing_enabled":true,"jetpack_shortlink":"https:\/\/wp.me\/p1ij08-hbc","jetpack-related-posts":[],"_links":{"self":[{"href":"https:\/\/www.manquepierda.com\/historiarealbetis\/wp-json\/wp\/v2\/posts\/66042","targetHints":{"allow":["GET"]}}],"collection":[{"href":"https:\/\/www.manquepierda.com\/historiarealbetis\/wp-json\/wp\/v2\/posts"}],"about":[{"href":"https:\/\/www.manquepierda.com\/historiarealbetis\/wp-json\/wp\/v2\/types\/post"}],"author":[{"embeddable":true,"href":"https:\/\/www.manquepierda.com\/historiarealbetis\/wp-json\/wp\/v2\/users\/5"}],"replies":[{"embeddable":true,"href":"https:\/\/www.manquepierda.com\/historiarealbetis\/wp-json\/wp\/v2\/comments?post=66042"}],"version-history":[{"count":1,"href":"https:\/\/www.manquepierda.com\/historiarealbetis\/wp-json\/wp\/v2\/posts\/66042\/revisions"}],"predecessor-version":[{"id":99783,"href":"https:\/\/www.manquepierda.com\/historiarealbetis\/wp-json\/wp\/v2\/posts\/66042\/revisions\/99783"}],"wp:featuredmedia":[{"embeddable":true,"href":"https:\/\/www.manquepierda.com\/historiarealbetis\/wp-json\/wp\/v2\/media\/66043"}],"wp:attachment":[{"href":"https:\/\/www.manquepierda.com\/historiarealbetis\/wp-json\/wp\/v2\/media?parent=66042"}],"wp:term":[{"taxonomy":"category","embeddable":true,"href":"https:\/\/www.manquepierda.com\/historiarealbetis\/wp-json\/wp\/v2\/categories?post=66042"},{"taxonomy":"post_tag","embeddable":true,"href":"https:\/\/www.manquepierda.com\/historiarealbetis\/wp-json\/wp\/v2\/tags?post=66042"}],"curies":[{"name":"wp","href":"https:\/\/api.w.org\/{rel}","templated":true}]}}