{"id":66120,"date":"2018-09-17T09:24:55","date_gmt":"2018-09-17T07:24:55","guid":{"rendered":"http:\/\/www.manquepierda.com\/historiarealbetis\/?p=66120"},"modified":"2024-09-28T23:25:01","modified_gmt":"2024-09-28T21:25:01","slug":"entrevista-fernando-fernandez-2004","status":"publish","type":"post","link":"https:\/\/www.manquepierda.com\/historiarealbetis\/entrevista-fernando-fernandez-2004\/","title":{"rendered":"Entrevista Fernando Fern\u00e1ndez 2004"},"content":{"rendered":"<p><a href=\"https:\/\/i0.wp.com\/www.manquepierda.com\/historiarealbetis\/files\/2018\/09\/Fernando-3.jpg?ssl=1\"><img data-recalc-dims=\"1\" loading=\"lazy\" decoding=\"async\" class=\"aligncenter size-full wp-image-66121\" src=\"https:\/\/i0.wp.com\/www.manquepierda.com\/historiarealbetis\/files\/2018\/09\/Fernando-3.jpg?resize=392%2C491&#038;ssl=1\" alt=\"\" width=\"392\" height=\"491\" srcset=\"https:\/\/i0.wp.com\/www.manquepierda.com\/historiarealbetis\/files\/2018\/09\/Fernando-3.jpg?w=392&amp;ssl=1 392w, https:\/\/i0.wp.com\/www.manquepierda.com\/historiarealbetis\/files\/2018\/09\/Fernando-3.jpg?resize=176%2C220&amp;ssl=1 176w\" sizes=\"auto, (max-width: 392px) 100vw, 392px\" \/><\/a><\/p>\n<p>Fernando Fern\u00e1ndez lleg\u00f3 al Betis en el verano de 2002 procedente del Real Madrid, quien lo hab\u00eda cedido en el Valladolid durante 2 temporadas y en las que hizo dos grandes campa\u00f1as como centrocampista ofensivo y con poder goleador.<\/p>\n<p>Este mismo rendimiento tuvo en su primera campa\u00f1a verdiblanca, en la que marc\u00f3 hasta 15 goles. Extra\u00f1amente en su segunda temporada dej\u00f3 de ser un fijo para el entrenador V\u00edctor Fern\u00e1ndez, y su prestaci\u00f3n deportiva se resinti\u00f3.<\/p>\n<p>Con la llegada de Lorenzo Serra al banquillo verdiblanco en el verano de 2004 Fernando volvi\u00f3 a tener la confianza necesaria y su papel en el equipo volvi\u00f3 a destacar. Esta entrevista publicada en ABC el 21 de octubre de 2004 a cargo de Eduardo Barba confirma esa impresi\u00f3n, y refleja c\u00f3mo Fernando ser\u00eda uno de los fijos en el equipo que esa temporada conquistar\u00eda el t\u00edtulo de Copa.<\/p>\n<p>&nbsp;<\/p>\n<p><span style=\"color: #008000\"><em>\u00c9l y Oliveira est\u00e1n liderando el resurgir ofensivo b\u00e9tico. Tras una temporada para olvidar, Fernando vuelve a transmitir las sensaciones de hace dos campa\u00f1as, aunque el malague\u00f1o, tan astuto como prudente, prefiere esquivar los espejos.<\/em><\/span><\/p>\n<p><span style=\"color: #008000\"><em>-Buen arranque de Liga el suyo, casi mejor que el del equipo, \u00bfno?<\/em><\/span><\/p>\n<p><span style=\"color: #008000\"><em>-No, no (sonr\u00ede), mejor que el equipo, no. No puedo negar que me siento muy contento en el plano personal, porque estoy en las alineaciones y aportando cosas, pero lo importante, aunque suene repetido, es el colectivo. Estoy bien en este inicio, pero siempre hay margen de mejor\u00eda.<\/em><\/span><\/p>\n<p><span style=\"color: #008000\"><em>-Este a\u00f1o ning\u00fan jugador quiere transmitir la m\u00e1s m\u00ednima sensaci\u00f3n de conformismo. Oliveira juega bien, marca y dice que debe aportar m\u00e1s. Usted tres cuartos de lo mismo&#8230; \u00bfQu\u00e9 pasa?<\/em><\/span><\/p>\n<p><span style=\"color: #008000\"><em>-Es que debe ser as\u00ed, sobre todo ahora que no nos han estado acompa\u00f1ando los resultados pese al buen juego y estamos en una zona inc\u00f3moda de la tabla. Por bien que lo hayamos hecho, a todos nos gustar\u00eda estar mucho m\u00e1s arriba.<\/em><\/span><\/p>\n<p><span style=\"color: #008000\"><em>-Muchos dir\u00e1n que lo suyo se ve\u00eda venir por su buen balance veraniego, \u00bfno?<\/em><\/span><\/p>\n<p><span style=\"color: #008000\"><em>-La verdad es que empec\u00e9 bien la pretemporada, y luego, pues se juega como se entrena. Como desde primera hora me encontr\u00e9 muy c\u00f3modo en los entrenamientos&#8230; Y sigo haci\u00e9ndolo, por eso creo que me est\u00e1n saliendo las cosas. El verano, desde luego, ayuda mucho a coger la forma y la confianza.<\/em><\/span><\/p>\n<p><span style=\"color: #008000\"><em>-El camino resulta similar al de hace dos a\u00f1os, cuando logr\u00f3 quince goles en su debut como b\u00e9tico.<\/em><\/span><\/p>\n<p><span style=\"color: #008000\"><em>-S\u00ed, s\u00ed, en esa l\u00ednea intento trabajar siempre. Todo es mejorable, como he dicho, pero si me respetan las lesiones espero mantener el nivel y jugar todos los partidos para poder igualar aquellas temporadas tan buenas. Todo para el servicio del equipo, claro.<\/em><\/span><\/p>\n<p><span style=\"color: #008000\"><em>-Lo que s\u00ed parece claro es que cuando tiene el respaldo de la continuidad, las respuestas concretas sobre el campo son mejores.<\/em><\/span><\/p>\n<p><span style=\"color: #008000\"><em>-Por supuesto, pero le pasa a cualquier jugador. Cuando uno goza de continuidad es m\u00e1s f\u00e1cil que rinda bien, no es lo mismo que si sales un d\u00eda a jugar un rato o juegas un partido de cada tres o cuatro; en ese caso hay m\u00e1s posibilidades de que lo hagas mal. En eso yo no soy nada especial.<\/em><\/span><\/p>\n<p><span style=\"color: #008000\"><em>-Dicen que es usted uno de los favoritos de Serra&#8230;<\/em><\/span><\/p>\n<p><span style=\"color: #008000\"><em>-Ni idea. Es evidente que cuento porque estoy participando en todos los partidos, pero yo me limito a justificarlo con el trabajo diario y con el hecho de que en los partidos estoy teniendo suerte.<\/em><\/span><\/p>\n<p><span style=\"color: #008000\"><em>-Esa continuidad que s\u00ed tuvo en su primera campa\u00f1a aqu\u00ed desapareci\u00f3 el a\u00f1o pasado. \u00bfNo le extra\u00f1\u00f3 eso despu\u00e9s de haber sido el m\u00e1ximo goleador del equipo la temporada anterior?<\/em><\/span><\/p>\n<p><span style=\"color: #008000\"><em>-Son las cosas que tiene el f\u00fatbol, en el que no hay memoria. Acabamos de vivirlo con el Madrid, al que el a\u00f1o pasado le echaban todas las flores del mundo y al que ahora su propia afici\u00f3n pita. A los jugadores este a\u00f1o les han chillado y les han dicho de todo. Es verdad que el a\u00f1o pasado yo esperaba contar desde primera hora con m\u00e1s confianza del entrenador, pero en este mundo cada temporada es distinta a la anterior. Digamos que son cuestiones t\u00e1cticas del t\u00e9cnico; preg\u00fantenle&#8230; O igual es que tampoco estuve al nivel de otros a\u00f1os, puede ser. Eso s\u00ed, no me lo esperaba de ninguna de las maneras, yo hab\u00eda sido un jugador importante la temporada anterior. Fue el lunar de mi carrera, pero de todo se aprende. Y de todos.<\/em><\/span><\/p>\n<p><span style=\"color: #008000\"><em>-\u00bfQu\u00e9 piensa cuando escucha eso de que Fernando no es nada si no hace goles?<\/em><\/span><\/p>\n<p><span style=\"color: #008000\"><em>-Nunca he compartido esa opini\u00f3n. Aporto muchas cosas en el campo aparte de los goles. Lo que pasa es que, como estuve dos a\u00f1os metiendo quince goles, pues la gente te encasilla, te cataloga como goleador. Pero ni lo soy ni tan siquiera soy delantero, aunque los jugadores ofensivos somos todos responsables de esa faceta; no van a tener que marcar los defensas o los laterales&#8230; Pero no estoy de acuerdo con esas cr\u00edticas. Yo soy centrocampista desde que era ni\u00f1o, es la zona donde m\u00e1s c\u00f3modo me encuentro. Luego, evidentemente, me adapto a las necesidades del equipo.<\/em><\/span><\/p>\n<p><span style=\"color: #008000\"><em>-La creciente competencia en su demarcaci\u00f3n debe darle a usted m\u00e1s m\u00e9rito, \u00bfno?<\/em><\/span><\/p>\n<p><span style=\"color: #008000\"><em>-No, que va. Hoy en d\u00eda hay competencia en todos los clubes, no s\u00f3lo aqu\u00ed, y sobre todo en ataque. Ahora se ha tra\u00eddo a Edu, antes a Tote&#8230; Casi todos los fichajes son de gente de arriba, y es l\u00f3gico, porque en f\u00fatbol lo m\u00e1s complicado es generar ocasiones de gol.<\/em><\/span><\/p>\n<p><span style=\"color: #008000\"><em>-Con Oliveira parece haber creado lo que se ha venido en llamar \u00absociedad\u00bb, y est\u00e1 dando resultados. Los dos goles del brasile\u00f1o son pases suyos.<\/em><\/span><\/p>\n<p><span style=\"color: #008000\"><em>-Me entiendo bien con \u00e9l, pero tambi\u00e9n con todos los que han jugado en estos tres a\u00f1os. Por mucho que digan, creo que el Betis siempre ha tenido buenos delanteros. Lo que pasa es que no hay que culpar s\u00f3lo a los delanteros cuando un equipo no hace goles, como tampoco hay que culpar s\u00f3lo a la defensa cuando se reciben.<\/em><\/span><\/p>\n<p><span style=\"color: #008000\"><em>-\u00bfC\u00f3mo ve al equipo en estos momentos?<\/em><\/span><\/p>\n<p><span style=\"color: #008000\"><em>-Seguimos creciendo. Despu\u00e9s de un mal inicio hemos mejorado, tanto atr\u00e1s como en ataque. Ahora bien, a todos los equipos les cuesta encontrar el equilibrio, que es la clave del invento.<\/em><\/span><\/p>\n<p><span style=\"color: #008000\"><em>-No debe ser f\u00e1cil cambiar mentalidad y sistema de trabajo de dos a\u00f1os con otro t\u00e9cnico, \u00bfno?<\/em><\/span><\/p>\n<p><span style=\"color: #008000\"><em>-Hay que acostumbrarse, en Espa\u00f1a no se suele mantener a un t\u00e9cnico demasiados a\u00f1os. Y cada uno tiene su estilo. \u00bfComparar? No, no. Yo no. Yo aprendo de todo el mundo.<\/em><\/span><\/p>\n<p><span style=\"color: #008000\"><em>-Al menos compare el momento del Madrid, del que usted procede, con el del Barcelona&#8230;<\/em><\/span><\/p>\n<p><span style=\"color: #008000\"><em>-El Bar\u00e7a ha empezado fuerte, pero tambi\u00e9n el a\u00f1o pasado empez\u00f3 mal y el Madrid lo hizo muy bien y sin embargo la cosa cambi\u00f3. Esto es como acaba y no lo de ahora.<\/em><\/span><\/p>\n<p><span style=\"color: #008000\"><em>-Al que le va bien es a su amigo Aranda con el Sevilla tercero en la tabla. \u00bfC\u00f3mo lo ve? \u00bfInfluye la situaci\u00f3n del eterno rival?<\/em><\/span><\/p>\n<p><span style=\"color: #008000\"><em>-A Aranda le hac\u00eda falta un buen partido. Tiene cualidades y puede demostrar muchas cosas. Lo de la clasificaci\u00f3n, pues ya sabe, la que vale es la de mayo. Nosotros trabajamos sin mirar hacia fuera, pero est\u00e1 claro que influye c\u00f3mo les vaya a ellos. La ciudad es as\u00ed, no vamos a negarlo.<\/em><\/span><\/p>\n<p><span style=\"color: #008000\"><em>-\u00bfC\u00f3mo est\u00e1 en Sevilla?<\/em><\/span><\/p>\n<p><span style=\"color: #008000\"><em>-Muy bien, es una ciudad impresionante. Y estoy cerca de M\u00e1laga, donde est\u00e1 mi familia, mi novia&#8230;<\/em><\/span><\/p>\n<p><span style=\"color: #008000\"><em>-\u00bfY no cree que se ha fomentado en los \u00faltimos a\u00f1os una rivalidad entre ambas capitales?<\/em><\/span><\/p>\n<p><span style=\"color: #008000\"><em>-Eso es cosa de pol\u00edticos, luego la gente no es as\u00ed. No hay un malague\u00f1o que dude de lo que es Sevilla como ciudad, ni un sevillano que haga lo mismo con M\u00e1laga, que es la quinta capital del pa\u00eds.<\/em><\/span><\/p>\n<p>&nbsp;<\/p>\n","protected":false},"excerpt":{"rendered":"<p>Fernando Fern\u00e1ndez lleg\u00f3 al Betis en el verano de 2002 procedente del Real Madrid, quien lo hab\u00eda cedido en el Valladolid durante 2 temporadas y en las que hizo dos grandes campa\u00f1as como centrocampista ofensivo y con poder goleador. Este mismo rendimiento tuvo en su primera campa\u00f1a verdiblanca, en la que marc\u00f3 hasta 15 goles&#8230;.<\/p>\n","protected":false},"author":5,"featured_media":66121,"comment_status":"open","ping_status":"open","sticky":false,"template":"","format":"standard","meta":{"_kad_post_transparent":"","_kad_post_title":"","_kad_post_layout":"","_kad_post_sidebar_id":"","_kad_post_content_style":"","_kad_post_vertical_padding":"","_kad_post_feature":"","_kad_post_feature_position":"","_kad_post_header":false,"_kad_post_footer":false,"_kad_post_classname":"","_jetpack_memberships_contains_paid_content":false,"footnotes":"","jetpack_publicize_message":"","jetpack_publicize_feature_enabled":true,"jetpack_social_post_already_shared":true,"jetpack_social_options":{"image_generator_settings":{"template":"highway","default_image_id":0,"font":"","enabled":false},"version":2}},"categories":[4823,893,1],"tags":[6013,5910,16773,1364],"class_list":["post-66120","post","type-post","status-publish","format-standard","has-post-thumbnail","hentry","category-2000-2009","category-jugadores-temas","category-portada","tag-6013","tag-2004-05","tag-eduardo-barba","tag-fernando-fernandez"],"jetpack_publicize_connections":[],"jetpack_featured_media_url":"https:\/\/i0.wp.com\/www.manquepierda.com\/historiarealbetis\/files\/2018\/09\/Fernando-3.jpg?fit=392%2C491&ssl=1","jetpack_sharing_enabled":true,"jetpack_shortlink":"https:\/\/wp.me\/p1ij08-hcs","jetpack-related-posts":[],"_links":{"self":[{"href":"https:\/\/www.manquepierda.com\/historiarealbetis\/wp-json\/wp\/v2\/posts\/66120","targetHints":{"allow":["GET"]}}],"collection":[{"href":"https:\/\/www.manquepierda.com\/historiarealbetis\/wp-json\/wp\/v2\/posts"}],"about":[{"href":"https:\/\/www.manquepierda.com\/historiarealbetis\/wp-json\/wp\/v2\/types\/post"}],"author":[{"embeddable":true,"href":"https:\/\/www.manquepierda.com\/historiarealbetis\/wp-json\/wp\/v2\/users\/5"}],"replies":[{"embeddable":true,"href":"https:\/\/www.manquepierda.com\/historiarealbetis\/wp-json\/wp\/v2\/comments?post=66120"}],"version-history":[{"count":1,"href":"https:\/\/www.manquepierda.com\/historiarealbetis\/wp-json\/wp\/v2\/posts\/66120\/revisions"}],"predecessor-version":[{"id":99811,"href":"https:\/\/www.manquepierda.com\/historiarealbetis\/wp-json\/wp\/v2\/posts\/66120\/revisions\/99811"}],"wp:featuredmedia":[{"embeddable":true,"href":"https:\/\/www.manquepierda.com\/historiarealbetis\/wp-json\/wp\/v2\/media\/66121"}],"wp:attachment":[{"href":"https:\/\/www.manquepierda.com\/historiarealbetis\/wp-json\/wp\/v2\/media?parent=66120"}],"wp:term":[{"taxonomy":"category","embeddable":true,"href":"https:\/\/www.manquepierda.com\/historiarealbetis\/wp-json\/wp\/v2\/categories?post=66120"},{"taxonomy":"post_tag","embeddable":true,"href":"https:\/\/www.manquepierda.com\/historiarealbetis\/wp-json\/wp\/v2\/tags?post=66120"}],"curies":[{"name":"wp","href":"https:\/\/api.w.org\/{rel}","templated":true}]}}