{"id":66203,"date":"2018-09-28T09:15:13","date_gmt":"2018-09-28T07:15:13","guid":{"rendered":"http:\/\/www.manquepierda.com\/historiarealbetis\/?p=66203"},"modified":"2024-09-13T11:47:35","modified_gmt":"2024-09-13T09:47:35","slug":"betis-leganes-liga-2000-3","status":"publish","type":"post","link":"https:\/\/www.manquepierda.com\/historiarealbetis\/betis-leganes-liga-2000-3\/","title":{"rendered":"Betis-Legan\u00e9s Liga 2000"},"content":{"rendered":"<p><a href=\"https:\/\/i0.wp.com\/www.manquepierda.com\/historiarealbetis\/files\/2018\/09\/Betis-Legan%C3%A9s-Liga-2000-Debut-de-Arzu.jpg?ssl=1\"><img data-recalc-dims=\"1\" loading=\"lazy\" decoding=\"async\" class=\"aligncenter wp-image-66204 size-medium\" src=\"https:\/\/i0.wp.com\/www.manquepierda.com\/historiarealbetis\/files\/2018\/09\/Betis-Legan%C3%A9s-Liga-2000-Debut-de-Arzu.jpg?resize=680%2C504&#038;ssl=1\" alt=\"\" width=\"680\" height=\"504\" srcset=\"https:\/\/i0.wp.com\/www.manquepierda.com\/historiarealbetis\/files\/2018\/09\/Betis-Legan%C3%A9s-Liga-2000-Debut-de-Arzu.jpg?resize=680%2C504&amp;ssl=1 680w, https:\/\/i0.wp.com\/www.manquepierda.com\/historiarealbetis\/files\/2018\/09\/Betis-Legan%C3%A9s-Liga-2000-Debut-de-Arzu.jpg?resize=220%2C163&amp;ssl=1 220w, https:\/\/i0.wp.com\/www.manquepierda.com\/historiarealbetis\/files\/2018\/09\/Betis-Legan%C3%A9s-Liga-2000-Debut-de-Arzu.jpg?resize=768%2C570&amp;ssl=1 768w, https:\/\/i0.wp.com\/www.manquepierda.com\/historiarealbetis\/files\/2018\/09\/Betis-Legan%C3%A9s-Liga-2000-Debut-de-Arzu.jpg?resize=944%2C700&amp;ssl=1 944w, https:\/\/i0.wp.com\/www.manquepierda.com\/historiarealbetis\/files\/2018\/09\/Betis-Legan%C3%A9s-Liga-2000-Debut-de-Arzu.jpg?w=2580&amp;ssl=1 2580w\" sizes=\"auto, (max-width: 680px) 100vw, 680px\" \/><\/a><\/p>\n<p>3 de diciembre del 2000\u00a0 Betis\u00a0 2\u00a0 \u00a0Legan\u00e9s 1; jornada 15 del Campeonato de Liga de Segunda Divisi\u00f3n.<\/p>\n<p>En la imagen el momento en que Arzu sustituye a Amato en el minuto 78 y que supuso el debut en partido oficial con el Betis del jugador canterano\u00a0 de 19 a\u00f1os Arturo Garc\u00eda \u00abArzu\u00bb.<\/p>\n<p>Amato y G\u00e1lvez hab\u00edan ya marcado para el Betis en los minutos 61 y 66, mientras que Pu\u00f1al acortar\u00eda distancias en el 87.<\/p>\n<p>Fernando V\u00e1zquez entrenaba al Betis y Enrique Mart\u00edn al Legan\u00e9s.<\/p>\n","protected":false},"excerpt":{"rendered":"<p>3 de diciembre del 2000\u00a0 Betis\u00a0 2\u00a0 \u00a0Legan\u00e9s 1; jornada 15 del Campeonato de Liga de Segunda Divisi\u00f3n. En la imagen el momento en que Arzu sustituye a Amato en el minuto 78 y que supuso el debut en partido oficial con el Betis del jugador canterano\u00a0 de 19 a\u00f1os Arturo Garc\u00eda \u00abArzu\u00bb. Amato y&#8230;<\/p>\n","protected":false},"author":5,"featured_media":66204,"comment_status":"open","ping_status":"open","sticky":false,"template":"","format":"standard","meta":{"_kad_post_transparent":"","_kad_post_title":"","_kad_post_layout":"","_kad_post_sidebar_id":"","_kad_post_content_style":"","_kad_post_vertical_padding":"","_kad_post_feature":"","_kad_post_feature_position":"","_kad_post_header":false,"_kad_post_footer":false,"_kad_post_classname":"","_jetpack_memberships_contains_paid_content":false,"footnotes":"","jetpack_publicize_message":"","jetpack_publicize_feature_enabled":true,"jetpack_social_post_already_shared":true,"jetpack_social_options":{"image_generator_settings":{"template":"highway","default_image_id":0,"font":"","enabled":false},"version":2}},"categories":[4823,1],"tags":[6730,2230,1341,2283,17895],"class_list":["post-66203","post","type-post","status-publish","format-standard","has-post-thumbnail","hentry","category-2000-2009","category-portada","tag-6730","tag-2000-01","tag-arturo-garcia-arzu","tag-cd-leganes","tag-liga-segunda-2000-01"],"jetpack_publicize_connections":[],"jetpack_featured_media_url":"https:\/\/i0.wp.com\/www.manquepierda.com\/historiarealbetis\/files\/2018\/09\/Betis-Legan%C3%A9s-Liga-2000-Debut-de-Arzu.jpg?fit=2659%2C1972&ssl=1","jetpack_sharing_enabled":true,"jetpack_shortlink":"https:\/\/wp.me\/p1ij08-hdN","jetpack-related-posts":[],"_links":{"self":[{"href":"https:\/\/www.manquepierda.com\/historiarealbetis\/wp-json\/wp\/v2\/posts\/66203","targetHints":{"allow":["GET"]}}],"collection":[{"href":"https:\/\/www.manquepierda.com\/historiarealbetis\/wp-json\/wp\/v2\/posts"}],"about":[{"href":"https:\/\/www.manquepierda.com\/historiarealbetis\/wp-json\/wp\/v2\/types\/post"}],"author":[{"embeddable":true,"href":"https:\/\/www.manquepierda.com\/historiarealbetis\/wp-json\/wp\/v2\/users\/5"}],"replies":[{"embeddable":true,"href":"https:\/\/www.manquepierda.com\/historiarealbetis\/wp-json\/wp\/v2\/comments?post=66203"}],"version-history":[{"count":1,"href":"https:\/\/www.manquepierda.com\/historiarealbetis\/wp-json\/wp\/v2\/posts\/66203\/revisions"}],"predecessor-version":[{"id":99164,"href":"https:\/\/www.manquepierda.com\/historiarealbetis\/wp-json\/wp\/v2\/posts\/66203\/revisions\/99164"}],"wp:featuredmedia":[{"embeddable":true,"href":"https:\/\/www.manquepierda.com\/historiarealbetis\/wp-json\/wp\/v2\/media\/66204"}],"wp:attachment":[{"href":"https:\/\/www.manquepierda.com\/historiarealbetis\/wp-json\/wp\/v2\/media?parent=66203"}],"wp:term":[{"taxonomy":"category","embeddable":true,"href":"https:\/\/www.manquepierda.com\/historiarealbetis\/wp-json\/wp\/v2\/categories?post=66203"},{"taxonomy":"post_tag","embeddable":true,"href":"https:\/\/www.manquepierda.com\/historiarealbetis\/wp-json\/wp\/v2\/tags?post=66203"}],"curies":[{"name":"wp","href":"https:\/\/api.w.org\/{rel}","templated":true}]}}