{"id":66254,"date":"2018-10-01T09:25:07","date_gmt":"2018-10-01T07:25:07","guid":{"rendered":"http:\/\/www.manquepierda.com\/historiarealbetis\/?p=66254"},"modified":"2024-11-04T18:46:56","modified_gmt":"2024-11-04T17:46:56","slug":"entrevista-juan-urena-2002","status":"publish","type":"post","link":"https:\/\/www.manquepierda.com\/historiarealbetis\/entrevista-juan-urena-2002\/","title":{"rendered":"Entrevista Juan Antonio Ure\u00f1a 2002"},"content":{"rendered":"<p><a href=\"https:\/\/i0.wp.com\/www.manquepierda.com\/historiarealbetis\/files\/2018\/09\/Juan-Ure%C3%B1a.jpg?ssl=1\"><img data-recalc-dims=\"1\" loading=\"lazy\" decoding=\"async\" class=\"aligncenter size-full wp-image-66255\" src=\"https:\/\/i0.wp.com\/www.manquepierda.com\/historiarealbetis\/files\/2018\/09\/Juan-Ure%C3%B1a.jpg?resize=341%2C429&#038;ssl=1\" alt=\"\" width=\"341\" height=\"429\" srcset=\"https:\/\/i0.wp.com\/www.manquepierda.com\/historiarealbetis\/files\/2018\/09\/Juan-Ure%C3%B1a.jpg?w=341&amp;ssl=1 341w, https:\/\/i0.wp.com\/www.manquepierda.com\/historiarealbetis\/files\/2018\/09\/Juan-Ure%C3%B1a.jpg?resize=175%2C220&amp;ssl=1 175w\" sizes=\"auto, (max-width: 341px) 100vw, 341px\" \/><\/a><\/p>\n<p>Juan Antonio Ure\u00f1a fue futbolista de la primera plantilla verdiblanca en 12 temporadas.\u00a0 Su retirada del Betis, y a su vez del f\u00fatbol profesional, se produjo en enero de 2000. Tras ella se dedic\u00f3 a los estudios de Magisterio y parec\u00eda apartado del mundo del f\u00fatbol.<\/p>\n<p>Pero en el verano de 2002 el Betis pens\u00f3 en \u00e9l como ayudante del entrenador V\u00edctor Fern\u00e1ndez, con lo que surgi\u00f3 una magn\u00edfica oportunidad de volver a su casa. Esta entrevista del periodista Eduardo Barba en ABC refleja las sensaciones de Ure\u00f1a al poco tiempo de desempe\u00f1ar su nuevo puesto.<\/p>\n<p>&nbsp;<\/p>\n<p><span style=\"color: #008000\"><em>Recalca Juan Ure\u00f1a una y otra vez antes de iniciar la conversaci\u00f3n que prefiere mantenerse en segundo plano y que no es demasiado amigo del protagonismo. Agazapado en una cong\u00e9nita modestia, el cordob\u00e9s, sin embargo, no duda ni un segundo cuando toca hacer balance de sus primeros pasos como mano derecha de V\u00edctor Fern\u00e1ndez.<\/em><\/span><\/p>\n<p><span style=\"color: #008000\"><em>&#8211;\u00a0Mis primeras sensaciones son bastante buenas. Es verdad que al principio tuve la incertidumbre de c\u00f3mo iba a responder ante un trabajo nuevo para m\u00ed, pero todo ha ayudado para que me sienta a gusto: el entrenador, que adem\u00e1s de un profesional excelente es persona buena y afable, los jugadores&#8230;<\/em><\/span><\/p>\n<p><span style=\"color: #008000\"><em>&#8211;\u00a0\u00bfCu\u00e1nto esfuerzo le ha supuesto pasar al otro lado y dirigir en vez de ser dirigido?<\/em><\/span><\/p>\n<p><span style=\"color: #008000\"><em>&#8211;\u00a0Mi mayor temor radicaba en las relaciones personales m\u00e1s que en mi capacidad profesional para hacer lo que hago. No tengo el t\u00edtulo de entrenador y no quiero ser considerado como segundo t\u00e9cnico, no pretendo hacer labores de entrenador. Mi misi\u00f3n es \u00fanica y exclusivamente ayudar, estar al lado de V\u00edctor y servir de v\u00ednculo entre \u00e9l y los futbolistas. Pero insisto, no pretendo entrenar ni dirigir, s\u00f3lo ayudar. Me preocupa mucho que eso quede claro.<\/em><\/span><\/p>\n<p><span style=\"color: #008000\"><em>&#8211;\u00a0\u00bfC\u00f3mo surge la posibilidad de ocupar este puesto?<\/em><\/span><\/p>\n<p><span style=\"color: #008000\"><em>&#8211;\u00a0Fue algo sorprendente porque hab\u00eda salido del club hac\u00eda dos a\u00f1os y entonces me llam\u00f3 el presidente, lo que me caus\u00f3 una grata sensaci\u00f3n, y me explic\u00f3 cu\u00e1les eran sus planes para m\u00ed, planes que por supuesto recib\u00ed con orgullo y mucho agradecimiento al haberse acordado de Ure\u00f1a para un puesto que est\u00e1 bastante bien y que me ha permitido estar en mi ambiente, en mi casa.<\/em><\/span><\/p>\n<p><span style=\"color: #008000\"><em>&#8211;\u00a0Pero nunca tuvo relaci\u00f3n alguna con V\u00edctor Fern\u00e1ndez, \u00bfno?<\/em><\/span><\/p>\n<p><span style=\"color: #008000\"><em>&#8211;\u00a0No, no, ninguna. Hab\u00edamos hablado una vez por otros menesteres, pero se puede decir que no nos conoc\u00edamos. Nos reunimos, me explic\u00f3 qu\u00e9 quer\u00eda de m\u00ed y me pareci\u00f3 bien.<\/em><\/span><\/p>\n<p><span style=\"color: #008000\"><em>&#8211;\u00a0Le habr\u00e1 dado ya tiempo de apuntar en su libreta algunos de los secretos de V\u00edctor&#8230;<\/em><\/span><\/p>\n<p><span style=\"color: #008000\"><em>&#8211;\u00a0Se aprende much\u00edsimo con \u00e9l, es una persona que vive mucho este mundo, un hombre que se transforma cuando est\u00e1 en un entrenamiento o un partido ya que lo sigue con enorme intensidad y es tremendamente perfeccionista. Me llama much\u00edsimo la atenci\u00f3n su dedicaci\u00f3n absoluta. Vive para esto, sufre con cada cosa, conoce a todos los jugadores que est\u00e1n en activo&#8230;<\/em><\/span><\/p>\n<p><span style=\"color: #008000\"><em>&#8211;\u00a0\u00bfColma sus aspiraciones profesionales ser ayudante del t\u00e9cnico, se ve toda la vida ejerciendo esta labor como otros entrenadores denominados \u00abde la casa\u00bb?<\/em><\/span><\/p>\n<p><span style=\"color: #008000\"><em>&#8211;\u00a0Sin duda esto es un paso adelante. \u00bfEl definitivo? \u00bfEl \u00faltimo? Es que esas cosas no me las planteo, s\u00f3lo se me pasa por la cabeza en estos momentos lo bien que estoy, nada m\u00e1s. Intentar\u00e9 sacarme el t\u00edtulo de entrenador porque me puede servir, no est\u00e1 de m\u00e1s, pero sin ninguna mira m\u00e1s all\u00e1, en serio. No puedo descartarlo, pero igual acabo mi contrato aqu\u00ed y me marcho a vender seguros. Como me pilla tan lejos&#8230;<\/em><\/span><\/p>\n<p><span style=\"color: #008000\"><em>&#8211;\u00a0Volviendo a sus funciones, \u00bfle ha creado alg\u00fan problema concreto mantener una relaci\u00f3n de mando con los que hasta hace poco eran sus compa\u00f1eros?<\/em><\/span><\/p>\n<p><span style=\"color: #008000\"><em>&#8211;\u00a0De ninguna manera pretendo hacerles ver que estoy por encima, aunque quiero que ellos sepan que mi situaci\u00f3n no es ya la de jugador. Pero puedo decir que cuando entro en el vestuario me siento igual de c\u00f3modo que cuando jugaba porque los chavales est\u00e1n respetando mi trabajo al tiempo que tienen confianza conmigo, que es fundamental. No soy un futbolista m\u00e1s, que quede claro, pero me hace feliz que mantengan cierta complicidad conmigo. Yo procuro hablar con ellos intentando no dar \u00f3rdenes, no imponer nada, no demostrar autoridad y charlar de la forma m\u00e1s natural posible. Me cuido mucho de no realizar labores que son propias de V\u00edctor.<\/em><\/span><\/p>\n<p><span style=\"color: #008000\"><em>&#8211;\u00a0\u00bfEs recomendable que el cargo que usted ocupa quede en manos de un ex jugador del club?<\/em><\/span><\/p>\n<p><span style=\"color: #008000\"><em>&#8211;\u00a0Es bueno que este puesto recaiga en alguien que conozca a los jugadores y mantenga con ellos una relaci\u00f3n fluida. Cuando hay que tratar temas delicados con los jugadores, es mejor que vaya alguien como yo porque nos entenderemos mejor ya que he estado ah\u00ed hace poco.<\/em><\/span><\/p>\n<p><span style=\"color: #008000\"><em>&#8211;\u00a0\u00bfPens\u00f3 en estos dos \u00faltimos a\u00f1os que el tren del Betis hab\u00eda pasado definitivamente?<\/em><\/span><\/p>\n<p><span style=\"color: #008000\"><em>&#8211;\u00a0Sinceramente, no. En el fondo, siempre tuve la sensaci\u00f3n de que la posibilidad de volver exist\u00eda, nunca cerr\u00e9 esa puerta.\u00a0<\/em><\/span><\/p>\n<p><span style=\"color: #008000\"><em>&#8211; \u00bfSali\u00f3 usted muy \u00abquemado\u00bb del club?<\/em><\/span><\/p>\n<p><span style=\"color: #008000\"><em>&#8211;\u00a0Mi problema fue b\u00e1sicamente que no paraba de lesionarme y cuando ya me recuper\u00e9, el entrenador de mi \u00faltimo a\u00f1o no contaba conmigo. Es inevitable pasarlo mal, desesperarse, pero me fui sin ning\u00fan tipo de rencor. Encamin\u00e9 mi vida por otros derroteros y acab\u00e9 Magisterio. Cuando me dijeron que hab\u00eda aprobado la \u00faltima asignatura me sent\u00f3 como si hubiera ganado un t\u00edtulo. Luego pens\u00e9 acabar el Educaci\u00f3n F\u00edsica, pero surgi\u00f3 esto y lo aparqu\u00e9 todo.<\/em><\/span><\/p>\n<p><span style=\"color: #008000\"><em>&#8211;\u00a0\u00bfEn alg\u00fan momento se sinti\u00f3 triste por no tener una salida m\u00e1s digna del club?<\/em><\/span><\/p>\n<p><span style=\"color: #008000\"><em>&#8211;\u00a0Nunca. No soy una persona que se entristezca con facilidad.<\/em><\/span><\/p>\n<p><span style=\"color: #008000\"><em>&#8211;\u00a0\u00bfY decepcionado?<\/em><\/span><\/p>\n<p><span style=\"color: #008000\"><em>&#8211;\u00a0Tampoco. Sal\u00ed del club y ya est\u00e1. Adem\u00e1s, el presidente me dijo que aqu\u00ed ten\u00eda mi casa para lo que quisiera y, bueno, al final volv\u00ed.<\/em><\/span><\/p>\n<p>Fuente: Eduardo Barba en ABC 10 de septiembre de 2002<\/p>\n","protected":false},"excerpt":{"rendered":"<p>Juan Antonio Ure\u00f1a fue futbolista de la primera plantilla verdiblanca en 12 temporadas.\u00a0 Su retirada del Betis, y a su vez del f\u00fatbol profesional, se produjo en enero de 2000. Tras ella se dedic\u00f3 a los estudios de Magisterio y parec\u00eda apartado del mundo del f\u00fatbol. Pero en el verano de 2002 el Betis pens\u00f3&#8230;<\/p>\n","protected":false},"author":5,"featured_media":66255,"comment_status":"open","ping_status":"open","sticky":false,"template":"","format":"standard","meta":{"_kad_post_transparent":"","_kad_post_title":"","_kad_post_layout":"","_kad_post_sidebar_id":"","_kad_post_content_style":"","_kad_post_vertical_padding":"","_kad_post_feature":"","_kad_post_feature_position":"","_kad_post_header":false,"_kad_post_footer":false,"_kad_post_classname":"","_jetpack_memberships_contains_paid_content":false,"footnotes":"","jetpack_publicize_message":"","jetpack_publicize_feature_enabled":true,"jetpack_social_post_already_shared":true,"jetpack_social_options":{"image_generator_settings":{"template":"highway","default_image_id":0,"font":"","enabled":false},"version":2}},"categories":[4823,1],"tags":[4824,4825,16773,15494],"class_list":["post-66254","post","type-post","status-publish","format-standard","has-post-thumbnail","hentry","category-2000-2009","category-portada","tag-4824","tag-2002-03","tag-eduardo-barba","tag-juan-antonio-urena"],"jetpack_publicize_connections":[],"jetpack_featured_media_url":"https:\/\/i0.wp.com\/www.manquepierda.com\/historiarealbetis\/files\/2018\/09\/Juan-Ure%C3%B1a.jpg?fit=341%2C429&ssl=1","jetpack_sharing_enabled":true,"jetpack_shortlink":"https:\/\/wp.me\/p1ij08-heC","jetpack-related-posts":[],"_links":{"self":[{"href":"https:\/\/www.manquepierda.com\/historiarealbetis\/wp-json\/wp\/v2\/posts\/66254","targetHints":{"allow":["GET"]}}],"collection":[{"href":"https:\/\/www.manquepierda.com\/historiarealbetis\/wp-json\/wp\/v2\/posts"}],"about":[{"href":"https:\/\/www.manquepierda.com\/historiarealbetis\/wp-json\/wp\/v2\/types\/post"}],"author":[{"embeddable":true,"href":"https:\/\/www.manquepierda.com\/historiarealbetis\/wp-json\/wp\/v2\/users\/5"}],"replies":[{"embeddable":true,"href":"https:\/\/www.manquepierda.com\/historiarealbetis\/wp-json\/wp\/v2\/comments?post=66254"}],"version-history":[{"count":1,"href":"https:\/\/www.manquepierda.com\/historiarealbetis\/wp-json\/wp\/v2\/posts\/66254\/revisions"}],"predecessor-version":[{"id":98602,"href":"https:\/\/www.manquepierda.com\/historiarealbetis\/wp-json\/wp\/v2\/posts\/66254\/revisions\/98602"}],"wp:featuredmedia":[{"embeddable":true,"href":"https:\/\/www.manquepierda.com\/historiarealbetis\/wp-json\/wp\/v2\/media\/66255"}],"wp:attachment":[{"href":"https:\/\/www.manquepierda.com\/historiarealbetis\/wp-json\/wp\/v2\/media?parent=66254"}],"wp:term":[{"taxonomy":"category","embeddable":true,"href":"https:\/\/www.manquepierda.com\/historiarealbetis\/wp-json\/wp\/v2\/categories?post=66254"},{"taxonomy":"post_tag","embeddable":true,"href":"https:\/\/www.manquepierda.com\/historiarealbetis\/wp-json\/wp\/v2\/tags?post=66254"}],"curies":[{"name":"wp","href":"https:\/\/api.w.org\/{rel}","templated":true}]}}