{"id":66367,"date":"2018-10-14T09:17:46","date_gmt":"2018-10-14T07:17:46","guid":{"rendered":"http:\/\/www.manquepierda.com\/historiarealbetis\/?p=66367"},"modified":"2024-08-24T17:27:38","modified_gmt":"2024-08-24T15:27:38","slug":"el-espiritu-de-victoria-del-betis-de-emilio-vara","status":"publish","type":"post","link":"https:\/\/www.manquepierda.com\/historiarealbetis\/el-espiritu-de-victoria-del-betis-de-emilio-vara\/","title":{"rendered":"El esp\u00edritu de victoria del Betis, de Emilio Vara"},"content":{"rendered":"<p><a href=\"https:\/\/i0.wp.com\/www.manquepierda.com\/historiarealbetis\/files\/2018\/10\/Alineaci%C3%B3n-Betis-Atco.-Tetu%C3%A1n-Liga-1955.jpg?ssl=1\"><img data-recalc-dims=\"1\" loading=\"lazy\" decoding=\"async\" class=\"aligncenter size-medium wp-image-66368\" src=\"https:\/\/i0.wp.com\/www.manquepierda.com\/historiarealbetis\/files\/2018\/10\/Alineaci%C3%B3n-Betis-Atco.-Tetu%C3%A1n-Liga-1955.jpg?resize=680%2C416&#038;ssl=1\" alt=\"\" width=\"680\" height=\"416\" srcset=\"https:\/\/i0.wp.com\/www.manquepierda.com\/historiarealbetis\/files\/2018\/10\/Alineaci%C3%B3n-Betis-Atco.-Tetu%C3%A1n-Liga-1955.jpg?resize=680%2C416&amp;ssl=1 680w, https:\/\/i0.wp.com\/www.manquepierda.com\/historiarealbetis\/files\/2018\/10\/Alineaci%C3%B3n-Betis-Atco.-Tetu%C3%A1n-Liga-1955.jpg?resize=220%2C135&amp;ssl=1 220w, https:\/\/i0.wp.com\/www.manquepierda.com\/historiarealbetis\/files\/2018\/10\/Alineaci%C3%B3n-Betis-Atco.-Tetu%C3%A1n-Liga-1955.jpg?resize=768%2C470&amp;ssl=1 768w, https:\/\/i0.wp.com\/www.manquepierda.com\/historiarealbetis\/files\/2018\/10\/Alineaci%C3%B3n-Betis-Atco.-Tetu%C3%A1n-Liga-1955.jpg?resize=960%2C588&amp;ssl=1 960w, https:\/\/i0.wp.com\/www.manquepierda.com\/historiarealbetis\/files\/2018\/10\/Alineaci%C3%B3n-Betis-Atco.-Tetu%C3%A1n-Liga-1955.jpg?w=1044&amp;ssl=1 1044w\" sizes=\"auto, (max-width: 680px) 100vw, 680px\" \/><\/a><\/p>\n<p>Durante gran parte de la d\u00e9cada de los a\u00f1os 50 y 60 el periodista Emilio Vara en las p\u00e1ginas del diario vespertino Sevilla coment\u00f3 y analiz\u00f3 la actualidad verdiblanca en una columna llamada Trazos. Hoy traemos un ejemplo de ello, concretamente del 8 de febrero de 1955, dos d\u00edas despu\u00e9s de que el Betis derrotase 2-1 en Heli\u00f3polis al Atl\u00e9tico Tetu\u00e1n, un partido que ya vimos <a href=\"https:\/\/www.manquepierda.com\/historiarealbetis\/40967-alineacion-betis-atletico-tetuan-liga-1955\/\"><strong>aqu\u00ed.<\/strong><\/a><\/p>\n<p>El equipo b\u00e9tico, en la temporada de su regreso a Segunda Divisi\u00f3n tras 7 a\u00f1os en Tercera, jugaba con la obligaci\u00f3n de pelear por el retorno a la Primera Divisi\u00f3n. Despu\u00e9s de unos buenos inicios en la competici\u00f3n, en los meses de diciembre de 1954 y enero de 1955 el equipo se cay\u00f3, y llegaba a este encuentro en la s\u00e9ptima posici\u00f3n de la tabla, mientras que el Atl\u00e9tico Tetu\u00e1n era segundo tras el Murcia.<\/p>\n<p>Se especul\u00f3 mucho en los d\u00edas anteriores al partido con la dimisi\u00f3n o cese del entrenador Francisco G\u00f3mez, uno de los grandes protagonistas de la historia verdiblanca tanto en su faceta de jugador, fue campe\u00f3n de Liga en 1935, como de entrenador, pues devolvi\u00f3 al Betis a Segunda Divisi\u00f3n en 1954.<\/p>\n<p>El texto de Emilio Vara nos aclara algunas de las claves del momento, como es la conversaci\u00f3n que G\u00f3mez tuvo con sus jugadores previa a un entrenamiento, y en el que el t\u00e9cnico verdiblanco plante\u00f3 su dimisi\u00f3n ante los jugadores si consideraban que \u00e9l era el problema.<\/p>\n<p>&nbsp;<\/p>\n<p><span style=\"color: #008000\"><em>Un hecho ocurri\u00f3 en el partido de Heli\u00f3polis que merece un comentario: el esp\u00edritu de victoria del Betis. Algo muy importante en estos momentos de rumores extra\u00f1os.<\/em><\/span><\/p>\n<p><span style=\"color: #008000\"><em>Se hab\u00eda dicho a\u00f1os atr\u00e1s que hab\u00eda bandos en el equipo del Betis. Y se lleg\u00f3 a decir m\u00e1s: que esa divisi\u00f3n del conjunto en grupitos era como consecuencia de ciertas declaraciones poco h\u00e1biles. Concretamente, consecuencia de unas manifestaciones que hizo G\u00f3mez sobre Villota.<\/em><\/span><\/p>\n<p><span style=\"color: #008000\"><em>Estos rumores llegaron a su punto culminante la tarde del Badajoz, al realizar el Betis el partido m\u00e1s endeble de la temporada. Como consecuencia de esa mala actuaci\u00f3n se dijo en la calle que habr\u00eda novedades en el club\u2026 y las novedades que se esperaban era la dimisi\u00f3n de G\u00f3mez, en vista de que la su situaci\u00f3n ante los jugadores, seg\u00fan el rumor, era poco c\u00f3moda.<\/em><\/span><\/p>\n<p><span style=\"color: #008000\"><em>Pero no ocurri\u00f3 nada. \u00bfPor qu\u00e9? Muy sencillo:<\/em><\/span><\/p>\n<p><span style=\"color: #008000\"><em>La pasada semana, al comenzar los entrenamientos, G\u00f3mez reuni\u00f3 a todos los jugadores en el centro del campo y les habl\u00f3. Les habl\u00f3 en ese lenguaje suyo, mezcla de catal\u00e1n y de andaluz, pero sincero, con esa sinceridad y esa honradez con que realiza todas sus cosas, y les dijo:<\/em><\/span><\/p>\n<p><span style=\"color: #008000\"><em>&#8211; Me he enterado que se comenta que est\u00e1n ustedes disgustados conmigo. Para m\u00ed antes que todo, antes que mi trabajo, est\u00e1 el Betis. Soy b\u00e9tico y quiero al Club como el que m\u00e1s. Por eso os voy a pedir un favor: si es cierto que est\u00e1n ustedes molestos conmigo y que por esa causa no da el equipo el rendimiento debido, to les ruego que me lo digan ustedes con sinceridad, con la misma sinceridad con que yo estoy hablando, y me marcho ahora mismo. Jam\u00e1s me perdonar\u00eda ser un impedimento para la buena marcha del Betis y no estoy dispuesto a serlo. As\u00ed es que ustedes tienen la palabra.<\/em><\/span><\/p>\n<p><span style=\"color: #008000\"><em>Los jugadores permanecieron en silencio unos momento, y acto seguido uno de ellos, hablando en nombre de todos, le dijo que no era cierto que estuvieran disgustados con \u00e9l. Que el equipo no rend\u00eda todo lo debido porque las cosas no sal\u00edan bien, pero no porque estuvieran molestos con su entrenador. Y le prometieron que har\u00e1n todo lo posible para mejorar sus actuaciones en los pr\u00f3ximos partidos.<\/em><\/span><\/p>\n<p><span style=\"color: #008000\"><em>Entonces G\u00f3mez, que estaba dispuesto a dimitir, decidi\u00f3 seguir en su puesto.<\/em><\/span><\/p>\n<p><span style=\"color: #008000\"><em>Con anterioridad a este hecho que me han contado, habl\u00e9 con un destacado jugador del rumor de los bandos. Y este jugador, admirado y querido por la afici\u00f3n sevillana, me refiero a Barinaga, me desminti\u00f3 rotundamente que existieran grupitos en el equipo.<\/em><\/span><\/p>\n<p><span style=\"color: #008000\"><em>Si comparamos todo esto con el rendimiento dado por el equipo el pasado domingo, llegamos a la conclusi\u00f3n de que, efectivamente, eran infundados los rumores que hab\u00edan circulado sobre el Betis. Ni hay bandos ni los jugadores le est\u00e1n haciendo la guerra a G\u00f3mez.<\/em><\/span><\/p>\n<p><span style=\"color: #008000\"><em>Porque el domingo el Betis jug\u00f3 con un esp\u00edritu de victoria admirable. Y al hablar de esp\u00edritu de victoria me refiero, concretamente, a la reacci\u00f3n que tuvo todo el equipo en el segundo tiempo, que fue magn\u00edfica. Hasta el punto que ha sido la vez que he visto luchar esta temporada a los jugadores verdiblancos con m\u00e1s deseos y m\u00e1s af\u00e1n de vencer.<\/em><\/span><\/p>\n<p><span style=\"color: #008000\"><em>En el primer tiempo las cosas salieron mal. El equipo, pr\u00e1cticamente, no daba una, siendo la iniciativa del Atl\u00e9tico de Tetu\u00e1n. Pero despu\u00e9s del descanso nos encontramos con un Betis distinto. Con un Betis que sali\u00f3 a jugar con alma, con entusiasmo, con coraje, disput\u00e1ndole la pelota al contrario con amor propio, con br\u00edos. Y este Betis que nos hizo olvidar las deficiencias del primer tiempo y que puso todo su empe\u00f1o para triunfar, mereci\u00f3 con creces su victoria y consigui\u00f3 adem\u00e1s algo tan importante como es demostrar que no hay diferencias internas.<\/em><\/span><\/p>\n<p><span style=\"color: #008000\"><em>Ahora lo que hace falta es que ese buen deseo de superaci\u00f3n y de triunfo se mantenga en las pr\u00f3ximas jornadas, porque, vencido el Atl\u00e9tico Tetu\u00e1n en Heli\u00f3polis, el Betis se encuentra todav\u00eda en condiciones de aspirar a la liguilla de ascenso.<\/em><\/span><\/p>\n<p><span style=\"color: #008000\"><em>La posibilidad de llegar a ella est\u00e1 el pr\u00f3ximo domingo en La L\u00ednea.\u00a0\u00a0\u00a0 \u00a0\u00a0\u00a0\u00a0\u00a0\u00a0<\/em><\/span><\/p>\n","protected":false},"excerpt":{"rendered":"<p>Durante gran parte de la d\u00e9cada de los a\u00f1os 50 y 60 el periodista Emilio Vara en las p\u00e1ginas del diario vespertino Sevilla coment\u00f3 y analiz\u00f3 la actualidad verdiblanca en una columna llamada Trazos. Hoy traemos un ejemplo de ello, concretamente del 8 de febrero de 1955, dos d\u00edas despu\u00e9s de que el Betis derrotase&#8230;<\/p>\n","protected":false},"author":5,"featured_media":66368,"comment_status":"open","ping_status":"open","sticky":false,"template":"","format":"standard","meta":{"_kad_post_transparent":"","_kad_post_title":"","_kad_post_layout":"","_kad_post_sidebar_id":"","_kad_post_content_style":"","_kad_post_vertical_padding":"","_kad_post_feature":"","_kad_post_feature_position":"","_kad_post_header":false,"_kad_post_footer":false,"_kad_post_classname":"","_jetpack_memberships_contains_paid_content":false,"footnotes":"","jetpack_publicize_message":"","jetpack_publicize_feature_enabled":true,"jetpack_social_post_already_shared":true,"jetpack_social_options":{"image_generator_settings":{"template":"highway","default_image_id":0,"font":"","enabled":false},"version":2}},"categories":[1,1176],"tags":[55,11764,17902],"class_list":["post-66367","post","type-post","status-publish","format-standard","has-post-thumbnail","hentry","category-portada","category-relatos-de-futbol","tag-55","tag-emilio-vara","tag-liga-segunda-1954-55"],"jetpack_publicize_connections":[],"jetpack_featured_media_url":"https:\/\/i0.wp.com\/www.manquepierda.com\/historiarealbetis\/files\/2018\/10\/Alineaci%C3%B3n-Betis-Atco.-Tetu%C3%A1n-Liga-1955.jpg?fit=1044%2C639&ssl=1","jetpack_sharing_enabled":true,"jetpack_shortlink":"https:\/\/wp.me\/p1ij08-hgr","jetpack-related-posts":[],"_links":{"self":[{"href":"https:\/\/www.manquepierda.com\/historiarealbetis\/wp-json\/wp\/v2\/posts\/66367","targetHints":{"allow":["GET"]}}],"collection":[{"href":"https:\/\/www.manquepierda.com\/historiarealbetis\/wp-json\/wp\/v2\/posts"}],"about":[{"href":"https:\/\/www.manquepierda.com\/historiarealbetis\/wp-json\/wp\/v2\/types\/post"}],"author":[{"embeddable":true,"href":"https:\/\/www.manquepierda.com\/historiarealbetis\/wp-json\/wp\/v2\/users\/5"}],"replies":[{"embeddable":true,"href":"https:\/\/www.manquepierda.com\/historiarealbetis\/wp-json\/wp\/v2\/comments?post=66367"}],"version-history":[{"count":1,"href":"https:\/\/www.manquepierda.com\/historiarealbetis\/wp-json\/wp\/v2\/posts\/66367\/revisions"}],"predecessor-version":[{"id":97784,"href":"https:\/\/www.manquepierda.com\/historiarealbetis\/wp-json\/wp\/v2\/posts\/66367\/revisions\/97784"}],"wp:featuredmedia":[{"embeddable":true,"href":"https:\/\/www.manquepierda.com\/historiarealbetis\/wp-json\/wp\/v2\/media\/66368"}],"wp:attachment":[{"href":"https:\/\/www.manquepierda.com\/historiarealbetis\/wp-json\/wp\/v2\/media?parent=66367"}],"wp:term":[{"taxonomy":"category","embeddable":true,"href":"https:\/\/www.manquepierda.com\/historiarealbetis\/wp-json\/wp\/v2\/categories?post=66367"},{"taxonomy":"post_tag","embeddable":true,"href":"https:\/\/www.manquepierda.com\/historiarealbetis\/wp-json\/wp\/v2\/tags?post=66367"}],"curies":[{"name":"wp","href":"https:\/\/api.w.org\/{rel}","templated":true}]}}