{"id":66384,"date":"2023-10-19T11:00:00","date_gmt":"2023-10-19T09:00:00","guid":{"rendered":"http:\/\/www.manquepierda.com\/historiarealbetis\/?p=66384"},"modified":"2023-09-22T20:38:26","modified_gmt":"2023-09-22T18:38:26","slug":"hoy-hace-80-anos-3","status":"publish","type":"post","link":"https:\/\/www.manquepierda.com\/historiarealbetis\/hoy-hace-80-anos-3\/","title":{"rendered":"Hoy hace 85 a\u00f1os. Nace Miguel Azc\u00e1rate."},"content":{"rendered":"<p><a href=\"https:\/\/i0.wp.com\/www.manquepierda.com\/historiarealbetis\/files\/2018\/10\/19-1938-Nace-Azc%C3%A1rate.jpg?ssl=1\"><img data-recalc-dims=\"1\" loading=\"lazy\" decoding=\"async\" class=\"aligncenter size-full wp-image-66385\" src=\"https:\/\/i0.wp.com\/www.manquepierda.com\/historiarealbetis\/files\/2018\/10\/19-1938-Nace-Azc%C3%A1rate.jpg?resize=317%2C292&#038;ssl=1\" alt=\"\" width=\"317\" height=\"292\" srcset=\"https:\/\/i0.wp.com\/www.manquepierda.com\/historiarealbetis\/files\/2018\/10\/19-1938-Nace-Azc%C3%A1rate.jpg?w=317&amp;ssl=1 317w, https:\/\/i0.wp.com\/www.manquepierda.com\/historiarealbetis\/files\/2018\/10\/19-1938-Nace-Azc%C3%A1rate.jpg?resize=220%2C203&amp;ssl=1 220w\" sizes=\"auto, (max-width: 317px) 100vw, 317px\" \/><\/a><\/p>\n<p><span style=\"color: #008000\">El 19 de octubre de 1938 nace en A\u00f1orga (Guip\u00fazcoa) Miguel Azc\u00e1rate Iceta, quien fuera jugador del Real Betis Balompi\u00e9 entre los a\u00f1os 1964 y 1970.<\/span><\/p>\n<p><span style=\"color: #008000\">Un centrocampista que cumpli\u00f3 a lo largo de sus 6 temporadas, en una dif\u00edcil etapa de la historia verdiblanca.<\/span><\/p>\n<p><span style=\"color: #008000\">Para saber m\u00e1s de su trayectoria b\u00e9tica ver <a href=\"https:\/\/www.manquepierda.com\/historiarealbetis\/miguel-azcarate\/\"><strong>aqu\u00ed.<\/strong><\/a><\/span><\/p>\n<p>&nbsp;<\/p>\n","protected":false},"excerpt":{"rendered":"<p>El 19 de octubre de 1938 nace en A\u00f1orga (Guip\u00fazcoa) Miguel Azc\u00e1rate Iceta, quien fuera jugador del Real Betis Balompi\u00e9 entre los a\u00f1os 1964 y 1970. Un centrocampista que cumpli\u00f3 a lo largo de sus 6 temporadas, en una dif\u00edcil etapa de la historia verdiblanca. Para saber m\u00e1s de su trayectoria b\u00e9tica ver aqu\u00ed. &nbsp;<\/p>\n","protected":false},"author":5,"featured_media":66385,"comment_status":"open","ping_status":"open","sticky":false,"template":"","format":"standard","meta":{"_kad_post_transparent":"","_kad_post_title":"","_kad_post_layout":"","_kad_post_sidebar_id":"","_kad_post_content_style":"","_kad_post_vertical_padding":"","_kad_post_feature":"","_kad_post_feature_position":"","_kad_post_header":false,"_kad_post_footer":false,"_kad_post_classname":"","_jetpack_memberships_contains_paid_content":false,"footnotes":"","jetpack_publicize_message":"","jetpack_publicize_feature_enabled":true,"jetpack_social_post_already_shared":true,"jetpack_social_options":{"image_generator_settings":{"template":"highway","default_image_id":0,"font":"","enabled":false},"version":2}},"categories":[899,14583,1],"tags":[1618],"class_list":["post-66384","post","type-post","status-publish","format-standard","has-post-thumbnail","hentry","category-1930-1939","category-efemerides","category-portada","tag-miguel-azcarate"],"jetpack_publicize_connections":[],"jetpack_featured_media_url":"https:\/\/i0.wp.com\/www.manquepierda.com\/historiarealbetis\/files\/2018\/10\/19-1938-Nace-Azc%C3%A1rate.jpg?fit=317%2C292&ssl=1","jetpack_sharing_enabled":true,"jetpack_shortlink":"https:\/\/wp.me\/p1ij08-hgI","jetpack-related-posts":[],"_links":{"self":[{"href":"https:\/\/www.manquepierda.com\/historiarealbetis\/wp-json\/wp\/v2\/posts\/66384","targetHints":{"allow":["GET"]}}],"collection":[{"href":"https:\/\/www.manquepierda.com\/historiarealbetis\/wp-json\/wp\/v2\/posts"}],"about":[{"href":"https:\/\/www.manquepierda.com\/historiarealbetis\/wp-json\/wp\/v2\/types\/post"}],"author":[{"embeddable":true,"href":"https:\/\/www.manquepierda.com\/historiarealbetis\/wp-json\/wp\/v2\/users\/5"}],"replies":[{"embeddable":true,"href":"https:\/\/www.manquepierda.com\/historiarealbetis\/wp-json\/wp\/v2\/comments?post=66384"}],"version-history":[{"count":2,"href":"https:\/\/www.manquepierda.com\/historiarealbetis\/wp-json\/wp\/v2\/posts\/66384\/revisions"}],"predecessor-version":[{"id":90966,"href":"https:\/\/www.manquepierda.com\/historiarealbetis\/wp-json\/wp\/v2\/posts\/66384\/revisions\/90966"}],"wp:featuredmedia":[{"embeddable":true,"href":"https:\/\/www.manquepierda.com\/historiarealbetis\/wp-json\/wp\/v2\/media\/66385"}],"wp:attachment":[{"href":"https:\/\/www.manquepierda.com\/historiarealbetis\/wp-json\/wp\/v2\/media?parent=66384"}],"wp:term":[{"taxonomy":"category","embeddable":true,"href":"https:\/\/www.manquepierda.com\/historiarealbetis\/wp-json\/wp\/v2\/categories?post=66384"},{"taxonomy":"post_tag","embeddable":true,"href":"https:\/\/www.manquepierda.com\/historiarealbetis\/wp-json\/wp\/v2\/tags?post=66384"}],"curies":[{"name":"wp","href":"https:\/\/api.w.org\/{rel}","templated":true}]}}