{"id":6640,"date":"2010-12-14T21:19:15","date_gmt":"2010-12-14T21:19:15","guid":{"rendered":"http:\/\/www.manquepierda.com\/?p=6640"},"modified":"2024-08-31T14:53:02","modified_gmt":"2024-08-31T12:53:02","slug":"betis-real-madrid-liga-1975-2","status":"publish","type":"post","link":"https:\/\/www.manquepierda.com\/historiarealbetis\/betis-real-madrid-liga-1975-2\/","title":{"rendered":"Betis-Real Madrid Liga 1975"},"content":{"rendered":"<figure id=\"attachment_6641\" aria-describedby=\"caption-attachment-6641\" style=\"width: 1025px\" class=\"wp-caption aligncenter\"><a class=\"lightbox\" title=\"1975-9-30 Betis-Real Madrid-4\" href=\"https:\/\/i0.wp.com\/www.manquepierda.com\/historiarealbetis\/files\/2010\/12\/1975-9-30-Betis-Real-Madrid-4.jpg?ssl=1\"><img data-recalc-dims=\"1\" loading=\"lazy\" decoding=\"async\" class=\"size-full wp-image-6641\" src=\"https:\/\/i0.wp.com\/www.manquepierda.com\/historiarealbetis\/files\/2010\/12\/1975-9-30-Betis-Real-Madrid-4.jpg?resize=1025%2C564&#038;ssl=1\" alt=\"\" width=\"1025\" height=\"564\" srcset=\"https:\/\/i0.wp.com\/www.manquepierda.com\/historiarealbetis\/files\/2010\/12\/1975-9-30-Betis-Real-Madrid-4.jpg?w=1464&amp;ssl=1 1464w, https:\/\/i0.wp.com\/www.manquepierda.com\/historiarealbetis\/files\/2010\/12\/1975-9-30-Betis-Real-Madrid-4.jpg?resize=300%2C164&amp;ssl=1 300w, https:\/\/i0.wp.com\/www.manquepierda.com\/historiarealbetis\/files\/2010\/12\/1975-9-30-Betis-Real-Madrid-4.jpg?resize=1024%2C563&amp;ssl=1 1024w\" sizes=\"auto, (max-width: 1025px) 100vw, 1025px\" \/><\/a><figcaption id=\"caption-attachment-6641\" class=\"wp-caption-text\">Fuente: As Color 30 de Septiembre de 1975<\/figcaption><\/figure>\n<p style=\"text-align: center\">28 de Septiembre de 1975 en el Villamar\u00edn Real Betis\u00a0 0\u00a0 Real Madrid 2 ; jornada 4 del Campeonato de Liga de Primera Divisi\u00f3n. Los goles madridistas fueron marcados por Roberto Mart\u00ednez y Sabat\u00e9 en propia puerta.<\/p>\n<p style=\"text-align: center\">En la imagen el meta b\u00e9tico Eduardo Garc\u00eda Fern\u00e1ndez despeja saltando con Antonio Biosca. A la expectativa Carlos Santillana y el b\u00e9tico\u00a0 Jos\u00e9 Cui\u00f1as.<\/p>\n<p style=\"text-align: center\">\n<p style=\"text-align: center\">\n<figure id=\"attachment_6642\" aria-describedby=\"caption-attachment-6642\" style=\"width: 265px\" class=\"wp-caption aligncenter\"><a class=\"lightbox\" title=\"1975-9-30 Betis-Real Madrid-7\" href=\"https:\/\/i0.wp.com\/www.manquepierda.com\/historiarealbetis\/files\/2010\/12\/1975-9-30-Betis-Real-Madrid-7.jpg?ssl=1\"><img data-recalc-dims=\"1\" loading=\"lazy\" decoding=\"async\" class=\"size-medium wp-image-6642\" src=\"https:\/\/i0.wp.com\/www.manquepierda.com\/wordpress\/wp-content\/uploads\/2010\/12\/1975-9-30-Betis-Real-Madrid-7-265x300.jpg?resize=265%2C300\" alt=\"Fuente: As Color 30 de Septiembre de 1975\" width=\"265\" height=\"300\" srcset=\"https:\/\/i0.wp.com\/www.manquepierda.com\/historiarealbetis\/files\/2010\/12\/1975-9-30-Betis-Real-Madrid-7.jpg?resize=265%2C300&amp;ssl=1 265w, https:\/\/i0.wp.com\/www.manquepierda.com\/historiarealbetis\/files\/2010\/12\/1975-9-30-Betis-Real-Madrid-7.jpg?w=711&amp;ssl=1 711w\" sizes=\"auto, (max-width: 265px) 100vw, 265px\" \/><\/a><figcaption id=\"caption-attachment-6642\" class=\"wp-caption-text\">Fuente: As Color 30 de Septiembre de 1975<\/figcaption><\/figure>\n<p>Remate de Celso Mendieta en pugna con Gregorio Benito; al fondo Eduardo Anzarda. En la imagen podemos apreciar detalles del Villamar\u00edn antes de la reforma del Mundial 82, como el viejo grader\u00edo de Fondo en el que daba el sol toda la tarde, con las banderas de los equipos puestas por el orden de la clasificaci\u00f3n, ese anuncio de Cruzcampo que remataba el grader\u00edo&#8230;<\/p>\n<p style=\"text-align: center\">\n<p style=\"text-align: center\">\n<figure id=\"attachment_6643\" aria-describedby=\"caption-attachment-6643\" style=\"width: 268px\" class=\"wp-caption aligncenter\"><a class=\"lightbox\" title=\"1975-9-30 Betis-Real Madrid-6\" href=\"https:\/\/i0.wp.com\/www.manquepierda.com\/historiarealbetis\/files\/2010\/12\/1975-9-30-Betis-Real-Madrid-6.jpg?ssl=1\"><img data-recalc-dims=\"1\" loading=\"lazy\" decoding=\"async\" class=\"size-medium wp-image-6643\" src=\"https:\/\/i0.wp.com\/www.manquepierda.com\/wordpress\/wp-content\/uploads\/2010\/12\/1975-9-30-Betis-Real-Madrid-6-268x300.jpg?resize=268%2C300\" alt=\"Fuente: As Color 30 de Septiembre de 1975\" width=\"268\" height=\"300\" srcset=\"https:\/\/i0.wp.com\/www.manquepierda.com\/historiarealbetis\/files\/2010\/12\/1975-9-30-Betis-Real-Madrid-6.jpg?resize=268%2C300&amp;ssl=1 268w, https:\/\/i0.wp.com\/www.manquepierda.com\/historiarealbetis\/files\/2010\/12\/1975-9-30-Betis-Real-Madrid-6.jpg?w=705&amp;ssl=1 705w\" sizes=\"auto, (max-width: 268px) 100vw, 268px\" \/><\/a><figcaption id=\"caption-attachment-6643\" class=\"wp-caption-text\">Fuente: As Color 30 de Septiembre de 1975<\/figcaption><\/figure>\n<p style=\"text-align: center\">Vicente del Bosque y Antonio Biosca. M\u00e1s detalles del viejo fondo del Villamar\u00edn: las torretas de iluminaci\u00f3n con los carteles de Anis Miura, las palmeras sobresaliendo por encima del grader\u00edo&#8230;<\/p>\n<figure id=\"attachment_6644\" aria-describedby=\"caption-attachment-6644\" style=\"width: 300px\" class=\"wp-caption aligncenter\"><a class=\"lightbox\" title=\"1975-9-30 Betis-Real Madrid-9\" href=\"https:\/\/i0.wp.com\/www.manquepierda.com\/historiarealbetis\/files\/2010\/12\/1975-9-30-Betis-Real-Madrid-9.jpg?ssl=1\"><img data-recalc-dims=\"1\" loading=\"lazy\" decoding=\"async\" class=\"size-medium wp-image-6644\" src=\"https:\/\/i0.wp.com\/www.manquepierda.com\/wordpress\/wp-content\/uploads\/2010\/12\/1975-9-30-Betis-Real-Madrid-9-300x295.jpg?resize=300%2C295\" alt=\"Fuente: As Color 30 de Septiembre de 1975\" width=\"300\" height=\"295\" srcset=\"https:\/\/i0.wp.com\/www.manquepierda.com\/historiarealbetis\/files\/2010\/12\/1975-9-30-Betis-Real-Madrid-9.jpg?resize=300%2C295&amp;ssl=1 300w, https:\/\/i0.wp.com\/www.manquepierda.com\/historiarealbetis\/files\/2010\/12\/1975-9-30-Betis-Real-Madrid-9.jpg?w=808&amp;ssl=1 808w\" sizes=\"auto, (max-width: 300px) 100vw, 300px\" \/><\/a><figcaption id=\"caption-attachment-6644\" class=\"wp-caption-text\">Fuente: As Color 30 de Septiembre de 1975<\/figcaption><\/figure>\n<p style=\"text-align: center\">S\u00e1nchez Barrios y Jaime Sabat\u00e9. Al fondo Gol Norte en su esquina con Preferencia<\/p>\n<p style=\"text-align: center\">\n<p style=\"text-align: center\">\n<figure id=\"attachment_6645\" aria-describedby=\"caption-attachment-6645\" style=\"width: 233px\" class=\"wp-caption aligncenter\"><a class=\"lightbox\" title=\"1975-9-30 Betis-Real Madrid-8(NMP)\" href=\"https:\/\/i0.wp.com\/www.manquepierda.com\/historiarealbetis\/files\/2010\/12\/1975-9-30-Betis-Real-Madrid-8NMP.jpg?ssl=1\"><img data-recalc-dims=\"1\" loading=\"lazy\" decoding=\"async\" class=\"size-medium wp-image-6645\" src=\"https:\/\/i0.wp.com\/www.manquepierda.com\/wordpress\/wp-content\/uploads\/2010\/12\/1975-9-30-Betis-Real-Madrid-8NMP-233x300.jpg?resize=233%2C300\" alt=\"Fuente: As Color 30 de Septiembre de 1975\" width=\"233\" height=\"300\" srcset=\"https:\/\/i0.wp.com\/www.manquepierda.com\/historiarealbetis\/files\/2010\/12\/1975-9-30-Betis-Real-Madrid-8NMP.jpg?resize=233%2C300&amp;ssl=1 233w, https:\/\/i0.wp.com\/www.manquepierda.com\/historiarealbetis\/files\/2010\/12\/1975-9-30-Betis-Real-Madrid-8NMP.jpg?w=616&amp;ssl=1 616w\" sizes=\"auto, (max-width: 233px) 100vw, 233px\" \/><\/a><figcaption id=\"caption-attachment-6645\" class=\"wp-caption-text\">Fuente: As Color 30 de Septiembre de 1975<\/figcaption><\/figure>\n<p>Espectacular salto de Carlos Santillana ante Jaime Sabat\u00e9<\/p>\n","protected":false},"excerpt":{"rendered":"<p>28 de Septiembre de 1975 en el Villamar\u00edn Real Betis\u00a0 0\u00a0 Real Madrid 2 ; jornada 4 del Campeonato de Liga de Primera Divisi\u00f3n. Los goles madridistas fueron marcados por Roberto Mart\u00ednez y Sabat\u00e9 en propia puerta. En la imagen el meta b\u00e9tico Eduardo Garc\u00eda Fern\u00e1ndez despeja saltando con Antonio Biosca. A la expectativa Carlos&#8230;<\/p>\n","protected":false},"author":5,"featured_media":6641,"comment_status":"open","ping_status":"open","sticky":false,"template":"","format":"standard","meta":{"_kad_post_transparent":"","_kad_post_title":"","_kad_post_layout":"","_kad_post_sidebar_id":"","_kad_post_content_style":"","_kad_post_vertical_padding":"","_kad_post_feature":"","_kad_post_feature_position":"","_kad_post_header":false,"_kad_post_footer":false,"_kad_post_classname":"","_jetpack_memberships_contains_paid_content":false,"footnotes":"","jetpack_publicize_message":"","jetpack_publicize_feature_enabled":true,"jetpack_social_post_already_shared":false,"jetpack_social_options":{"image_generator_settings":{"template":"highway","default_image_id":0,"font":"","enabled":false},"version":2}},"categories":[903],"tags":[58,2504,1157,1561,1045,1179,1567,1565,1304,1566,17866,13362,1562,1564],"class_list":["post-6640","post","type-post","status-publish","format-standard","has-post-thumbnail","hentry","category-1970-1979","tag-58","tag-1975-76","tag-antonio-biosca","tag-carlos-santillana","tag-celso-mendieta","tag-eduardo-anzarda","tag-eduardo-garcia-fernandez","tag-gregorio-benito","tag-jaume-sabate","tag-jose-cuinas","tag-liga-primera-1975-76","tag-real-madrid-cf","tag-roberto-martinez","tag-vicente-del-bosque"],"jetpack_publicize_connections":[],"jetpack_featured_media_url":"https:\/\/i0.wp.com\/www.manquepierda.com\/historiarealbetis\/files\/2010\/12\/1975-9-30-Betis-Real-Madrid-4.jpg?fit=1464%2C805&ssl=1","jetpack_sharing_enabled":true,"jetpack_shortlink":"https:\/\/wp.me\/p1ij08-1J6","jetpack-related-posts":[],"_links":{"self":[{"href":"https:\/\/www.manquepierda.com\/historiarealbetis\/wp-json\/wp\/v2\/posts\/6640","targetHints":{"allow":["GET"]}}],"collection":[{"href":"https:\/\/www.manquepierda.com\/historiarealbetis\/wp-json\/wp\/v2\/posts"}],"about":[{"href":"https:\/\/www.manquepierda.com\/historiarealbetis\/wp-json\/wp\/v2\/types\/post"}],"author":[{"embeddable":true,"href":"https:\/\/www.manquepierda.com\/historiarealbetis\/wp-json\/wp\/v2\/users\/5"}],"replies":[{"embeddable":true,"href":"https:\/\/www.manquepierda.com\/historiarealbetis\/wp-json\/wp\/v2\/comments?post=6640"}],"version-history":[{"count":1,"href":"https:\/\/www.manquepierda.com\/historiarealbetis\/wp-json\/wp\/v2\/posts\/6640\/revisions"}],"predecessor-version":[{"id":96706,"href":"https:\/\/www.manquepierda.com\/historiarealbetis\/wp-json\/wp\/v2\/posts\/6640\/revisions\/96706"}],"wp:featuredmedia":[{"embeddable":true,"href":"https:\/\/www.manquepierda.com\/historiarealbetis\/wp-json\/wp\/v2\/media\/6641"}],"wp:attachment":[{"href":"https:\/\/www.manquepierda.com\/historiarealbetis\/wp-json\/wp\/v2\/media?parent=6640"}],"wp:term":[{"taxonomy":"category","embeddable":true,"href":"https:\/\/www.manquepierda.com\/historiarealbetis\/wp-json\/wp\/v2\/categories?post=6640"},{"taxonomy":"post_tag","embeddable":true,"href":"https:\/\/www.manquepierda.com\/historiarealbetis\/wp-json\/wp\/v2\/tags?post=6640"}],"curies":[{"name":"wp","href":"https:\/\/api.w.org\/{rel}","templated":true}]}}