{"id":66566,"date":"2018-10-31T12:00:32","date_gmt":"2018-10-31T11:00:32","guid":{"rendered":"http:\/\/www.manquepierda.com\/historiarealbetis\/?p=66566"},"modified":"2026-01-27T19:03:28","modified_gmt":"2026-01-27T18:03:28","slug":"luis-fernandez","status":"publish","type":"post","link":"https:\/\/www.manquepierda.com\/historiarealbetis\/luis-fernandez\/","title":{"rendered":"Luis Fern\u00e1ndez"},"content":{"rendered":"<p><a href=\"https:\/\/i0.wp.com\/www.manquepierda.com\/historiarealbetis\/files\/2018\/10\/Luis-Fern%C3%A1ndez.jpg?ssl=1\"><img data-recalc-dims=\"1\" loading=\"lazy\" decoding=\"async\" class=\"aligncenter size-full wp-image-66567\" src=\"https:\/\/i0.wp.com\/www.manquepierda.com\/historiarealbetis\/files\/2018\/10\/Luis-Fern%C3%A1ndez.jpg?resize=361%2C534&#038;ssl=1\" alt=\"\" width=\"361\" height=\"534\" srcset=\"https:\/\/i0.wp.com\/www.manquepierda.com\/historiarealbetis\/files\/2018\/10\/Luis-Fern%C3%A1ndez.jpg?w=361&amp;ssl=1 361w, https:\/\/i0.wp.com\/www.manquepierda.com\/historiarealbetis\/files\/2018\/10\/Luis-Fern%C3%A1ndez.jpg?resize=149%2C220&amp;ssl=1 149w\" sizes=\"auto, (max-width: 361px) 100vw, 361px\" \/><\/a><\/p>\n<p><strong>Luis Fern\u00e1ndez Guti\u00e9rrez,<\/strong> nacido en Argomilla (Cantabria) el 29 de septiembre de 1972.<\/p>\n<p>Defensa.<\/p>\n<p>Tras jugar en la cantera racinguista pas\u00f3 por el Cay\u00f3n y la Gimn\u00e1stica de Torrelavega, de donde volvi\u00f3 al Racing de Santander, y con el que debut\u00f3 en Primera Divisi\u00f3n en la campa\u00f1a 1993-94.<\/p>\n<p>Tras 3 buenas temporadas en el equipo santanderino en el verano de 1996 fue fichado por el Betis a cambio de 220 millones de pesetas, el traspaso de S\u00e1nchez Jara y la cesi\u00f3n de Arp\u00f3n al cuadro racinguista.<\/p>\n<p>el 28 de julio de 1996 debut\u00f3 con el Betis en el amistoso que el equipo b\u00e9tico jug\u00f3 durante la pretemporada en los Pa\u00edses Bajos frente al ASV Zwarteschapen. Su debut en partido oficial fue el 1 de septiembre en el partido liguero inicial en el Villamar\u00edn contra el Athletic. El rendimiento en esta primera temporada estuvo condicionado por una lesi\u00f3n en el pubis, por lo que en mayo de 1997 tuvo que ser operado.<\/p>\n<p>La temporada 1998-99 s\u00ed rindi\u00f3 con bastante regularidad, pero nuevas y reiteradas lesiones dificultaron su trayectoria en las campa\u00f1as siguientes.\u00a0 A partir de 2001 s\u00ed tuvo una mayor regularidad, convirti\u00e9ndose en el titular indiscutible del lateral izquierdo verdiblanco. Fue decisiva su intervenci\u00f3n en la semifinal de Copa del 2005, cuando convirti\u00f3 el lanzamiento definitivo que dio la victoria al Betis en los lanzamientos de penaltis en San Mam\u00e9s,<\/p>\n<p>Fu tambi\u00e9n componente del equipo que gan\u00f3 el t\u00edtulo de Copa en junio de 2005 frente al Osasuna. En su \u00faltima temporada en el equipo b\u00e9tico se gan\u00f3 el derecho a renovar, pero prefiri\u00f3 volver a su tierra donde a\u00fan estuvo en activo tres temporadas m\u00e1s.<\/p>\n<p>Historial<\/p>\n<table width=\"276\">\n<tbody>\n<tr>\n<td width=\"80\">1992-93<\/td>\n<td width=\"116\">Cay\u00f3n<\/td>\n<td width=\"80\">Tercera<\/td>\n<\/tr>\n<tr>\n<td width=\"80\">1992-93<\/td>\n<td width=\"116\">Gimn\u00e1stico Torrelavega<\/td>\n<td>Segunda B<\/td>\n<\/tr>\n<tr>\n<td>1993-94<\/td>\n<td>Racing Santander<\/td>\n<td>Primera<\/td>\n<\/tr>\n<tr>\n<td>1994-95<\/td>\n<td>Racing Santander<\/td>\n<td>Primera<\/td>\n<\/tr>\n<tr>\n<td>1995-96<\/td>\n<td>Racing Santander<\/td>\n<td>Primera<\/td>\n<\/tr>\n<tr>\n<td>1996-97<\/td>\n<td>Betis<\/td>\n<td>Primera<\/td>\n<\/tr>\n<tr>\n<td>1997-98<\/td>\n<td>Betis<\/td>\n<td>Primera<\/td>\n<\/tr>\n<tr>\n<td>1998-99<\/td>\n<td>Betis<\/td>\n<td>Primera<\/td>\n<\/tr>\n<tr>\n<td>1999-00<\/td>\n<td>Betis<\/td>\n<td>Primera<\/td>\n<\/tr>\n<tr>\n<td>2000-01<\/td>\n<td>Betis<\/td>\n<td>Segunda<\/td>\n<\/tr>\n<tr>\n<td>2001-02<\/td>\n<td>Betis<\/td>\n<td>Primera<\/td>\n<\/tr>\n<tr>\n<td>2002-03<\/td>\n<td>Betis<\/td>\n<td>Primera<\/td>\n<\/tr>\n<tr>\n<td>2003-04<\/td>\n<td>Betis<\/td>\n<td>Primera<\/td>\n<\/tr>\n<tr>\n<td>2004-05<\/td>\n<td>Betis<\/td>\n<td>Primera<\/td>\n<\/tr>\n<tr>\n<td>2005-06<\/td>\n<td>Betis<\/td>\n<td>Primera<\/td>\n<\/tr>\n<tr>\n<td>2006-07<\/td>\n<td>Racing Santander<\/td>\n<td>Primera<\/td>\n<\/tr>\n<tr>\n<td>2007-08<\/td>\n<td>Racing Santander<\/td>\n<td>Primera<\/td>\n<\/tr>\n<tr>\n<td>2008-09<\/td>\n<td>Racing Santander<\/td>\n<td>Primera<\/td>\n<\/tr>\n<\/tbody>\n<\/table>\n<p>En sus 10 temporadas en el Betis Luis Fern\u00e1ndez jug\u00f3 228 partidos de Liga marcando 1 gol, 23 de Copa, 4 de la Recopa, 13 de la Copa de la Uefa, 2 de la Liga de Campeones y 82 amistosos, haciendo 11 goles.<\/p>\n\n\n<p><\/p>\n","protected":false},"excerpt":{"rendered":"<p>Luis Fern\u00e1ndez Guti\u00e9rrez, nacido en Argomilla (Cantabria) el 29 de septiembre de 1972. Defensa. Tras jugar en la cantera racinguista pas\u00f3 por el Cay\u00f3n y la Gimn\u00e1stica de Torrelavega, de donde volvi\u00f3 al Racing de Santander, y con el que debut\u00f3 en Primera Divisi\u00f3n en la campa\u00f1a 1993-94. Tras 3 buenas temporadas en el equipo&#8230;<\/p>\n","protected":false},"author":5,"featured_media":66567,"comment_status":"open","ping_status":"open","sticky":false,"template":"","format":"standard","meta":{"_kad_post_transparent":"","_kad_post_title":"","_kad_post_layout":"","_kad_post_sidebar_id":"","_kad_post_content_style":"","_kad_post_vertical_padding":"","_kad_post_feature":"","_kad_post_feature_position":"","_kad_post_header":false,"_kad_post_footer":false,"_kad_post_classname":"","_jetpack_memberships_contains_paid_content":false,"footnotes":"","jetpack_publicize_message":"","jetpack_publicize_feature_enabled":true,"jetpack_social_post_already_shared":true,"jetpack_social_options":{"image_generator_settings":{"template":"highway","default_image_id":0,"font":"","enabled":false},"version":2}},"categories":[893,1],"tags":[3495],"class_list":["post-66566","post","type-post","status-publish","format-standard","has-post-thumbnail","hentry","category-jugadores-temas","category-portada","tag-luis-fernandez"],"jetpack_publicize_connections":[],"jetpack_featured_media_url":"https:\/\/i0.wp.com\/www.manquepierda.com\/historiarealbetis\/files\/2018\/10\/Luis-Fern%C3%A1ndez.jpg?fit=361%2C534&ssl=1","jetpack_sharing_enabled":true,"jetpack_shortlink":"https:\/\/wp.me\/p1ij08-hjE","jetpack-related-posts":[],"_links":{"self":[{"href":"https:\/\/www.manquepierda.com\/historiarealbetis\/wp-json\/wp\/v2\/posts\/66566","targetHints":{"allow":["GET"]}}],"collection":[{"href":"https:\/\/www.manquepierda.com\/historiarealbetis\/wp-json\/wp\/v2\/posts"}],"about":[{"href":"https:\/\/www.manquepierda.com\/historiarealbetis\/wp-json\/wp\/v2\/types\/post"}],"author":[{"embeddable":true,"href":"https:\/\/www.manquepierda.com\/historiarealbetis\/wp-json\/wp\/v2\/users\/5"}],"replies":[{"embeddable":true,"href":"https:\/\/www.manquepierda.com\/historiarealbetis\/wp-json\/wp\/v2\/comments?post=66566"}],"version-history":[{"count":4,"href":"https:\/\/www.manquepierda.com\/historiarealbetis\/wp-json\/wp\/v2\/posts\/66566\/revisions"}],"predecessor-version":[{"id":106666,"href":"https:\/\/www.manquepierda.com\/historiarealbetis\/wp-json\/wp\/v2\/posts\/66566\/revisions\/106666"}],"wp:featuredmedia":[{"embeddable":true,"href":"https:\/\/www.manquepierda.com\/historiarealbetis\/wp-json\/wp\/v2\/media\/66567"}],"wp:attachment":[{"href":"https:\/\/www.manquepierda.com\/historiarealbetis\/wp-json\/wp\/v2\/media?parent=66566"}],"wp:term":[{"taxonomy":"category","embeddable":true,"href":"https:\/\/www.manquepierda.com\/historiarealbetis\/wp-json\/wp\/v2\/categories?post=66566"},{"taxonomy":"post_tag","embeddable":true,"href":"https:\/\/www.manquepierda.com\/historiarealbetis\/wp-json\/wp\/v2\/tags?post=66566"}],"curies":[{"name":"wp","href":"https:\/\/api.w.org\/{rel}","templated":true}]}}