{"id":66584,"date":"2018-11-03T10:09:35","date_gmt":"2018-11-03T09:09:35","guid":{"rendered":"http:\/\/www.manquepierda.com\/historiarealbetis\/?p=66584"},"modified":"2024-11-04T18:57:42","modified_gmt":"2024-11-04T17:57:42","slug":"nos-visita-el-real-club-celta-3","status":"publish","type":"post","link":"https:\/\/www.manquepierda.com\/historiarealbetis\/nos-visita-el-real-club-celta-3\/","title":{"rendered":"Nos visita el Real Club Celta"},"content":{"rendered":"<figure id=\"attachment_66585\" aria-describedby=\"caption-attachment-66585\" style=\"width: 680px\" class=\"wp-caption aligncenter\"><a href=\"https:\/\/i0.wp.com\/www.manquepierda.com\/historiarealbetis\/files\/2018\/11\/Celta-2013-14.jpg?ssl=1\"><img data-recalc-dims=\"1\" loading=\"lazy\" decoding=\"async\" class=\"size-medium wp-image-66585\" src=\"https:\/\/i0.wp.com\/www.manquepierda.com\/historiarealbetis\/files\/2018\/11\/Celta-2013-14.jpg?resize=680%2C432&#038;ssl=1\" alt=\"\" width=\"680\" height=\"432\" srcset=\"https:\/\/i0.wp.com\/www.manquepierda.com\/historiarealbetis\/files\/2018\/11\/Celta-2013-14.jpg?resize=680%2C432&amp;ssl=1 680w, https:\/\/i0.wp.com\/www.manquepierda.com\/historiarealbetis\/files\/2018\/11\/Celta-2013-14.jpg?resize=220%2C140&amp;ssl=1 220w, https:\/\/i0.wp.com\/www.manquepierda.com\/historiarealbetis\/files\/2018\/11\/Celta-2013-14.jpg?resize=768%2C488&amp;ssl=1 768w, https:\/\/i0.wp.com\/www.manquepierda.com\/historiarealbetis\/files\/2018\/11\/Celta-2013-14.jpg?w=819&amp;ssl=1 819w\" sizes=\"auto, (max-width: 680px) 100vw, 680px\" \/><\/a><figcaption id=\"caption-attachment-66585\" class=\"wp-caption-text\">El Celta en la temporada 2013-14<\/figcaption><\/figure>\n<p>Ma\u00f1ana a las 20,45 horas \u00a0recibimos en el Villamar\u00edn al Real Club Celta de Vigo, fundado en 1923 y que ha disputado 53 temporadas en Primera Divisi\u00f3n, 32 en Segunda, 1 en Segunda B y 1 en Tercera.<\/p>\n<p>La primera visita oficial del Celta a terreno b\u00e9tico fue el 30 de junio de 1929, en partido de la jornada 18 de la Liga de Segunda Divisi\u00f3n, que concluy\u00f3 con victoria local por 3 a 1.<\/p>\n<p>Han sido en total 37 los encuentros oficiales disputados, con el siguiente balance: 27 partidos en Primera Divisi\u00f3n (15 victorias del Betis, 6 empates y 6 victorias del Celta), 7 partidos en Segunda Divisi\u00f3n (5 victorias locales y 2 empates) y 3 partidos de Copa (2 victorias del Betis y 1 empate).<\/p>\n<p>En el Patronato se han disputado 2 partidos, 5 en Heli\u00f3polis, 22 en el Benito Villamar\u00edn y 8 en el Ruiz de Lopera.<\/p>\n<p>En los 37 encuentros disputados en terreno b\u00e9tico Juan Merino, en 8 ocasiones, es el jugador b\u00e9tico que m\u00e1s veces ha participado, seguido de Alfonso P\u00e9rez, Jes\u00fas Capit\u00e1n \u00abCapi\u00bb, Joaqu\u00edn S\u00e1nchez y Toni Prats, que lo hicieron en 7. El m\u00e1ximo goleador b\u00e9tico es Rub\u00e9n Castro con 3 tantos, seguido de Alfonso, Del Sol, Garc\u00eda de la Puerta, Paco Le\u00f3n, M\u00e1rquez, Jorge Molina y Rold\u00e1n con 2. Y es Lorenzo Serra, en 6 partidos quien m\u00e1s veces ha dirigido al Betis, seguido de Pepe Mel en 4 ocasiones.<\/p>\n<p>Entre los jugadores que han militado en ambos clubs podemos citar a Angel L\u00f3pez, Tom\u00e1s Azpeitia, David Belenguer, Honorato L\u00f3pez \u201cCabezo\u201d, Modesto Gonz\u00e1lez \u201cCapesto\u201d, Antonio Castellanos, Jos\u00e9 Luis Diezma, Luis Eduardo Schmidt \u201cEdu\u201d, Iriney Santos, Antonio Alvarez \u201cIto\u201d, Manuel Jim\u00e9nez, Jordi Figueras, Horacio Moyano, Tom\u00e1s Muruaga, Jorge Otero, Julio Otero, Jos\u00e9 Pineda, Jos\u00e9 Manuel Pinto, Manuel M\u00e1rquez \u201cPololo\u201d, Toni Prats, Mariano Retamar, Rodolfo Dapena, Alfredo Rojas, Eduardo Sobrado, Angel Su\u00e1rez, Jos\u00e9 Carlos Su\u00e1rez y Julio Vilari\u00f1o.<\/p>\n<p>Entre los entrenadores a Louis Hon, C\u00e9sar Rodr\u00edguez, Luis Carriega, Jos\u00e9 Luis Garc\u00eda Traid, Javier Irureta, V\u00edctor Fern\u00e1ndez y Fernando V\u00e1zquez<\/p>\n","protected":false},"excerpt":{"rendered":"<p>Ma\u00f1ana a las 20,45 horas \u00a0recibimos en el Villamar\u00edn al Real Club Celta de Vigo, fundado en 1923 y que ha disputado 53 temporadas en Primera Divisi\u00f3n, 32 en Segunda, 1 en Segunda B y 1 en Tercera. La primera visita oficial del Celta a terreno b\u00e9tico fue el 30 de junio de 1929, en&#8230;<\/p>\n","protected":false},"author":5,"featured_media":66585,"comment_status":"open","ping_status":"open","sticky":false,"template":"","format":"standard","meta":{"_kad_post_transparent":"","_kad_post_title":"","_kad_post_layout":"","_kad_post_sidebar_id":"","_kad_post_content_style":"","_kad_post_vertical_padding":"","_kad_post_feature":"","_kad_post_feature_position":"","_kad_post_header":false,"_kad_post_footer":false,"_kad_post_classname":"","_jetpack_memberships_contains_paid_content":false,"footnotes":"","jetpack_publicize_message":"","jetpack_publicize_feature_enabled":true,"jetpack_social_post_already_shared":true,"jetpack_social_options":{"image_generator_settings":{"template":"highway","default_image_id":0,"font":"","enabled":false},"version":2}},"categories":[895,1],"tags":[6863,6854,1084,1076,1330,1390,1486,1075,1607,1088,1035,3951,1053,1087,9325,1077,1085,1074,1098,1080,1079,1078,6864,16609,1391,8381,6862,1082,1581,13018,1083,1580,822,16815,1089],"class_list":["post-66584","post","type-post","status-publish","format-standard","has-post-thumbnail","hentry","category-los-rivales","category-portada","tag-alfredo-rojas","tag-angel-lopez","tag-angel-suarez","tag-antonio-alvarez-ito","tag-antonio-castellanos","tag-cesar-rodriguez","tag-david-belenguer","tag-eduardo-schmidt-edu","tag-eduardo-sobrado","tag-fernando-vazquez","tag-honorato-lopez-cabezo","tag-horacio-moyano","tag-iriney-santos","tag-javier-irureta","tag-jordi-figueras","tag-jorge-otero","tag-jose-carlos-suarez","tag-jose-luis-diezma","tag-jose-luis-garcia-traid","tag-jose-manuel-pinto","tag-jose-pineda","tag-julio-otero","tag-julio-vilarino","tag-louis-hon","tag-luis-carriega","tag-manuel-jimenez","tag-manuel-marquez-pololo","tag-mariano-retamar","tag-modesto-gonzalez-capesto","tag-real-club-celta-de-vigo","tag-rodolfo-dapena","tag-tomas-azpeitia","tag-tomas-muruaga","tag-toni-prats","tag-victor-fernandez"],"jetpack_publicize_connections":[],"jetpack_featured_media_url":"https:\/\/i0.wp.com\/www.manquepierda.com\/historiarealbetis\/files\/2018\/11\/Celta-2013-14.jpg?fit=819%2C520&ssl=1","jetpack_sharing_enabled":true,"jetpack_shortlink":"https:\/\/wp.me\/p1ij08-hjW","jetpack-related-posts":[],"_links":{"self":[{"href":"https:\/\/www.manquepierda.com\/historiarealbetis\/wp-json\/wp\/v2\/posts\/66584","targetHints":{"allow":["GET"]}}],"collection":[{"href":"https:\/\/www.manquepierda.com\/historiarealbetis\/wp-json\/wp\/v2\/posts"}],"about":[{"href":"https:\/\/www.manquepierda.com\/historiarealbetis\/wp-json\/wp\/v2\/types\/post"}],"author":[{"embeddable":true,"href":"https:\/\/www.manquepierda.com\/historiarealbetis\/wp-json\/wp\/v2\/users\/5"}],"replies":[{"embeddable":true,"href":"https:\/\/www.manquepierda.com\/historiarealbetis\/wp-json\/wp\/v2\/comments?post=66584"}],"version-history":[{"count":2,"href":"https:\/\/www.manquepierda.com\/historiarealbetis\/wp-json\/wp\/v2\/posts\/66584\/revisions"}],"predecessor-version":[{"id":100707,"href":"https:\/\/www.manquepierda.com\/historiarealbetis\/wp-json\/wp\/v2\/posts\/66584\/revisions\/100707"}],"wp:featuredmedia":[{"embeddable":true,"href":"https:\/\/www.manquepierda.com\/historiarealbetis\/wp-json\/wp\/v2\/media\/66585"}],"wp:attachment":[{"href":"https:\/\/www.manquepierda.com\/historiarealbetis\/wp-json\/wp\/v2\/media?parent=66584"}],"wp:term":[{"taxonomy":"category","embeddable":true,"href":"https:\/\/www.manquepierda.com\/historiarealbetis\/wp-json\/wp\/v2\/categories?post=66584"},{"taxonomy":"post_tag","embeddable":true,"href":"https:\/\/www.manquepierda.com\/historiarealbetis\/wp-json\/wp\/v2\/tags?post=66584"}],"curies":[{"name":"wp","href":"https:\/\/api.w.org\/{rel}","templated":true}]}}